{"id":1067,"date":"2015-12-25T22:21:07","date_gmt":"2015-12-25T22:21:07","guid":{"rendered":"http:\/\/mapati.com.br\/blog\/?p=1067"},"modified":"2015-12-25T22:21:07","modified_gmt":"2015-12-25T22:21:07","slug":"poemas-de-uma-carioca-desgarrada-xiii","status":"publish","type":"post","link":"https:\/\/mapati.com.br\/blogmapati\/poemas-de-uma-carioca-desgarrada-xiii\/","title":{"rendered":"Poemas de uma carioca desgarrada (XIII)"},"content":{"rendered":"<p>Ano de 2012? Creio que sim.<\/p>\n<p>No bojo de um projeto de integra\u00e7\u00e3o cultural, a Cia. Teatral Mapati deu uma chegada em \u00c1frica, num dos peda\u00e7os onde se fala a l\u00edngua portuguesa e se assiste a muita telenovela brasileira.<\/p>\n<p>L\u00e1, muitos de meus colegas (\u00e9 ruim que direi \u201cex-colegas\u201d; assim n\u00e3o os considero) de trabalho ajudaram a estruturar e consolidar o banco central angolano, redesenhando tra\u00e7os capitalistas (sistema bom, sistema ruim) no per\u00edodo p\u00f3s guerra civil, na qual grupos em disputa pelo comando pol\u00edtico se dilaceraram durante longo tempo, o mais das vezes a poder de minas terrestres que arrancaram pernas e bra\u00e7os e destru\u00edram muitas almas de um povo alegre e ainda sofrido.<\/p>\n<p>A hora, no entretanto, \u00e9 de poesia.<\/p>\n<p>Portanto, minha conclama\u00e7\u00e3o para que todos e todas se prestem a ler o poema abaixo. Enquanto isso, aguardaremos uma das participantes de nossa equipe t\u00e9cnica que atravessara o Atl\u00e2ntico cumprir o seu dever solene: apresentar-nos um relato, para divulga\u00e7\u00e3o neste <em>blog<\/em>, das atividades art\u00edsticas desenvolvidas em Luanda e adjac\u00eancias, acompanhado de impress\u00f5es pessoais acerca do que fora interessante e pitoresco na jornada intercontinental.<\/p>\n<p style=\"text-align: center;\"><strong><span style=\"font-family: 'trebuchet ms', geneva, sans-serif;\">\u00c0 SOTIGUI KOAYT\u00c8\u00a0<\/span><\/strong><br \/>\n<span style=\"font-family: 'trebuchet ms', geneva, sans-serif;\">\u00a0<\/span><br \/>\n<span style=\"font-family: 'trebuchet ms', geneva, sans-serif;\">Vi um Deus-Negro,<\/span><br \/>\n<span style=\"font-family: 'trebuchet ms', geneva, sans-serif;\">falava franc\u00eas!<\/span><br \/>\n<span style=\"font-family: 'trebuchet ms', geneva, sans-serif;\">\u00a0<\/span><br \/>\n<span style=\"font-family: 'trebuchet ms', geneva, sans-serif;\">Tocou-me &#8211; ele nem imagina&#8230; o quanto! &#8211;<\/span><br \/>\n<span style=\"font-family: 'trebuchet ms', geneva, sans-serif;\">delicada e irreversivelmente<\/span><br \/>\n<span style=\"font-family: 'trebuchet ms', geneva, sans-serif;\">minh&#8217;alma.<\/span><br \/>\n<span style=\"font-family: 'trebuchet ms', geneva, sans-serif;\">\u00a0<\/span><br \/>\n<span style=\"font-family: 'trebuchet ms', geneva, sans-serif;\">Duma delicadeza contundente,<\/span><br \/>\n<span style=\"font-family: 'trebuchet ms', geneva, sans-serif;\">Duma precis\u00e3o serena,<\/span><br \/>\n<span style=\"font-family: 'trebuchet ms', geneva, sans-serif;\">primal, consequente.<\/span><br \/>\n<span style=\"font-family: 'trebuchet ms', geneva, sans-serif;\">\u00a0<\/span><br \/>\n<span style=\"font-family: 'trebuchet ms', geneva, sans-serif;\">Da voz dos anjos,<\/span><br \/>\n<span style=\"font-family: 'trebuchet ms', geneva, sans-serif;\">De negritude solene.<\/span><br \/>\n<span style=\"font-family: 'trebuchet ms', geneva, sans-serif;\">\u00a0<\/span><br \/>\n<span style=\"font-family: 'trebuchet ms', geneva, sans-serif;\">Um Deus,<\/span><br \/>\n<span style=\"font-family: 'trebuchet ms', geneva, sans-serif;\">Um Rei,<\/span><br \/>\n<span style=\"font-family: 'trebuchet ms', geneva, sans-serif;\">Um Anjo?<\/span><br \/>\n<span style=\"font-family: 'trebuchet ms', geneva, sans-serif;\">N\u00e3o sei.<\/span><span style=\"font-family: 'trebuchet ms', geneva, sans-serif;\">\u00a0<\/span><\/p>\n<p style=\"text-align: center;\"><span style=\"font-family: 'trebuchet ms', geneva, sans-serif;\">Apenas que a mir\u00e1-lo fiquei&#8230;<\/span><br \/>\n<span style=\"font-family: 'trebuchet ms', geneva, sans-serif;\">plena, silenciada de vez,<\/span><br \/>\n<span style=\"font-family: 'trebuchet ms', geneva, sans-serif;\">continente, fielmente.<\/span><br \/>\n<span style=\"font-family: 'trebuchet ms', geneva, sans-serif;\">\u00a0<\/span><br \/>\n<span style=\"font-family: 'trebuchet ms', geneva, sans-serif;\">\u00a0(nORMA mARtINS\u00a0 &#8211;\u00a0 bHz, 29\/jUN\/2007)<\/span><\/p>\n<figure id=\"attachment_1078\" aria-describedby=\"caption-attachment-1078\" style=\"width: 441px\" class=\"wp-caption aligncenter\"><a href=\"http:\/\/2017.mapati.com.br\/wp-content\/uploads\/2015\/12\/carioca_desg12.jpg\" rel=\"attachment wp-att-1078\"><img fetchpriority=\"high\" decoding=\"async\" class=\" wp-image-1078\" src=\"http:\/\/2017.mapati.com.br\/wp-content\/uploads\/2015\/12\/carioca_desg12.jpg\" alt=\"http:\/\/www.redesignrevolution.com\/eco-monday-anamorphic-portraits-made-from-everyday-objects-by-bernard-pras\/\" width=\"441\" height=\"588\" srcset=\"https:\/\/mapati.com.br\/blogmapati\/wp-content\/uploads\/2015\/12\/carioca_desg12.jpg 620w, https:\/\/mapati.com.br\/blogmapati\/wp-content\/uploads\/2015\/12\/carioca_desg12-225x300.jpg 225w, https:\/\/mapati.com.br\/blogmapati\/wp-content\/uploads\/2015\/12\/carioca_desg12-200x266.jpg 200w, https:\/\/mapati.com.br\/blogmapati\/wp-content\/uploads\/2015\/12\/carioca_desg12-400x533.jpg 400w, https:\/\/mapati.com.br\/blogmapati\/wp-content\/uploads\/2015\/12\/carioca_desg12-600x799.jpg 600w\" sizes=\"(max-width: 441px) 100vw, 441px\" \/><\/a><figcaption id=\"caption-attachment-1078\" class=\"wp-caption-text\">http:\/\/www.redesignrevolution.com\/eco-monday-anamorphic-portraits-made-from-everyday-objects-by-bernard-pras\/<\/figcaption><\/figure>\n<p>&nbsp;<\/p>\n<p style=\"text-align: right;\">02 de maio de 2015<\/p>\n<p style=\"text-align: right;\">(130)<\/p>\n<p style=\"text-align: right;\"><span style=\"color: #0000ff;\"><a style=\"color: #0000ff;\" href=\"mailto:mmsmarcos1953@hotmail.com\">mmsmarcos1953@hotmail.com<\/a>\u00a0<\/span><\/p>\n","protected":false},"excerpt":{"rendered":"<p>Ano de 2012? Creio que sim. No bojo de um projeto de integra\u00e7\u00e3o cultural, a Cia. Teatral Mapati deu uma chegada em \u00c1frica, num dos peda\u00e7os onde se fala a l\u00edngua portuguesa e se assiste a muita telenovela brasileira. L\u00e1, muitos de meus colegas (\u00e9 ruim que direi \u201cex-colegas\u201d; assim n\u00e3o os considero) de trabalho ajudaram a estruturar e consolidar o banco central angolano, redesenhando tra\u00e7os capitalistas (sistema bom, sistema ruim) no per\u00edodo p\u00f3s guerra civil, na qual grupos em disputa pelo comando pol\u00edtico se dilaceraram durante longo tempo, o mais das vezes a poder de minas terrestres que arrancaram pernas e bra\u00e7os e destru\u00edram muitas almas de um povo alegre e ainda sofrido. A hora, no entretanto, \u00e9 de poesia. Portanto, minha conclama\u00e7\u00e3o para que todos e todas se prestem a ler o poema abaixo. Enquanto isso, aguardaremos uma das participantes de nossa equipe t\u00e9cnica que atravessara o Atl\u00e2ntico cumprir o seu dever solene: apresentar-nos um relato, para divulga\u00e7\u00e3o neste blog, das atividades art\u00edsticas desenvolvidas em Luanda e adjac\u00eancias, acompanhado de impress\u00f5es pessoais acerca do que fora interessante e pitoresco na jornada intercontinental. \u00c0 SOTIGUI KOAYT\u00c8\u00a0 \u00a0 Vi um Deus-Negro, falava franc\u00eas! \u00a0 Tocou-me &#8211; ele nem imagina&#8230; o quanto! &#8211; delicada e irreversivelmente minh&#8217;alma. \u00a0 Duma delicadeza contundente, Duma precis\u00e3o serena, primal, consequente. \u00a0 Da voz dos anjos, De negritude solene. \u00a0 Um Deus, Um Rei, Um Anjo? N\u00e3o sei.\u00a0 Apenas que a mir\u00e1-lo fiquei&#8230; plena, silenciada de vez, continente, fielmente. \u00a0 \u00a0(nORMA mARtINS\u00a0 &#8211;\u00a0 bHz, 29\/jUN\/2007) &nbsp; 02 de maio de 2015 (130) mmsmarcos1953@hotmail.com\u00a0<\/p>\n","protected":false},"author":1,"featured_media":0,"comment_status":"open","ping_status":"open","sticky":false,"template":"","format":"standard","meta":{"footnotes":""},"categories":[1],"tags":[],"class_list":["post-1067","post","type-post","status-publish","format-standard","hentry","category-sem-categoria"],"_links":{"self":[{"href":"https:\/\/mapati.com.br\/blogmapati\/wp-json\/wp\/v2\/posts\/1067","targetHints":{"allow":["GET"]}}],"collection":[{"href":"https:\/\/mapati.com.br\/blogmapati\/wp-json\/wp\/v2\/posts"}],"about":[{"href":"https:\/\/mapati.com.br\/blogmapati\/wp-json\/wp\/v2\/types\/post"}],"author":[{"embeddable":true,"href":"https:\/\/mapati.com.br\/blogmapati\/wp-json\/wp\/v2\/users\/1"}],"replies":[{"embeddable":true,"href":"https:\/\/mapati.com.br\/blogmapati\/wp-json\/wp\/v2\/comments?post=1067"}],"version-history":[{"count":0,"href":"https:\/\/mapati.com.br\/blogmapati\/wp-json\/wp\/v2\/posts\/1067\/revisions"}],"wp:attachment":[{"href":"https:\/\/mapati.com.br\/blogmapati\/wp-json\/wp\/v2\/media?parent=1067"}],"wp:term":[{"taxonomy":"category","embeddable":true,"href":"https:\/\/mapati.com.br\/blogmapati\/wp-json\/wp\/v2\/categories?post=1067"},{"taxonomy":"post_tag","embeddable":true,"href":"https:\/\/mapati.com.br\/blogmapati\/wp-json\/wp\/v2\/tags?post=1067"}],"curies":[{"name":"wp","href":"https:\/\/api.w.org\/{rel}","templated":true}]}}