{"id":1112,"date":"2015-12-28T14:33:41","date_gmt":"2015-12-28T14:33:41","guid":{"rendered":"http:\/\/mapati.com.br\/blog\/?p=1112"},"modified":"2015-12-28T14:33:41","modified_gmt":"2015-12-28T14:33:41","slug":"fe-amolada-faca-cega-iii","status":"publish","type":"post","link":"https:\/\/mapati.com.br\/blogmapati\/fe-amolada-faca-cega-iii\/","title":{"rendered":"F\u00e9 amolada, faca cega (III)"},"content":{"rendered":"<p style=\"padding-left: 90px;\"><span style=\"font-family: 'trebuchet ms', geneva, sans-serif;\"><em>\u201cReparem que as mulheres de bunda bonita, mesmo quando est\u00e3o de frente, est\u00e3o de costas para nossos olhos. As mulheres de frente s\u00e3o mais inquietantes, porque s\u00e3o \u2018sujeitos\u2019 omc rosto e alma. J\u00e1 as mulheres de costas aparentam um car\u00e1ter mais passivo, mais \u2018objetal\u2019, diriam os fil\u00f3sofos. O desejo pelas costas \u00e9 a defesa contra os perigos da vulva. A bunda \u00e9 est\u00e9ril; n\u00e3o inquieta como a vagina e seu mist\u00e9rio profundo.\u201d (Arnaldo Jabor)<\/em><\/span><\/p>\n<p>Fui educado para dizer \u201cbumbum\u201d e jamais \u201cbunda\u201d, que, para al\u00e9m da etimologia, apresentava fei\u00e7\u00f5es pornogr\u00e1ficas segundo a moral vigente no in\u00edcio dos anos de 1960. At\u00e9 hoje, ainda existe nesta plagas certa dificuldade para lidar com o termo, derivando-se para eufemismos, n\u00e1degas ou traseiro, esse \u00faltimo usado ad nauseam\u00a0 nas tradu\u00e7\u00f5es, livres ou n\u00e3o, de filmes americanos (vers\u00e3o brasileira Cine Castro\/Herbert Richers\/\u00c1lamo), seguido de preconceito com os que t\u00eam excesso de peso. H\u00e1 s\u00e9culos, os telespectadores ouvimos o chefe de pol\u00edcia da capital ou o xerife (com aquela estrela imensa no peito) da cidade interiorana dar o comando para o subordinado entretido com os indefect\u00edveis saquinho de batatas fritas e latinha de refrigerante: \u201cLevanta esse traseiro gordo da\u00ed e v\u00e1 \u00e0 luta, seu palerma\u201d.<\/p>\n<p>Ap\u00f3s uma finta no meu rival, com que escapo da facada, largo minha faca e acabo o duelo sem vencedor e vencido. Basta de <em>percor<\/em>.<\/p>\n<figure id=\"attachment_1113\" aria-describedby=\"caption-attachment-1113\" style=\"width: 500px\" class=\"wp-caption aligncenter\"><a href=\"http:\/\/2017.mapati.com.br\/wp-content\/uploads\/2015\/12\/Facaamolada2.jpg\" rel=\"attachment wp-att-1113\"><img fetchpriority=\"high\" decoding=\"async\" class=\"size-full wp-image-1113\" src=\"http:\/\/2017.mapati.com.br\/wp-content\/uploads\/2015\/12\/Facaamolada2.jpg\" alt=\"http:\/\/www.fotolog.com\/gunta\/10380924\/ \" width=\"500\" height=\"373\" srcset=\"https:\/\/mapati.com.br\/blogmapati\/wp-content\/uploads\/2015\/12\/Facaamolada2.jpg 500w, https:\/\/mapati.com.br\/blogmapati\/wp-content\/uploads\/2015\/12\/Facaamolada2-300x224.jpg 300w, https:\/\/mapati.com.br\/blogmapati\/wp-content\/uploads\/2015\/12\/Facaamolada2-200x149.jpg 200w, https:\/\/mapati.com.br\/blogmapati\/wp-content\/uploads\/2015\/12\/Facaamolada2-400x298.jpg 400w\" sizes=\"(max-width: 500px) 100vw, 500px\" \/><\/a><figcaption id=\"caption-attachment-1113\" class=\"wp-caption-text\"><span style=\"font-size: 8pt;\">http:\/\/www.fotolog.com\/gunta\/10380924\/<\/span><\/figcaption><\/figure>\n<p>Inflex\u00e3o. Em face de outras armadilhas sedutoras preparadas pelo Rubem Fonseca, estico um tico o \u00a0<em>A grande arte<\/em>, n\u00e3o mais \u00a0enaltecendo no livro a t\u00e9cnica de descrever o jogo do matar requintado, rigor cient\u00edfico. Opto dora em diante pelo que fulgura no mundo e, desejando na outra ponta cadeia, e cadeia brava, para estupradores, passo a reverenciar o que reverencia o escritor genial:<\/p>\n<p style=\"padding-left: 90px;\"><span style=\"font-family: 'trebuchet ms', geneva, sans-serif;\"><em>\u201c(&#8230;) M\u00f4nica tirou o quimono e come\u00e7ou a dan\u00e7ar como se tivesse um leque nas m\u00e3os. O corpo de M\u00f4nica era t\u00e3o perfeito e os seus movimentos t\u00e3o naturais que ele, deslumbrado, n\u00e3o conseguia tirar os olhos dela. As n\u00e1degas de Cila! N\u00e1degas, nates, n\u00e1tica, natura.<\/em><\/span><\/p>\n<p style=\"padding-left: 90px;\"><span style=\"font-family: 'trebuchet ms', geneva, sans-serif;\"><em>\u201c(&#8230;) Os m\u00fasculos dorsais se delineavam formando uma reentr\u00e2ncia vertical por onde corria a coluna vertebral, terminando na cissura que separava os firmes gl\u00fateos. Aquela parte do corpo podia, como nenhuma outra, representar a decad\u00eancia, a fragilidade, a fei\u00fara do corpo, ou ent\u00e3o a beleza, a energia, a fartura.<\/em><\/span><\/p>\n<p style=\"padding-left: 90px;\"><span style=\"font-family: 'trebuchet ms', geneva, sans-serif;\"><em>\u201cCom exce\u00e7\u00e3o de Cila, ele sempre encontrara, em maior ou menor quantidade, espinhas, caro\u00e7os, asperezas nos traseiros que contemplara e acariciara. Delicadamente passou a polpa dos dedos na pele morna e acetinada. Separou ternamente os dois rijos hemisf\u00e9rios musculares e admirou o rego claro, a penugem dourada iluminando o esf\u00edncter rosado. Lembrou-se do imenso campo de girass\u00f3is a desaparecer no horizonte, que vira em sua primeira viagem \u00e0 Espanha, quando ainda era adolescente. Logo, povoaram sua mente imagens de Goya, em Toledo.\u201d<\/em><\/span><\/p>\n<p><em>\u00a0<\/em><\/p>\n<p style=\"text-align: right;\"><em>\u00a0<\/em>13 de julho de 2015<\/p>\n<p style=\"text-align: right;\">(138)<\/p>\n<p style=\"text-align: right;\"><span style=\"color: #0000ff;\"><a style=\"color: #0000ff;\" href=\"mailto:mmsmarcos1953@hotmail.com\">mmsmarcos1953@hotmail.com<\/a><\/span><\/p>\n","protected":false},"excerpt":{"rendered":"<p>\u201cReparem que as mulheres de bunda bonita, mesmo quando est\u00e3o de frente, est\u00e3o de costas para nossos olhos. As mulheres de frente s\u00e3o mais inquietantes, porque s\u00e3o \u2018sujeitos\u2019 omc rosto e alma. J\u00e1 as mulheres de costas aparentam um car\u00e1ter mais passivo, mais \u2018objetal\u2019, diriam os fil\u00f3sofos. O desejo pelas costas \u00e9 a defesa contra os perigos da vulva. A bunda \u00e9 est\u00e9ril; n\u00e3o inquieta como a vagina e seu mist\u00e9rio profundo.\u201d (Arnaldo Jabor) Fui educado para dizer \u201cbumbum\u201d e jamais \u201cbunda\u201d, que, para al\u00e9m da etimologia, apresentava fei\u00e7\u00f5es pornogr\u00e1ficas segundo a moral vigente no in\u00edcio dos anos de 1960. At\u00e9 hoje, ainda existe nesta plagas certa dificuldade para lidar com o termo, derivando-se para eufemismos, n\u00e1degas ou traseiro, esse \u00faltimo usado ad nauseam\u00a0 nas tradu\u00e7\u00f5es, livres ou n\u00e3o, de filmes americanos (vers\u00e3o brasileira Cine Castro\/Herbert Richers\/\u00c1lamo), seguido de preconceito com os que t\u00eam excesso de peso. H\u00e1 s\u00e9culos, os telespectadores ouvimos o chefe de pol\u00edcia da capital ou o xerife (com aquela estrela imensa no peito) da cidade interiorana dar o comando para o subordinado entretido com os indefect\u00edveis saquinho de batatas fritas e latinha de refrigerante: \u201cLevanta esse traseiro gordo da\u00ed e v\u00e1 \u00e0 luta, seu palerma\u201d. Ap\u00f3s uma finta no meu rival, com que escapo da facada, largo minha faca e acabo o duelo sem vencedor e vencido. Basta de percor. Inflex\u00e3o. Em face de outras armadilhas sedutoras preparadas pelo Rubem Fonseca, estico um tico o \u00a0A grande arte, n\u00e3o mais \u00a0enaltecendo no livro a t\u00e9cnica de descrever o jogo do matar requintado, rigor cient\u00edfico. Opto dora em diante pelo que fulgura no mundo e, desejando na outra ponta cadeia, e cadeia brava, para estupradores, passo a reverenciar o que reverencia o escritor genial: \u201c(&#8230;) M\u00f4nica tirou o quimono e come\u00e7ou a dan\u00e7ar como se tivesse um leque nas m\u00e3os. O corpo de M\u00f4nica era t\u00e3o perfeito e os seus movimentos t\u00e3o naturais que ele, deslumbrado, n\u00e3o conseguia tirar os olhos dela. As n\u00e1degas de Cila! N\u00e1degas, nates, n\u00e1tica, natura. \u201c(&#8230;) Os m\u00fasculos dorsais se delineavam formando uma reentr\u00e2ncia vertical por onde corria a coluna vertebral, terminando na cissura que separava os firmes gl\u00fateos. Aquela parte do corpo podia, como nenhuma outra, representar a decad\u00eancia, a fragilidade, a fei\u00fara do corpo, ou ent\u00e3o a beleza, a energia, a fartura. \u201cCom exce\u00e7\u00e3o de Cila, ele sempre encontrara, em maior ou menor quantidade, espinhas, caro\u00e7os, asperezas nos traseiros que contemplara e acariciara. Delicadamente passou a polpa dos dedos na pele morna e acetinada. Separou ternamente os dois rijos hemisf\u00e9rios musculares e admirou o rego claro, a penugem dourada iluminando o esf\u00edncter rosado. Lembrou-se do imenso campo de girass\u00f3is a desaparecer no horizonte, que vira em sua primeira viagem \u00e0 Espanha, quando ainda era adolescente. Logo, povoaram sua mente imagens de Goya, em Toledo.\u201d \u00a0 \u00a013 de julho de 2015 (138) mmsmarcos1953@hotmail.com<\/p>\n","protected":false},"author":1,"featured_media":0,"comment_status":"open","ping_status":"open","sticky":false,"template":"","format":"standard","meta":{"footnotes":""},"categories":[1],"tags":[],"class_list":["post-1112","post","type-post","status-publish","format-standard","hentry","category-sem-categoria"],"_links":{"self":[{"href":"https:\/\/mapati.com.br\/blogmapati\/wp-json\/wp\/v2\/posts\/1112","targetHints":{"allow":["GET"]}}],"collection":[{"href":"https:\/\/mapati.com.br\/blogmapati\/wp-json\/wp\/v2\/posts"}],"about":[{"href":"https:\/\/mapati.com.br\/blogmapati\/wp-json\/wp\/v2\/types\/post"}],"author":[{"embeddable":true,"href":"https:\/\/mapati.com.br\/blogmapati\/wp-json\/wp\/v2\/users\/1"}],"replies":[{"embeddable":true,"href":"https:\/\/mapati.com.br\/blogmapati\/wp-json\/wp\/v2\/comments?post=1112"}],"version-history":[{"count":0,"href":"https:\/\/mapati.com.br\/blogmapati\/wp-json\/wp\/v2\/posts\/1112\/revisions"}],"wp:attachment":[{"href":"https:\/\/mapati.com.br\/blogmapati\/wp-json\/wp\/v2\/media?parent=1112"}],"wp:term":[{"taxonomy":"category","embeddable":true,"href":"https:\/\/mapati.com.br\/blogmapati\/wp-json\/wp\/v2\/categories?post=1112"},{"taxonomy":"post_tag","embeddable":true,"href":"https:\/\/mapati.com.br\/blogmapati\/wp-json\/wp\/v2\/tags?post=1112"}],"curies":[{"name":"wp","href":"https:\/\/api.w.org\/{rel}","templated":true}]}}