{"id":1251,"date":"2016-01-07T17:43:57","date_gmt":"2016-01-07T17:43:57","guid":{"rendered":"http:\/\/mapati.com.br\/blog\/?p=1251"},"modified":"2016-01-07T17:43:57","modified_gmt":"2016-01-07T17:43:57","slug":"tri-presidente-iii","status":"publish","type":"post","link":"https:\/\/mapati.com.br\/blogmapati\/tri-presidente-iii\/","title":{"rendered":"Tri-presidente (III)"},"content":{"rendered":"<p>Quantos brasileiros circularam ou, sendo mais preciso, atuaram em condi\u00e7\u00f5es oficiais no \u00e2mbito dos tr\u00eas poderes da Rep\u00fablica, integrando seus quadros de pessoal formalmente? Dif\u00edcil de estimar. Prov\u00e1vel \u00e9 que n\u00e3o tenham sido muitos. E quantos j\u00e1 colheram a oportunidade de haverem sido presidente do Judici\u00e1rio, do Legislativo e do Executivo? O <em>site<\/em> do Supremo nos ajuda na resposta:<\/p>\n<p style=\"padding-left: 90px;\"><span style=\"font-family: 'trebuchet ms', geneva, sans-serif;\"><em>\u201c<\/em><em>\u00a0(&#8230;) Exerceu a Vice-Presid\u00eancia do Supremo Tribunal Federal de 9 de dezembro de 1982 a 24 de fevereiro de 1985. Eleito em sess\u00e3o de 12 de dezembro de 1984, desempenhou as fun\u00e7\u00f5es de Presidente, no per\u00edodo de 25 de fevereiro de 1985 a 10 de mar\u00e7o de 1987. Nessa condi\u00e7\u00e3o ocupou a Presid\u00eancia da Rep\u00fablica, de 7 a 11 de julho de 1986, em substitui\u00e7\u00e3o do Presidente Jos\u00e9 Sarney. Coube-lhe, como Presidente do Supremo Tribunal Federal, declarar instalada a Assembl\u00e9ia Nacional Constituinte, em 1\u00ba de fevereiro de 1987. Ao deixar a Presid\u00eancia da Corte, passou a presidir a Primeira Turma.\u201d<\/em><\/span><\/p>\n<p>Gol, gol do Brasil, Moreira, tr\u00eas \u00e9 a camisa dele, indiv\u00edduo competente o Moreira \u2013 no bord\u00e3o do saudoso locutor esportivo Waldir Amaral.<\/p>\n<p>N\u00e3o se questione o fato de o artilheiro de 3 gols (com direito a mil m\u00fasicas) haver sido chefe de gabinete do Alfredo Buzaid, ministro da Justi\u00e7a durante uma ditadura, na medida em que nosso poeta maior ocupara o mesmo cargo, no Minist\u00e9rio da Educa\u00e7\u00e3o, tamb\u00e9m numa ditadura.<\/p>\n<p>Certo \u00e9 que, consoante visto acima, o jurisconsulto que nos honra nestas postagens (um dos melhores professores que tive) exercera a presid\u00eancia do STF, a da Rep\u00fablica \u00a0e, como que na titularidade das duas casas do povo, chefiara e conduzira, sobranceiro, a cerim\u00f4nia de abertura da hist\u00f3rica Assembleia Nacional Constituinte, cujo legado \u00e9 a bel\u00edssima Carta de 1988, criticada em seus itens da ordem econ\u00f4mica pelo batalh\u00e3o dos ortodoxos enfurecidos.<\/p>\n<figure id=\"attachment_1252\" aria-describedby=\"caption-attachment-1252\" style=\"width: 417px\" class=\"wp-caption aligncenter\"><a href=\"http:\/\/2017.mapati.com.br\/wp-content\/uploads\/2016\/01\/Tripresid_162.jpeg\" rel=\"attachment wp-att-1252\"><img fetchpriority=\"high\" decoding=\"async\" class=\"size-full wp-image-1252\" src=\"http:\/\/2017.mapati.com.br\/wp-content\/uploads\/2016\/01\/Tripresid_162.jpeg\" alt=\"http:\/\/www.conjur.com.br\/img\/b\/moreira-alves-02082012.jpeg\" width=\"417\" height=\"418\" \/><\/a><figcaption id=\"caption-attachment-1252\" class=\"wp-caption-text\"><span style=\"font-size: 8pt;\">http:\/\/www.conjur.com.br\/img\/b\/moreira-alves-02082012.jpeg<\/span><\/figcaption><\/figure>\n<p>De novo, o locutor: \u201cO rel\u00f3gio maaaarca&#8230; dez horas e trinta minutos.\u201d<\/p>\n<p>Tocou o sinal, acabou o recreio.<\/p>\n<p>Agora, sim, come\u00e7ar\u00e1 a aula do ministro Jos\u00e9 Carlos Moreira Alves.<\/p>\n<p>&nbsp;<\/p>\n<p style=\"text-align: right;\">07 de janeiro de 2016<\/p>\n<p style=\"text-align: right;\">(162)<\/p>\n<p style=\"text-align: right;\"><span style=\"color: #0000ff;\"><a style=\"color: #0000ff;\" href=\"mailto:mmsmarcos1953@hotmail.com\">mmsmarcos1953@hotmail.com<\/a><\/span><\/p>\n","protected":false},"excerpt":{"rendered":"<p>Quantos brasileiros circularam ou, sendo mais preciso, atuaram em condi\u00e7\u00f5es oficiais no \u00e2mbito dos tr\u00eas poderes da Rep\u00fablica, integrando seus quadros de pessoal formalmente? Dif\u00edcil de estimar. Prov\u00e1vel \u00e9 que n\u00e3o tenham sido muitos. E quantos j\u00e1 colheram a oportunidade de haverem sido presidente do Judici\u00e1rio, do Legislativo e do Executivo? O site do Supremo nos ajuda na resposta: \u201c\u00a0(&#8230;) Exerceu a Vice-Presid\u00eancia do Supremo Tribunal Federal de 9 de dezembro de 1982 a 24 de fevereiro de 1985. Eleito em sess\u00e3o de 12 de dezembro de 1984, desempenhou as fun\u00e7\u00f5es de Presidente, no per\u00edodo de 25 de fevereiro de 1985 a 10 de mar\u00e7o de 1987. Nessa condi\u00e7\u00e3o ocupou a Presid\u00eancia da Rep\u00fablica, de 7 a 11 de julho de 1986, em substitui\u00e7\u00e3o do Presidente Jos\u00e9 Sarney. Coube-lhe, como Presidente do Supremo Tribunal Federal, declarar instalada a Assembl\u00e9ia Nacional Constituinte, em 1\u00ba de fevereiro de 1987. Ao deixar a Presid\u00eancia da Corte, passou a presidir a Primeira Turma.\u201d Gol, gol do Brasil, Moreira, tr\u00eas \u00e9 a camisa dele, indiv\u00edduo competente o Moreira \u2013 no bord\u00e3o do saudoso locutor esportivo Waldir Amaral. N\u00e3o se questione o fato de o artilheiro de 3 gols (com direito a mil m\u00fasicas) haver sido chefe de gabinete do Alfredo Buzaid, ministro da Justi\u00e7a durante uma ditadura, na medida em que nosso poeta maior ocupara o mesmo cargo, no Minist\u00e9rio da Educa\u00e7\u00e3o, tamb\u00e9m numa ditadura. Certo \u00e9 que, consoante visto acima, o jurisconsulto que nos honra nestas postagens (um dos melhores professores que tive) exercera a presid\u00eancia do STF, a da Rep\u00fablica \u00a0e, como que na titularidade das duas casas do povo, chefiara e conduzira, sobranceiro, a cerim\u00f4nia de abertura da hist\u00f3rica Assembleia Nacional Constituinte, cujo legado \u00e9 a bel\u00edssima Carta de 1988, criticada em seus itens da ordem econ\u00f4mica pelo batalh\u00e3o dos ortodoxos enfurecidos. De novo, o locutor: \u201cO rel\u00f3gio maaaarca&#8230; dez horas e trinta minutos.\u201d Tocou o sinal, acabou o recreio. Agora, sim, come\u00e7ar\u00e1 a aula do ministro Jos\u00e9 Carlos Moreira Alves. &nbsp; 07 de janeiro de 2016 (162) mmsmarcos1953@hotmail.com<\/p>\n","protected":false},"author":1,"featured_media":0,"comment_status":"open","ping_status":"open","sticky":false,"template":"","format":"standard","meta":{"footnotes":""},"categories":[1],"tags":[],"class_list":["post-1251","post","type-post","status-publish","format-standard","hentry","category-sem-categoria"],"_links":{"self":[{"href":"https:\/\/mapati.com.br\/blogmapati\/wp-json\/wp\/v2\/posts\/1251","targetHints":{"allow":["GET"]}}],"collection":[{"href":"https:\/\/mapati.com.br\/blogmapati\/wp-json\/wp\/v2\/posts"}],"about":[{"href":"https:\/\/mapati.com.br\/blogmapati\/wp-json\/wp\/v2\/types\/post"}],"author":[{"embeddable":true,"href":"https:\/\/mapati.com.br\/blogmapati\/wp-json\/wp\/v2\/users\/1"}],"replies":[{"embeddable":true,"href":"https:\/\/mapati.com.br\/blogmapati\/wp-json\/wp\/v2\/comments?post=1251"}],"version-history":[{"count":0,"href":"https:\/\/mapati.com.br\/blogmapati\/wp-json\/wp\/v2\/posts\/1251\/revisions"}],"wp:attachment":[{"href":"https:\/\/mapati.com.br\/blogmapati\/wp-json\/wp\/v2\/media?parent=1251"}],"wp:term":[{"taxonomy":"category","embeddable":true,"href":"https:\/\/mapati.com.br\/blogmapati\/wp-json\/wp\/v2\/categories?post=1251"},{"taxonomy":"post_tag","embeddable":true,"href":"https:\/\/mapati.com.br\/blogmapati\/wp-json\/wp\/v2\/tags?post=1251"}],"curies":[{"name":"wp","href":"https:\/\/api.w.org\/{rel}","templated":true}]}}