{"id":1258,"date":"2016-01-08T21:49:48","date_gmt":"2016-01-08T21:49:48","guid":{"rendered":"http:\/\/mapati.com.br\/blog\/?p=1258"},"modified":"2016-01-08T21:49:48","modified_gmt":"2016-01-08T21:49:48","slug":"tri-presidente-iv","status":"publish","type":"post","link":"https:\/\/mapati.com.br\/blogmapati\/tri-presidente-iv\/","title":{"rendered":"Tri-presidente (IV)"},"content":{"rendered":"<p>25 de fevereiro de 1985. N\u00e3o era exatamente uma aula, daquelas que s\u00e3o ministradas tradicionalmente em estabelecimentos acad\u00eamicos &#8211; col\u00e9gios, escolas, faculdades. N\u00e3o se viam alunos e alunas. Todavia, o p\u00fablico que comparecera ao local estava aprendendo, ouvindo as li\u00e7\u00f5es dadas pelo palestrante.<\/p>\n<p style=\"padding-left: 90px;\"><span style=\"font-family: 'trebuchet ms', geneva, sans-serif;\"><em>\u201dRapidez e seguran\u00e7a na aplica\u00e7\u00e3o da lei ao caso concreto dificilmente se conciliam.<\/em><\/span><\/p>\n<p style=\"padding-left: 90px;\"><span style=\"font-family: 'trebuchet ms', geneva, sans-serif;\"><em>\u201cHaver\u00e1 quem prefira ter sua vida, sua liberdade, seu patrim\u00f4nio decididos, sum\u00e1ria e soberanamente, no correr do martelo de um juiz singular? Tem-se not\u00edcia da apologia de juizados sumar\u00edssimos de causas de grande valor?\u201d<\/em><\/span><\/p>\n<p>As pessoas presentes ao ato n\u00e3o desgrudavam os olhos do mestre, abeberando tudo aquilo que por ele era dito no recinto em data t\u00e3o especial. Insta esclarecer que se enganou quem se considerava numa solenidade de posse. De fato, o Dr. Jose Carlos Moreira Alves assumia no ensejo o mais alto posto do Supremo Tribunal Federal. E sem fazer discurso.<\/p>\n<p>Por\u00e9m, o que ali acontecia, afirmamos no in\u00edcio desta postagem, era uma aula fora da sala de aula para uma plateia embevecida. De mistura com refer\u00eancias \u00e0 inevit\u00e1vel tens\u00e3o entre rapidez e seguran\u00e7a no mundo dos processos judiciais, o cult\u00edssimo presidente da excelsa corte trazia \u00e0 baila ensinamentos da mais variada ordem, notadamente um relevant\u00edssimo princ\u00edpio do Direito.<\/p>\n<p style=\"padding-left: 90px;\"><span style=\"font-family: 'trebuchet ms', geneva, sans-serif;\"><em>\u201cEsses contrastes resultam da mat\u00e9ria-prima da Justi\u00e7a, que \u00e9 o conflito de interesses, e do fim a que ela visa, que \u00e9 sua solu\u00e7\u00e3o justa, at\u00e9 porque final e irremedi\u00e1vel. Entram em jogo valores contradit\u00f3rios, cujo peso se modifica em face das circunst\u00e2ncias, o que afasta a possibilidade de solu\u00e7\u00f5es absolutas, e s\u00f3 permite as relativas, tanto melhores quanto mais exata a aferi\u00e7\u00e3o do valor predominante nas hip\u00f3teses diversas. Mas, ainda aqui \u2013 e este \u00e9 o ponto crucial \u2013 interfere um outro fator: os valores do intesse p\u00fablico, pelo seu car\u00e1ter de generalidade, chocam-se, muitas vezes, com os valores individuais dos interesses contrariados. Estes reagem.\u201d<\/em><\/span><\/p>\n<p>Conclu\u00edda essa abordagem sociol\u00f3gica, que extasiou inclusive seus pares, o ministro ainda encontrara f\u00f4lego e tempo (olha o tempo a\u00ed de novo) pontificando que<\/p>\n<p style=\"padding-left: 90px;\"><span style=\"font-family: 'trebuchet ms', geneva, sans-serif;\"><em>\u201c(&#8230;) Para defender o interesse p\u00fablico \u00e9 preciso desprendimento e determina\u00e7\u00e3o. \u00c9 da natureza do homem n\u00e3o se conformar com um \u00fanico julgamento. Dessa irresist\u00edvel tend\u00eancia psicol\u00f3gica e da falibilidade das decis\u00f5es humanas resultaram os recursos judiciais. Eles, no entanto, t\u00eam, necessariamente, de ser limitados. Para proteger o direito das partes \u00e9 suficiente o duplo grau de jurisdi\u00e7\u00e3o. (&#8230;).\u201d<\/em><\/span><\/p>\n<p><em>\u00a0<\/em>E na perora\u00e7\u00e3o o alerta:<\/p>\n<p style=\"padding-left: 90px;\"><span style=\"font-family: 'trebuchet ms', geneva, sans-serif;\"><em>\u201c(&#8230;) \u00e9 no duplo grau de jurisdi\u00e7\u00e3o \u2013 onde, ali\u00e1s, n\u00e3o s\u00e3o escassos os recursos \u2013 que residem os maiores problemas da Justi\u00e7a.\u201d<\/em><\/span><\/p>\n<p>&nbsp;<\/p>\n<p style=\"text-align: right;\">08 de janeiro de 2016<\/p>\n<p style=\"text-align: right;\">(163)<\/p>\n<p style=\"text-align: right;\"><span style=\"color: #0000ff;\"><a style=\"color: #0000ff;\" href=\"mailto:mmsmarcos1953@hotmail.com\">mmsmarcos1953@hotmail.com<\/a><\/span><\/p>\n","protected":false},"excerpt":{"rendered":"<p>25 de fevereiro de 1985. N\u00e3o era exatamente uma aula, daquelas que s\u00e3o ministradas tradicionalmente em estabelecimentos acad\u00eamicos &#8211; col\u00e9gios, escolas, faculdades. N\u00e3o se viam alunos e alunas. Todavia, o p\u00fablico que comparecera ao local estava aprendendo, ouvindo as li\u00e7\u00f5es dadas pelo palestrante. \u201dRapidez e seguran\u00e7a na aplica\u00e7\u00e3o da lei ao caso concreto dificilmente se conciliam. \u201cHaver\u00e1 quem prefira ter sua vida, sua liberdade, seu patrim\u00f4nio decididos, sum\u00e1ria e soberanamente, no correr do martelo de um juiz singular? Tem-se not\u00edcia da apologia de juizados sumar\u00edssimos de causas de grande valor?\u201d As pessoas presentes ao ato n\u00e3o desgrudavam os olhos do mestre, abeberando tudo aquilo que por ele era dito no recinto em data t\u00e3o especial. Insta esclarecer que se enganou quem se considerava numa solenidade de posse. De fato, o Dr. Jose Carlos Moreira Alves assumia no ensejo o mais alto posto do Supremo Tribunal Federal. E sem fazer discurso. Por\u00e9m, o que ali acontecia, afirmamos no in\u00edcio desta postagem, era uma aula fora da sala de aula para uma plateia embevecida. De mistura com refer\u00eancias \u00e0 inevit\u00e1vel tens\u00e3o entre rapidez e seguran\u00e7a no mundo dos processos judiciais, o cult\u00edssimo presidente da excelsa corte trazia \u00e0 baila ensinamentos da mais variada ordem, notadamente um relevant\u00edssimo princ\u00edpio do Direito. \u201cEsses contrastes resultam da mat\u00e9ria-prima da Justi\u00e7a, que \u00e9 o conflito de interesses, e do fim a que ela visa, que \u00e9 sua solu\u00e7\u00e3o justa, at\u00e9 porque final e irremedi\u00e1vel. Entram em jogo valores contradit\u00f3rios, cujo peso se modifica em face das circunst\u00e2ncias, o que afasta a possibilidade de solu\u00e7\u00f5es absolutas, e s\u00f3 permite as relativas, tanto melhores quanto mais exata a aferi\u00e7\u00e3o do valor predominante nas hip\u00f3teses diversas. Mas, ainda aqui \u2013 e este \u00e9 o ponto crucial \u2013 interfere um outro fator: os valores do intesse p\u00fablico, pelo seu car\u00e1ter de generalidade, chocam-se, muitas vezes, com os valores individuais dos interesses contrariados. Estes reagem.\u201d Conclu\u00edda essa abordagem sociol\u00f3gica, que extasiou inclusive seus pares, o ministro ainda encontrara f\u00f4lego e tempo (olha o tempo a\u00ed de novo) pontificando que \u201c(&#8230;) Para defender o interesse p\u00fablico \u00e9 preciso desprendimento e determina\u00e7\u00e3o. \u00c9 da natureza do homem n\u00e3o se conformar com um \u00fanico julgamento. Dessa irresist\u00edvel tend\u00eancia psicol\u00f3gica e da falibilidade das decis\u00f5es humanas resultaram os recursos judiciais. Eles, no entanto, t\u00eam, necessariamente, de ser limitados. Para proteger o direito das partes \u00e9 suficiente o duplo grau de jurisdi\u00e7\u00e3o. (&#8230;).\u201d \u00a0E na perora\u00e7\u00e3o o alerta: \u201c(&#8230;) \u00e9 no duplo grau de jurisdi\u00e7\u00e3o \u2013 onde, ali\u00e1s, n\u00e3o s\u00e3o escassos os recursos \u2013 que residem os maiores problemas da Justi\u00e7a.\u201d &nbsp; 08 de janeiro de 2016 (163) mmsmarcos1953@hotmail.com<\/p>\n","protected":false},"author":1,"featured_media":0,"comment_status":"open","ping_status":"open","sticky":false,"template":"","format":"standard","meta":{"footnotes":""},"categories":[1],"tags":[],"class_list":["post-1258","post","type-post","status-publish","format-standard","hentry","category-sem-categoria"],"_links":{"self":[{"href":"https:\/\/mapati.com.br\/blogmapati\/wp-json\/wp\/v2\/posts\/1258","targetHints":{"allow":["GET"]}}],"collection":[{"href":"https:\/\/mapati.com.br\/blogmapati\/wp-json\/wp\/v2\/posts"}],"about":[{"href":"https:\/\/mapati.com.br\/blogmapati\/wp-json\/wp\/v2\/types\/post"}],"author":[{"embeddable":true,"href":"https:\/\/mapati.com.br\/blogmapati\/wp-json\/wp\/v2\/users\/1"}],"replies":[{"embeddable":true,"href":"https:\/\/mapati.com.br\/blogmapati\/wp-json\/wp\/v2\/comments?post=1258"}],"version-history":[{"count":0,"href":"https:\/\/mapati.com.br\/blogmapati\/wp-json\/wp\/v2\/posts\/1258\/revisions"}],"wp:attachment":[{"href":"https:\/\/mapati.com.br\/blogmapati\/wp-json\/wp\/v2\/media?parent=1258"}],"wp:term":[{"taxonomy":"category","embeddable":true,"href":"https:\/\/mapati.com.br\/blogmapati\/wp-json\/wp\/v2\/categories?post=1258"},{"taxonomy":"post_tag","embeddable":true,"href":"https:\/\/mapati.com.br\/blogmapati\/wp-json\/wp\/v2\/tags?post=1258"}],"curies":[{"name":"wp","href":"https:\/\/api.w.org\/{rel}","templated":true}]}}