{"id":12864,"date":"2015-12-16T17:06:57","date_gmt":"2015-12-16T17:06:57","guid":{"rendered":"http:\/\/mapati.com.br\/blog\/?p=13"},"modified":"2015-12-16T17:06:57","modified_gmt":"2015-12-16T17:06:57","slug":"13-2","status":"publish","type":"post","link":"https:\/\/mapati.com.br\/blogmapati\/13-2\/","title":{"rendered":"Apresenta\u00e7\u00e3o"},"content":{"rendered":"<p>S\u00f3 agora me dou conta de que este blog \u00a0(do Mapati) n\u00e3o \u00e9 mais nenhuma\u00a0criancinha. J\u00e1 atravessou longos seis anos e at\u00e9 ent\u00e3o permanecer\u00e1 inc\u00f3lume \u00e0s minhas investidas, pretens\u00f5es e desvarios \u2013 eu, o\u00a0desapercebido.<\/p>\n<p>Para resgatar o per\u00edodo <em>in albis<\/em> \u00a0e sem consultar ningu\u00e9m,<br \/>\nat\u00e9 porque seria desencorajado, resolvi que, a partir de hoje,<br \/>\ndata de acontecimentos marcantes \u2013 para quase todos e todas, independ\u00eancia do Brasil e desfile militar\/civil, protestos pelas ruas,<br \/>\njogo do Brasil; para mim, <em>d + 1<\/em>\u00a0(o mercado financeiro sabe o que significa) de comemora\u00e7\u00e3o de um relacionamento, anivers\u00e1rio do meu irm\u00e3o -, talvez haja chegado a hora de lan\u00e7ar alguns registros em prol, ambiciosamente, do enriquecimento do debate da cena cultural (na sua acep\u00e7\u00e3o mais ampla), sobretudo a de Bras\u00edlia.<\/p>\n<p>Renitente como o Mapati, digo-lhes que \u00e9 meu intuito difundir, nesta p\u00e1gina, notas, coment\u00e1rios, observa\u00e7\u00f5es, fofocas (?), tudo sem periodicidade, em texto curto (a tortura ser\u00e1 leve), seguindo ali\u00e1s, nesse detalhe, s\u00e1bio conselho de minha neta mais velha e, morram de inveja, atriz. Portanto, nada de tijola\u00e7os.<\/p>\n<p>Como todo o pessoal do mundo art\u00edstico (calma, n\u00e3o pedirei patroc\u00ednio,<br \/>\npois de certo modo n\u00e3o posso faz\u00ea-lo ainda), encaixando-me nessa horda de desassistidos, vou cometer no pr\u00f3ximo registro uma pequena, mas muito pequena mesmo (tenho ju\u00edzo), reclama\u00e7\u00e3o contra a imprensa, mais particularmente o Correio Braziliense. Se eu conseguir a ela sobreviver, prosseguirei na miss\u00e3o de azucrinar um pouquinho voc\u00eas<br \/>\nde vez em quando.<\/p>\n<p>Por gentileza, desejem-me boa sorte nesta empreitada.<\/p>\n<p>&nbsp;<\/p>\n<p style=\"text-align: right;\">07 de setembro de 2013<\/p>\n<p style=\"text-align: right;\">(001)<\/p>\n<p style=\"text-align: right;\"><span lang=\"PT-BR\" style=\"color: #0000ff;\"><a style=\"color: #0000ff;\" href=\"mailto:mmsmarcos1953@hotmail.com\" target=\"_blank\">mmsmarcos1953@hotmail.com<\/a><\/span><\/p>\n","protected":false},"excerpt":{"rendered":"<p>S\u00f3 agora me dou conta de que este blog \u00a0(do Mapati) n\u00e3o \u00e9 mais nenhuma\u00a0criancinha. J\u00e1 atravessou longos seis anos e at\u00e9 ent\u00e3o permanecer\u00e1 inc\u00f3lume \u00e0s minhas investidas, pretens\u00f5es e desvarios \u2013 eu, o\u00a0desapercebido. Para resgatar o per\u00edodo in albis \u00a0e sem consultar ningu\u00e9m, at\u00e9 porque seria desencorajado, resolvi que, a partir de hoje, data de acontecimentos marcantes \u2013 para quase todos e todas, independ\u00eancia do Brasil e desfile militar\/civil, protestos pelas ruas, jogo do Brasil; para mim, d + 1\u00a0(o mercado financeiro sabe o que significa) de comemora\u00e7\u00e3o de um relacionamento, anivers\u00e1rio do meu irm\u00e3o -, talvez haja chegado a hora de lan\u00e7ar alguns registros em prol, ambiciosamente, do enriquecimento do debate da cena cultural (na sua acep\u00e7\u00e3o mais ampla), sobretudo a de Bras\u00edlia. Renitente como o Mapati, digo-lhes que \u00e9 meu intuito difundir, nesta p\u00e1gina, notas, coment\u00e1rios, observa\u00e7\u00f5es, fofocas (?), tudo sem periodicidade, em texto curto (a tortura ser\u00e1 leve), seguindo ali\u00e1s, nesse detalhe, s\u00e1bio conselho de minha neta mais velha e, morram de inveja, atriz. Portanto, nada de tijola\u00e7os. Como todo o pessoal do mundo art\u00edstico (calma, n\u00e3o pedirei patroc\u00ednio, pois de certo modo n\u00e3o posso faz\u00ea-lo ainda), encaixando-me nessa horda de desassistidos, vou cometer no pr\u00f3ximo registro uma pequena, mas muito pequena mesmo (tenho ju\u00edzo), reclama\u00e7\u00e3o contra a imprensa, mais particularmente o Correio Braziliense. Se eu conseguir a ela sobreviver, prosseguirei na miss\u00e3o de azucrinar um pouquinho voc\u00eas de vez em quando. Por gentileza, desejem-me boa sorte nesta empreitada. &nbsp; 07 de setembro de 2013 (001) mmsmarcos1953@hotmail.com<\/p>\n","protected":false},"author":1,"featured_media":0,"comment_status":"open","ping_status":"open","sticky":false,"template":"","format":"standard","meta":{"footnotes":""},"categories":[1],"tags":[],"class_list":["post-12864","post","type-post","status-publish","format-standard","hentry","category-sem-categoria"],"_links":{"self":[{"href":"https:\/\/mapati.com.br\/blogmapati\/wp-json\/wp\/v2\/posts\/12864","targetHints":{"allow":["GET"]}}],"collection":[{"href":"https:\/\/mapati.com.br\/blogmapati\/wp-json\/wp\/v2\/posts"}],"about":[{"href":"https:\/\/mapati.com.br\/blogmapati\/wp-json\/wp\/v2\/types\/post"}],"author":[{"embeddable":true,"href":"https:\/\/mapati.com.br\/blogmapati\/wp-json\/wp\/v2\/users\/1"}],"replies":[{"embeddable":true,"href":"https:\/\/mapati.com.br\/blogmapati\/wp-json\/wp\/v2\/comments?post=12864"}],"version-history":[{"count":0,"href":"https:\/\/mapati.com.br\/blogmapati\/wp-json\/wp\/v2\/posts\/12864\/revisions"}],"wp:attachment":[{"href":"https:\/\/mapati.com.br\/blogmapati\/wp-json\/wp\/v2\/media?parent=12864"}],"wp:term":[{"taxonomy":"category","embeddable":true,"href":"https:\/\/mapati.com.br\/blogmapati\/wp-json\/wp\/v2\/categories?post=12864"},{"taxonomy":"post_tag","embeddable":true,"href":"https:\/\/mapati.com.br\/blogmapati\/wp-json\/wp\/v2\/tags?post=12864"}],"curies":[{"name":"wp","href":"https:\/\/api.w.org\/{rel}","templated":true}]}}