{"id":12868,"date":"2015-12-16T18:09:36","date_gmt":"2015-12-16T18:09:36","guid":{"rendered":"http:\/\/mapati.com.br\/blog\/?p=30"},"modified":"2015-12-16T18:09:36","modified_gmt":"2015-12-16T18:09:36","slug":"neve","status":"publish","type":"post","link":"https:\/\/mapati.com.br\/blogmapati\/neve\/","title":{"rendered":"Neve"},"content":{"rendered":"<p>Nestes tempos de integra\u00e7\u00e3o cultural\u00a0 Brasil \/ Alemanha, para onde brevemente vai uma penca de bons escritores brasileiros com objetivo de participa\u00e7\u00e3o\u00a0em feira liter\u00e1ria (sinceramente, fico feliz com isso), parece-me oportuno consignar que o Mapati logrou habilita\u00e7\u00e3o<br \/>\nem projeto que acalentava h\u00e1 muitos anos.<\/p>\n<p>Vejam que estamos falando de habilita\u00e7\u00e3o \u2013 portanto, fase primeira<br \/>\n&#8211; em certame dific\u00edlimo, \u00f3timos concorrentes por todos os lados,<br \/>\na caracterizar esp\u00e9cie de vestibular de medicina. (A prop\u00f3sito,<br \/>\ncomo seria auspicioso se a sociedade, n\u00e3o necessariamente o governo, institu\u00edsse um programa denominado \u201cMais Mecenas\u201d, mediante o qual<br \/>\nos empres\u00e1rios mais abonados e os nem t\u00e3o abonados assim<br \/>\nse lan\u00e7ariam vorazmente\u00a0 no patroc\u00ednio de\u00a0 in\u00fameros artistas fora<br \/>\ndo eixo Rio-S\u00e3o Paulo. Pena que estou em sonho l\u00facido.)<\/p>\n<p>Retornemos ao projeto. Trata-se levar ao palco Thomas Mann. Calma, n\u00e3o desencorajem o Mapati. Nada de choque de realidade na turma.<br \/>\nPor estas plagas, sabem todos da pretens\u00e3o delirante. Ainda assim, iremos escalar a Montanha M\u00e1gica.<\/p>\n<figure id=\"attachment_217\" aria-describedby=\"caption-attachment-217\" style=\"width: 638px\" class=\"wp-caption aligncenter\"><a href=\"http:\/\/2017.mapati.com.br\/wp-content\/uploads\/2015\/12\/FIG2post5-1.jpg\" rel=\"attachment wp-att-217\"><img fetchpriority=\"high\" decoding=\"async\" class=\"size-full wp-image-217\" src=\"http:\/\/2017.mapati.com.br\/wp-content\/uploads\/2015\/12\/FIG2post5-1.jpg\" alt=\"http:\/\/pt.freeimages.com\/photo\/neve-1409419\" width=\"638\" height=\"424\" \/><\/a><figcaption id=\"caption-attachment-217\" class=\"wp-caption-text\"><span style=\"font-size: 8pt;\">http:\/\/pt.freeimages.com\/photo\/neve-1409419<\/span><\/figcaption><\/figure>\n<p>&nbsp;<\/p>\n<p style=\"padding-left: 60px; text-align: right;\">11 de setembro de 2013<\/p>\n<p style=\"padding-left: 60px; text-align: right;\">(005)<\/p>\n<p style=\"padding-left: 60px; text-align: right;\"><span style=\"color: #0000ff;\"><a style=\"color: #0000ff;\" href=\"mailto:mmsmarcos1953@hotmail.com\">mmsmarcos1953@hotmail.com<\/a><\/span><\/p>\n","protected":false},"excerpt":{"rendered":"<p>Nestes tempos de integra\u00e7\u00e3o cultural\u00a0 Brasil \/ Alemanha, para onde brevemente vai uma penca de bons escritores brasileiros com objetivo de participa\u00e7\u00e3o\u00a0em feira liter\u00e1ria (sinceramente, fico feliz com isso), parece-me oportuno consignar que o Mapati logrou habilita\u00e7\u00e3o em projeto que acalentava h\u00e1 muitos anos. Vejam que estamos falando de habilita\u00e7\u00e3o \u2013 portanto, fase primeira &#8211; em certame dific\u00edlimo, \u00f3timos concorrentes por todos os lados, a caracterizar esp\u00e9cie de vestibular de medicina. (A prop\u00f3sito, como seria auspicioso se a sociedade, n\u00e3o necessariamente o governo, institu\u00edsse um programa denominado \u201cMais Mecenas\u201d, mediante o qual os empres\u00e1rios mais abonados e os nem t\u00e3o abonados assim se lan\u00e7ariam vorazmente\u00a0 no patroc\u00ednio de\u00a0 in\u00fameros artistas fora do eixo Rio-S\u00e3o Paulo. Pena que estou em sonho l\u00facido.) Retornemos ao projeto. Trata-se levar ao palco Thomas Mann. Calma, n\u00e3o desencorajem o Mapati. Nada de choque de realidade na turma. Por estas plagas, sabem todos da pretens\u00e3o delirante. Ainda assim, iremos escalar a Montanha M\u00e1gica. &nbsp; 11 de setembro de 2013 (005) mmsmarcos1953@hotmail.com<\/p>\n","protected":false},"author":1,"featured_media":0,"comment_status":"open","ping_status":"open","sticky":false,"template":"","format":"standard","meta":{"footnotes":""},"categories":[1],"tags":[],"class_list":["post-12868","post","type-post","status-publish","format-standard","hentry","category-sem-categoria"],"_links":{"self":[{"href":"https:\/\/mapati.com.br\/blogmapati\/wp-json\/wp\/v2\/posts\/12868","targetHints":{"allow":["GET"]}}],"collection":[{"href":"https:\/\/mapati.com.br\/blogmapati\/wp-json\/wp\/v2\/posts"}],"about":[{"href":"https:\/\/mapati.com.br\/blogmapati\/wp-json\/wp\/v2\/types\/post"}],"author":[{"embeddable":true,"href":"https:\/\/mapati.com.br\/blogmapati\/wp-json\/wp\/v2\/users\/1"}],"replies":[{"embeddable":true,"href":"https:\/\/mapati.com.br\/blogmapati\/wp-json\/wp\/v2\/comments?post=12868"}],"version-history":[{"count":0,"href":"https:\/\/mapati.com.br\/blogmapati\/wp-json\/wp\/v2\/posts\/12868\/revisions"}],"wp:attachment":[{"href":"https:\/\/mapati.com.br\/blogmapati\/wp-json\/wp\/v2\/media?parent=12868"}],"wp:term":[{"taxonomy":"category","embeddable":true,"href":"https:\/\/mapati.com.br\/blogmapati\/wp-json\/wp\/v2\/categories?post=12868"},{"taxonomy":"post_tag","embeddable":true,"href":"https:\/\/mapati.com.br\/blogmapati\/wp-json\/wp\/v2\/tags?post=12868"}],"curies":[{"name":"wp","href":"https:\/\/api.w.org\/{rel}","templated":true}]}}