{"id":12892,"date":"2015-12-21T21:40:21","date_gmt":"2015-12-21T21:40:21","guid":{"rendered":"http:\/\/mapati.com.br\/blog\/?p=553"},"modified":"2015-12-21T21:40:21","modified_gmt":"2015-12-21T21:40:21","slug":"anjos-de-barro-ii-3","status":"publish","type":"post","link":"https:\/\/mapati.com.br\/blogmapati\/anjos-de-barro-ii-3\/","title":{"rendered":"Anjos de Barro (II)"},"content":{"rendered":"<p>A rigor, e sem autoriza\u00e7\u00e3o legal, vou preliminarmente seguir os passos do Jos\u00e9 Maria Mayrynk, nascido na mesma regi\u00e3o mineira do meu pai, Zona da Mata, que escreveu o livro \u201cHist\u00f3rias de pais e filhos especiais\u201d, aberto com tocante dedicat\u00f3ria:<\/p>\n<p style=\"padding-left: 90px;\"><em><span style=\"font-family: 'trebuchet ms', geneva, sans-serif;\">\u201c\u00c0 saudade de meu pai, Jos\u00e9 Eduardo Mayrink, m\u00e9dico da ro\u00e7a, que passou 29 anos numa cadeira de rodas, a servi\u00e7o dos pobres.\u201d<\/span><\/em><\/p>\n<p>Chamemos ent\u00e3o para a cena o autor do pref\u00e1cio. Henfil,<br \/>\namargamente, permeia a introdu\u00e7\u00e3o com \u201cSangue de barata\u201d, bullying<br \/>\ntravestido de diagn\u00f3tico.<\/p>\n<figure id=\"attachment_612\" aria-describedby=\"caption-attachment-612\" style=\"width: 546px\" class=\"wp-caption aligncenter\"><a href=\"http:\/\/2017.mapati.com.br\/wp-content\/uploads\/2015\/12\/henfil2.jpg\" rel=\"attachment wp-att-612\"><img fetchpriority=\"high\" decoding=\"async\" class=\" wp-image-612\" src=\"http:\/\/2017.mapati.com.br\/wp-content\/uploads\/2015\/12\/henfil2.jpg\" alt=\"foto: Derly Marques - http:\/\/fotografia.folha.uol.com.br\/galerias\/22422-70-anos-de-henfil#foto-359690\" width=\"546\" height=\"415\" \/><\/a><figcaption id=\"caption-attachment-612\" class=\"wp-caption-text\"><span style=\"font-size: 8pt;\">foto: Derly Marques &#8211; http:\/\/fotografia.folha.uol.com.br\/galerias\/22422-70-anos-de-henfil#foto-359690<\/span><\/figcaption><\/figure>\n<p style=\"padding-left: 90px;\"><em><span style=\"font-family: 'trebuchet ms', geneva, sans-serif;\">\u201cAnjos de barro. O t\u00edtulo \u00e9 \u00f3timo. Me deu at\u00e9 inveja do Mayrink, aquela inveja que todo criador profissional tem, quando<\/span><\/em><br \/>\n<em><span style=\"font-family: 'trebuchet ms', geneva, sans-serif;\">um colega acerta o alvo (\u2026).<\/span><\/em><\/p>\n<p style=\"padding-left: 90px;\"><em><span style=\"font-family: 'trebuchet ms', geneva, sans-serif;\">\u201cAqui n\u00e3o h\u00e1 lugar para um comentarista, aqui tenho de ser personagem. Tiro a capa do jornalista, cartunista, quadrinheiro, escritor e agora at\u00e9 cineasta, tiro todos os crach\u00e1s<\/span><\/em><br \/>\n<em><span style=\"font-family: 'trebuchet ms', geneva, sans-serif;\">que me garantem livre tr\u00e2nsito no mundo dos eficientes e visto meu pijama de Clark Kent, o superdeficiente.<\/span><\/em><\/p>\n<p style=\"padding-left: 90px;\"><em><span style=\"font-family: 'trebuchet ms', geneva, sans-serif;\">\u201d\u2019Sangue de barata!\u2019<\/span><\/em><\/p>\n<p style=\"padding-left: 90px;\"><em><span style=\"font-family: 'trebuchet ms', geneva, sans-serif;\">\u201cQue eu me lembre, o grito da meninada da rua foi o primeiro sinal que tive anunciando que eu era diferente de todo mundo. Tenho 42 anos, logo isto deve ter acontecido uns 38 anos atr\u00e1s, em Belo Horizonte.<\/span><\/em><\/p>\n<p style=\"padding-left: 90px;\"><em><span style=\"font-family: 'trebuchet ms', geneva, sans-serif;\">\u201cSangue de barata. Ningu\u00e9m sabia o que eu e os outros dois irm\u00e3os, Chico e Betinho, t\u00ednhamos. S\u00f3 sab\u00edamos que o nosso sangue n\u00e3o coagulava. N\u00e3o pod\u00edamos sofrer o menor corte,<\/span><\/em><br \/>\n<em><span style=\"font-family: 'trebuchet ms', geneva, sans-serif;\">pois a hemorragia duraria at\u00e9 o final. Claro, no caso de um corte externo, bastava fazer o que todo mundo faz, segurar com algod\u00e3o e esparadrapo. A diferen\u00e7a \u00e9 que o sangue das pessoas coagula em minutos e o nosso digamos que em dias.<\/span><\/em><br \/>\n<em><span style=\"font-family: 'trebuchet ms', geneva, sans-serif;\">Mas a defici\u00eancia vira coisa grave e at\u00e9 trag\u00e9dia, se a hemorragia for interna, onde n\u00e3o se possa segurar com um algod\u00e3o.<\/span><\/em><br \/>\n<em><span style=\"font-family: 'trebuchet ms', geneva, sans-serif;\">Um microvaso rompido poder\u00e1 provocar um imenso hematoma<\/span><\/em><br \/>\n<em><span style=\"font-family: 'trebuchet ms', geneva, sans-serif;\">com dores insuport\u00e1veis. Lembro que o sangramento provocado pela extra\u00e7\u00e3o de um dente de leite durava de um a dois meses (\u2026).\u201d<\/span><\/em><\/p>\n<p>Dou uma primeira parada nesse texto \u2013 que poderia ter sido escrito pelo iconoclasta Henfil a caneta-tinteiro, decerto carregada com tinta vermelha.<\/p>\n<p>&nbsp;<\/p>\n<p style=\"text-align: right;\">25 de fevereiro de 2014<\/p>\n<p style=\"text-align: right;\">(049)<\/p>\n<p style=\"text-align: right;\"><span style=\"text-decoration: underline;\"><span style=\"color: #0000ff; text-decoration: underline;\">mmsmarcos1953@hotmail.com<\/span><\/span><\/p>\n","protected":false},"excerpt":{"rendered":"<p>A rigor, e sem autoriza\u00e7\u00e3o legal, vou preliminarmente seguir os passos do Jos\u00e9 Maria Mayrynk, nascido na mesma regi\u00e3o mineira do meu pai, Zona da Mata, que escreveu o livro \u201cHist\u00f3rias de pais e filhos especiais\u201d, aberto com tocante dedicat\u00f3ria: \u201c\u00c0 saudade de meu pai, Jos\u00e9 Eduardo Mayrink, m\u00e9dico da ro\u00e7a, que passou 29 anos numa cadeira de rodas, a servi\u00e7o dos pobres.\u201d Chamemos ent\u00e3o para a cena o autor do pref\u00e1cio. Henfil, amargamente, permeia a introdu\u00e7\u00e3o com \u201cSangue de barata\u201d, bullying travestido de diagn\u00f3tico. \u201cAnjos de barro. O t\u00edtulo \u00e9 \u00f3timo. Me deu at\u00e9 inveja do Mayrink, aquela inveja que todo criador profissional tem, quando um colega acerta o alvo (\u2026). \u201cAqui n\u00e3o h\u00e1 lugar para um comentarista, aqui tenho de ser personagem. Tiro a capa do jornalista, cartunista, quadrinheiro, escritor e agora at\u00e9 cineasta, tiro todos os crach\u00e1s que me garantem livre tr\u00e2nsito no mundo dos eficientes e visto meu pijama de Clark Kent, o superdeficiente. \u201d\u2019Sangue de barata!\u2019 \u201cQue eu me lembre, o grito da meninada da rua foi o primeiro sinal que tive anunciando que eu era diferente de todo mundo. Tenho 42 anos, logo isto deve ter acontecido uns 38 anos atr\u00e1s, em Belo Horizonte. \u201cSangue de barata. Ningu\u00e9m sabia o que eu e os outros dois irm\u00e3os, Chico e Betinho, t\u00ednhamos. S\u00f3 sab\u00edamos que o nosso sangue n\u00e3o coagulava. N\u00e3o pod\u00edamos sofrer o menor corte, pois a hemorragia duraria at\u00e9 o final. Claro, no caso de um corte externo, bastava fazer o que todo mundo faz, segurar com algod\u00e3o e esparadrapo. A diferen\u00e7a \u00e9 que o sangue das pessoas coagula em minutos e o nosso digamos que em dias. Mas a defici\u00eancia vira coisa grave e at\u00e9 trag\u00e9dia, se a hemorragia for interna, onde n\u00e3o se possa segurar com um algod\u00e3o. Um microvaso rompido poder\u00e1 provocar um imenso hematoma com dores insuport\u00e1veis. Lembro que o sangramento provocado pela extra\u00e7\u00e3o de um dente de leite durava de um a dois meses (\u2026).\u201d Dou uma primeira parada nesse texto \u2013 que poderia ter sido escrito pelo iconoclasta Henfil a caneta-tinteiro, decerto carregada com tinta vermelha. &nbsp; 25 de fevereiro de 2014 (049) mmsmarcos1953@hotmail.com<\/p>\n","protected":false},"author":1,"featured_media":0,"comment_status":"open","ping_status":"open","sticky":false,"template":"","format":"standard","meta":{"footnotes":""},"categories":[1],"tags":[],"class_list":["post-12892","post","type-post","status-publish","format-standard","hentry","category-sem-categoria"],"_links":{"self":[{"href":"https:\/\/mapati.com.br\/blogmapati\/wp-json\/wp\/v2\/posts\/12892","targetHints":{"allow":["GET"]}}],"collection":[{"href":"https:\/\/mapati.com.br\/blogmapati\/wp-json\/wp\/v2\/posts"}],"about":[{"href":"https:\/\/mapati.com.br\/blogmapati\/wp-json\/wp\/v2\/types\/post"}],"author":[{"embeddable":true,"href":"https:\/\/mapati.com.br\/blogmapati\/wp-json\/wp\/v2\/users\/1"}],"replies":[{"embeddable":true,"href":"https:\/\/mapati.com.br\/blogmapati\/wp-json\/wp\/v2\/comments?post=12892"}],"version-history":[{"count":0,"href":"https:\/\/mapati.com.br\/blogmapati\/wp-json\/wp\/v2\/posts\/12892\/revisions"}],"wp:attachment":[{"href":"https:\/\/mapati.com.br\/blogmapati\/wp-json\/wp\/v2\/media?parent=12892"}],"wp:term":[{"taxonomy":"category","embeddable":true,"href":"https:\/\/mapati.com.br\/blogmapati\/wp-json\/wp\/v2\/categories?post=12892"},{"taxonomy":"post_tag","embeddable":true,"href":"https:\/\/mapati.com.br\/blogmapati\/wp-json\/wp\/v2\/tags?post=12892"}],"curies":[{"name":"wp","href":"https:\/\/api.w.org\/{rel}","templated":true}]}}