{"id":12895,"date":"2015-12-21T23:06:25","date_gmt":"2015-12-21T23:06:25","guid":{"rendered":"http:\/\/mapati.com.br\/blog\/?p=643"},"modified":"2015-12-21T23:06:25","modified_gmt":"2015-12-21T23:06:25","slug":"parque-da-cidade-vi","status":"publish","type":"post","link":"https:\/\/mapati.com.br\/blogmapati\/parque-da-cidade-vi\/","title":{"rendered":"Parque da Cidade (VI)"},"content":{"rendered":"<p><strong>4) Ciclovia<\/strong><\/p>\n<p>Minhas sugest\u00f5es de aprimoramentos do parque ficaram l\u00e1 para tr\u00e1s, ningu\u00e9m as deve ter lido.<\/p>\n<p>N\u00e3o desanimo, sou teimoso.<\/p>\n<p>Prossigo.<\/p>\n<p>Ex-colega meu de CRSFN e hoje ministro de tribunal superior dizia, \u00e0 \u00e9poca em que n\u00e3o amava muito Bras\u00edlia, que o parque era muito bonito e interessante para caminhadas. S\u00f3 que&#8230;<\/p>\n<p>Esse paulistano de boa cepa, numa involunt\u00e1ria e consistente <em>performance<\/em> \u00a0que nos fazia v\u00ea-lo extenuado e suarento, comentava que, por conta (quando \u00e9 que esse &#8220;por conta&#8221; vai sair de moda) do sol impiedoso, era praticamente uma proeza ol\u00edmpica vencer inc\u00f3lume aqueles 10km.<\/p>\n<p>De fato, s\u00e3o raras &#8211; quase nenhuma &#8211; as sombras na via que serpenteia o parque. A celeb\u00e9rrima beleza do azul celeste extasia &#8211; mas a est\u00e9tica n\u00e3o amaina os raios solares que fustigam a pele dos caminhantes e dos ciclistas.<\/p>\n<p>Bambus.<\/p>\n<figure id=\"attachment_644\" aria-describedby=\"caption-attachment-644\" style=\"width: 1600px\" class=\"wp-caption aligncenter\"><a href=\"http:\/\/2017.mapati.com.br\/wp-content\/uploads\/2015\/12\/ciclov.jpg\" rel=\"attachment wp-att-644\"><img fetchpriority=\"high\" decoding=\"async\" class=\"size-full wp-image-644\" src=\"http:\/\/2017.mapati.com.br\/wp-content\/uploads\/2015\/12\/ciclov.jpg\" alt=\"http:\/\/1.bp.blogspot.com\/_lHH-RiQMvqU\/THqitZr7wqI\/AAAAAAAAADI\/qRgqbe0G0Co\/s1600\/dytty+002.jpg\" width=\"1600\" height=\"1233\" \/><\/a><figcaption id=\"caption-attachment-644\" class=\"wp-caption-text\"><span style=\"font-size: 8pt;\">http:\/\/1.bp.blogspot.com\/_lHH-RiQMvqU\/THqitZr7wqI\/AAAAAAAAADI\/qRgqbe0G0Co\/s1600\/dytty+002.jpg<\/span><\/figcaption><\/figure>\n<p>Meu alvitre \u00e9 o de que se pudesse plant\u00e1-los em alguns trechos da pista, dispostos de uma margem para a outra, de sorte que, entrela\u00e7ados ap\u00f3s crescidinhos, formassem a cinco ou seis metros de altura um manto protetor, uma cobertura que deixasse tais locais com sombra permanente. Nesses verdadeiros o\u00e1sis, dispostos com espa\u00e7amento de duzentos metros de um para o outro, a mo\u00e7ada esfriaria a cabe\u00e7a (os chuveiros, em outros locais), recuperando-se para enfrentar com for\u00e7as renovadas o restante da atividade f\u00edsica com o sol a pino.<\/p>\n<p>Se os bambus n\u00e3o oferecem seguran\u00e7a &#8211; de vez em quando, podem despencar e por em risco a integridade f\u00edsica dos atletas de fim de semana ou n\u00e3o -, cogitemos de \u00e1rvores, cujos galhos tamb\u00e9m interpenetrados de uma margem \u00e0 outra da ciclovia, configurariam um refrescante corredor polon\u00eas (uma contradi\u00e7\u00e3o entre termos).<\/p>\n<p>Vale aclarar, sem trocadilho: a imagem seria assemelhada \u00e0s daquelas cerim\u00f4nias de gala em que militares fardados cruzam as espadas (em nosso exemplo, sem ponta, sem gume e civil a festividade) para que o indiv\u00edduo, o casal ou o grupo percorresse seu vitorioso percurso recebendo os <em>vivas<\/em> e as homenagens dos presentes.<\/p>\n<p>Registro, com alguma metidez, que usufruo frequentemente desses apraz\u00edveis recantos quando ando de bicicleta na ciclovia das 200\/400 Norte.<\/p>\n<p><a href=\"http:\/\/2017.mapati.com.br\/wp-content\/uploads\/2015\/12\/ciclov2.jpg\" rel=\"attachment wp-att-645\"><img decoding=\"async\" class=\" wp-image-645 aligncenter\" src=\"http:\/\/2017.mapati.com.br\/wp-content\/uploads\/2015\/12\/ciclov2.jpg\" alt=\"ciclov2\" width=\"367\" height=\"489\" \/><\/a><\/p>\n<p>J\u00e1 que falamos de ciclovia, e tendo este pobre blogueiro ganhado o primeiro camelo no remoto ano de 1966, t\u00e3o s\u00f3 uma coroa e uma catraca (n\u00e3o \u00e9 f\u00e1cil ser entregador de fam\u00e1cias e de padarias), ocorre-me declarar:<\/p>\n<p>Uma das grandes inven\u00e7\u00f5es da humanidade \u00e9 a bicicleta de marchas.<\/p>\n<p>&nbsp;<\/p>\n<p style=\"text-align: right;\">16 de mar\u00e7o de 2014<\/p>\n<p style=\"text-align: right;\">(054)<\/p>\n<p style=\"text-align: right;\"><a href=\"mailto:mmsmarcos1953@hotmail.com\"><span style=\"color: #0000ff;\">mmsmarcos1953@hotmail.co<\/span>m<\/a><\/p>\n","protected":false},"excerpt":{"rendered":"<p>4) Ciclovia Minhas sugest\u00f5es de aprimoramentos do parque ficaram l\u00e1 para tr\u00e1s, ningu\u00e9m as deve ter lido. N\u00e3o desanimo, sou teimoso. Prossigo. Ex-colega meu de CRSFN e hoje ministro de tribunal superior dizia, \u00e0 \u00e9poca em que n\u00e3o amava muito Bras\u00edlia, que o parque era muito bonito e interessante para caminhadas. S\u00f3 que&#8230; Esse paulistano de boa cepa, numa involunt\u00e1ria e consistente performance \u00a0que nos fazia v\u00ea-lo extenuado e suarento, comentava que, por conta (quando \u00e9 que esse &#8220;por conta&#8221; vai sair de moda) do sol impiedoso, era praticamente uma proeza ol\u00edmpica vencer inc\u00f3lume aqueles 10km. De fato, s\u00e3o raras &#8211; quase nenhuma &#8211; as sombras na via que serpenteia o parque. A celeb\u00e9rrima beleza do azul celeste extasia &#8211; mas a est\u00e9tica n\u00e3o amaina os raios solares que fustigam a pele dos caminhantes e dos ciclistas. Bambus. Meu alvitre \u00e9 o de que se pudesse plant\u00e1-los em alguns trechos da pista, dispostos de uma margem para a outra, de sorte que, entrela\u00e7ados ap\u00f3s crescidinhos, formassem a cinco ou seis metros de altura um manto protetor, uma cobertura que deixasse tais locais com sombra permanente. Nesses verdadeiros o\u00e1sis, dispostos com espa\u00e7amento de duzentos metros de um para o outro, a mo\u00e7ada esfriaria a cabe\u00e7a (os chuveiros, em outros locais), recuperando-se para enfrentar com for\u00e7as renovadas o restante da atividade f\u00edsica com o sol a pino. Se os bambus n\u00e3o oferecem seguran\u00e7a &#8211; de vez em quando, podem despencar e por em risco a integridade f\u00edsica dos atletas de fim de semana ou n\u00e3o -, cogitemos de \u00e1rvores, cujos galhos tamb\u00e9m interpenetrados de uma margem \u00e0 outra da ciclovia, configurariam um refrescante corredor polon\u00eas (uma contradi\u00e7\u00e3o entre termos). Vale aclarar, sem trocadilho: a imagem seria assemelhada \u00e0s daquelas cerim\u00f4nias de gala em que militares fardados cruzam as espadas (em nosso exemplo, sem ponta, sem gume e civil a festividade) para que o indiv\u00edduo, o casal ou o grupo percorresse seu vitorioso percurso recebendo os vivas e as homenagens dos presentes. Registro, com alguma metidez, que usufruo frequentemente desses apraz\u00edveis recantos quando ando de bicicleta na ciclovia das 200\/400 Norte. J\u00e1 que falamos de ciclovia, e tendo este pobre blogueiro ganhado o primeiro camelo no remoto ano de 1966, t\u00e3o s\u00f3 uma coroa e uma catraca (n\u00e3o \u00e9 f\u00e1cil ser entregador de fam\u00e1cias e de padarias), ocorre-me declarar: Uma das grandes inven\u00e7\u00f5es da humanidade \u00e9 a bicicleta de marchas. &nbsp; 16 de mar\u00e7o de 2014 (054) mmsmarcos1953@hotmail.com<\/p>\n","protected":false},"author":1,"featured_media":0,"comment_status":"open","ping_status":"open","sticky":false,"template":"","format":"standard","meta":{"footnotes":""},"categories":[1],"tags":[],"class_list":["post-12895","post","type-post","status-publish","format-standard","hentry","category-sem-categoria"],"_links":{"self":[{"href":"https:\/\/mapati.com.br\/blogmapati\/wp-json\/wp\/v2\/posts\/12895","targetHints":{"allow":["GET"]}}],"collection":[{"href":"https:\/\/mapati.com.br\/blogmapati\/wp-json\/wp\/v2\/posts"}],"about":[{"href":"https:\/\/mapati.com.br\/blogmapati\/wp-json\/wp\/v2\/types\/post"}],"author":[{"embeddable":true,"href":"https:\/\/mapati.com.br\/blogmapati\/wp-json\/wp\/v2\/users\/1"}],"replies":[{"embeddable":true,"href":"https:\/\/mapati.com.br\/blogmapati\/wp-json\/wp\/v2\/comments?post=12895"}],"version-history":[{"count":0,"href":"https:\/\/mapati.com.br\/blogmapati\/wp-json\/wp\/v2\/posts\/12895\/revisions"}],"wp:attachment":[{"href":"https:\/\/mapati.com.br\/blogmapati\/wp-json\/wp\/v2\/media?parent=12895"}],"wp:term":[{"taxonomy":"category","embeddable":true,"href":"https:\/\/mapati.com.br\/blogmapati\/wp-json\/wp\/v2\/categories?post=12895"},{"taxonomy":"post_tag","embeddable":true,"href":"https:\/\/mapati.com.br\/blogmapati\/wp-json\/wp\/v2\/tags?post=12895"}],"curies":[{"name":"wp","href":"https:\/\/api.w.org\/{rel}","templated":true}]}}