{"id":12898,"date":"2015-12-21T23:29:20","date_gmt":"2015-12-21T23:29:20","guid":{"rendered":"http:\/\/mapati.com.br\/blog\/?p=664"},"modified":"2015-12-21T23:29:20","modified_gmt":"2015-12-21T23:29:20","slug":"aviso-de-agradecimento-iv","status":"publish","type":"post","link":"https:\/\/mapati.com.br\/blogmapati\/aviso-de-agradecimento-iv\/","title":{"rendered":"Aviso de agradecimento (IV)"},"content":{"rendered":"<p>O que vi de manh\u00e3 era muito melhor, ou melhor, menos pior do que vi \u00e0 tarde. Mais sondas, peito arfando muito mais, sinal do enfisema pulmonar, que, soube depois, j\u00e1 sufocava o paciente havia tempos. Por volta das 16h10, alma apertada, esperan\u00e7a nenhuma, sa\u00ed daquele hospital coalhado de macas, doentes em sua maioria pobres &#8211; alguns, andrajosos.\u00a0 A not\u00edcia chegou \u00e0s 19h desse mesmo s\u00e1bado. Anemia falciforme, voc\u00ea venceu.<\/p>\n<p>N\u00e3o foi poss\u00edvel realizar o enterro no domingo. A fam\u00edlia lutava, digamos, contra as inevit\u00e1veis e implac\u00e1veis despesas, buscando reunir dinheiro para uma despedida digna. A arrecada\u00e7\u00e3o, cada um dos parentes e amigos e amigas ofertou um pouquinho, n\u00e3o restara suficiente. At\u00e9 que entrou em cena o elenco da Secretaria de Finan\u00e7as do Distrito Federal (Eunice, \u00e0 frente) e complementou. E o fez sem hesita\u00e7\u00f5es, certamente em reconhecimento pela brilhante, encantadora e destacada participa\u00e7\u00e3o do L\u00e9o em projeto de educa\u00e7\u00e3o fiscal desenvolvido pelo \u00f3rg\u00e3o fazend\u00e1rio, em 2013, e que contemplou v\u00e1rias localidades (quase todas desassistidas) de Bras\u00edlia com esquetes divertidas de modo a permitir que o p\u00fablico enfrentasse gostosamente tema t\u00e3o \u00e1rido para no fim cobrar dos governantes medidas em favor da popula\u00e7\u00e3o..<\/p>\n<p>Por eu n\u00e3o ser t\u00e3o menino assim (todo mundo acha que nunca vai ficar velho), fui a in\u00fameros enterros. Mas esse&#8230; que como\u00e7\u00e3o. Juntou-se ali, naquele cemit\u00e9rio de Planaltina, onde eu nunca houvera pisado antes, um mont\u00e3o de pessoas, predominantemente jovens. Al\u00e9m dos familiares, fizeram-se presentes colegas de vizinhan\u00e7a, do trabalho, do teatro e das quadrilhas juninas, esses \u00faltimos vindos em \u00f4nibus pr\u00f3prio do grupo.<\/p>\n<p>\u00c9 duro, muito duro ouvir o choro generalizado e quase ininterrupto daquela coorte de atores e atrizes, de dan\u00e7arinos e dan\u00e7arinas na faixa et\u00e1ria de 20\/25 anos. Inquieta\u00e7\u00e3o e rebeldia de margem, jovens existem para sorrir e para vivificar. No final do vel\u00f3rio, logo ap\u00f3s a Tereza, sentidamente mas com a voz firme do povo das artes c\u00eanicas, ter lido bela mensagem de Santo Agostinho, atrevi-me a dizer algumas palavras ressaltando que j\u00e1 durava anos minha frustrante (porque imposs\u00edvel) miss\u00e3o: encontrar um inimigo ou inimiga do L\u00e9o. Acreditem, ele s\u00f3 tinha amigos e amigas.<\/p>\n<p>Nessas cerim\u00f4nias, pessoas surtam, cada uma a sua maneira. O f\u00e9retro chega ao local da \u00faltima morada, afasto-me um pouco para ceder lugar aos familiares.\u00a0Nisso, um dos rapazes come\u00e7a a gritar, gritar, gritar desesperadamente, lan\u00e7ando, pareceu-me, um convite, &#8220;Levanta da\u00ed, L\u00e9o, vem dan\u00e7ar com a gente. Levanta, vem dan\u00e7ar&#8221;, e prorrompe em choro. Os coveiros profissionalmente na fun\u00e7\u00e3o e, s\u00fabito, um baque surdo seguido de mais gritaria, s\u00f3 que dessa feita gritaria de muita gente, um coro assustador. Deu-se que a m\u00e3e do L\u00e9o, enfraquecida pela arrastada semana, noites insones de angustiante expectativa, desmaia e cai dentro da sepultura. A met\u00e1fora pronta. &#8220;Meu filho adorado, eu quero ir com voc\u00ea.&#8221;<\/p>\n<p>Diante da bela mensagem, L\u00e9o, que a Dayse lhe enviou, nada mais deveria ser dito, mas achei por bem lavrar a minha tamb\u00e9m, e longa, bem longa para ficar com voc\u00ea mais tempo na minha lembran\u00e7a.<\/p>\n<p>Saudades do meu amigo.<\/p>\n<p>&nbsp;<\/p>\n<p style=\"text-align: right;\">11 de abril de 2014<\/p>\n<p style=\"text-align: right;\">(058)<\/p>\n<p style=\"text-align: right;\"><span style=\"color: #0000ff;\"><a style=\"color: #0000ff;\" href=\"mailto:mmsmarcos1953@hotmail.com\">mmsmarcos1953@hotmail.com<\/a><\/span><\/p>\n","protected":false},"excerpt":{"rendered":"<p>O que vi de manh\u00e3 era muito melhor, ou melhor, menos pior do que vi \u00e0 tarde. Mais sondas, peito arfando muito mais, sinal do enfisema pulmonar, que, soube depois, j\u00e1 sufocava o paciente havia tempos. Por volta das 16h10, alma apertada, esperan\u00e7a nenhuma, sa\u00ed daquele hospital coalhado de macas, doentes em sua maioria pobres &#8211; alguns, andrajosos.\u00a0 A not\u00edcia chegou \u00e0s 19h desse mesmo s\u00e1bado. Anemia falciforme, voc\u00ea venceu. N\u00e3o foi poss\u00edvel realizar o enterro no domingo. A fam\u00edlia lutava, digamos, contra as inevit\u00e1veis e implac\u00e1veis despesas, buscando reunir dinheiro para uma despedida digna. A arrecada\u00e7\u00e3o, cada um dos parentes e amigos e amigas ofertou um pouquinho, n\u00e3o restara suficiente. At\u00e9 que entrou em cena o elenco da Secretaria de Finan\u00e7as do Distrito Federal (Eunice, \u00e0 frente) e complementou. E o fez sem hesita\u00e7\u00f5es, certamente em reconhecimento pela brilhante, encantadora e destacada participa\u00e7\u00e3o do L\u00e9o em projeto de educa\u00e7\u00e3o fiscal desenvolvido pelo \u00f3rg\u00e3o fazend\u00e1rio, em 2013, e que contemplou v\u00e1rias localidades (quase todas desassistidas) de Bras\u00edlia com esquetes divertidas de modo a permitir que o p\u00fablico enfrentasse gostosamente tema t\u00e3o \u00e1rido para no fim cobrar dos governantes medidas em favor da popula\u00e7\u00e3o.. Por eu n\u00e3o ser t\u00e3o menino assim (todo mundo acha que nunca vai ficar velho), fui a in\u00fameros enterros. Mas esse&#8230; que como\u00e7\u00e3o. Juntou-se ali, naquele cemit\u00e9rio de Planaltina, onde eu nunca houvera pisado antes, um mont\u00e3o de pessoas, predominantemente jovens. Al\u00e9m dos familiares, fizeram-se presentes colegas de vizinhan\u00e7a, do trabalho, do teatro e das quadrilhas juninas, esses \u00faltimos vindos em \u00f4nibus pr\u00f3prio do grupo. \u00c9 duro, muito duro ouvir o choro generalizado e quase ininterrupto daquela coorte de atores e atrizes, de dan\u00e7arinos e dan\u00e7arinas na faixa et\u00e1ria de 20\/25 anos. Inquieta\u00e7\u00e3o e rebeldia de margem, jovens existem para sorrir e para vivificar. No final do vel\u00f3rio, logo ap\u00f3s a Tereza, sentidamente mas com a voz firme do povo das artes c\u00eanicas, ter lido bela mensagem de Santo Agostinho, atrevi-me a dizer algumas palavras ressaltando que j\u00e1 durava anos minha frustrante (porque imposs\u00edvel) miss\u00e3o: encontrar um inimigo ou inimiga do L\u00e9o. Acreditem, ele s\u00f3 tinha amigos e amigas. Nessas cerim\u00f4nias, pessoas surtam, cada uma a sua maneira. O f\u00e9retro chega ao local da \u00faltima morada, afasto-me um pouco para ceder lugar aos familiares.\u00a0Nisso, um dos rapazes come\u00e7a a gritar, gritar, gritar desesperadamente, lan\u00e7ando, pareceu-me, um convite, &#8220;Levanta da\u00ed, L\u00e9o, vem dan\u00e7ar com a gente. Levanta, vem dan\u00e7ar&#8221;, e prorrompe em choro. Os coveiros profissionalmente na fun\u00e7\u00e3o e, s\u00fabito, um baque surdo seguido de mais gritaria, s\u00f3 que dessa feita gritaria de muita gente, um coro assustador. Deu-se que a m\u00e3e do L\u00e9o, enfraquecida pela arrastada semana, noites insones de angustiante expectativa, desmaia e cai dentro da sepultura. A met\u00e1fora pronta. &#8220;Meu filho adorado, eu quero ir com voc\u00ea.&#8221; Diante da bela mensagem, L\u00e9o, que a Dayse lhe enviou, nada mais deveria ser dito, mas achei por bem lavrar a minha tamb\u00e9m, e longa, bem longa para ficar com voc\u00ea mais tempo na minha lembran\u00e7a. Saudades do meu amigo. &nbsp; 11 de abril de 2014 (058) mmsmarcos1953@hotmail.com<\/p>\n","protected":false},"author":1,"featured_media":0,"comment_status":"open","ping_status":"open","sticky":false,"template":"","format":"standard","meta":{"footnotes":""},"categories":[1],"tags":[],"class_list":["post-12898","post","type-post","status-publish","format-standard","hentry","category-sem-categoria"],"_links":{"self":[{"href":"https:\/\/mapati.com.br\/blogmapati\/wp-json\/wp\/v2\/posts\/12898","targetHints":{"allow":["GET"]}}],"collection":[{"href":"https:\/\/mapati.com.br\/blogmapati\/wp-json\/wp\/v2\/posts"}],"about":[{"href":"https:\/\/mapati.com.br\/blogmapati\/wp-json\/wp\/v2\/types\/post"}],"author":[{"embeddable":true,"href":"https:\/\/mapati.com.br\/blogmapati\/wp-json\/wp\/v2\/users\/1"}],"replies":[{"embeddable":true,"href":"https:\/\/mapati.com.br\/blogmapati\/wp-json\/wp\/v2\/comments?post=12898"}],"version-history":[{"count":0,"href":"https:\/\/mapati.com.br\/blogmapati\/wp-json\/wp\/v2\/posts\/12898\/revisions"}],"wp:attachment":[{"href":"https:\/\/mapati.com.br\/blogmapati\/wp-json\/wp\/v2\/media?parent=12898"}],"wp:term":[{"taxonomy":"category","embeddable":true,"href":"https:\/\/mapati.com.br\/blogmapati\/wp-json\/wp\/v2\/categories?post=12898"},{"taxonomy":"post_tag","embeddable":true,"href":"https:\/\/mapati.com.br\/blogmapati\/wp-json\/wp\/v2\/tags?post=12898"}],"curies":[{"name":"wp","href":"https:\/\/api.w.org\/{rel}","templated":true}]}}