{"id":12911,"date":"2015-12-22T16:56:19","date_gmt":"2015-12-22T16:56:19","guid":{"rendered":"http:\/\/mapati.com.br\/blog\/?p=792"},"modified":"2015-12-22T16:56:19","modified_gmt":"2015-12-22T16:56:19","slug":"poemas-de-uma-carioca-desgarrada-iii","status":"publish","type":"post","link":"https:\/\/mapati.com.br\/blogmapati\/poemas-de-uma-carioca-desgarrada-iii\/","title":{"rendered":"Poemas de uma carioca desgarrada (III)"},"content":{"rendered":"<p>Nunca conseguiremos prestar todas as homenagens que o Chico Anysio merece. Um homem que se casou\/descasou tantas vezes e embarcou amigo de todas as ex-mulheres n\u00e3o deve ser considerado pouca coisa.<\/p>\n<p>N\u00e3o bastasse, vasca\u00edno at\u00e9 aos (&#8220;\u00daltima flor do L\u00e1cio, inculta e bela&#8221;) dentes. Corria o segundo semestre de 1982, \u00e9poca na qual mor\u00e1vamos no Rio de Janeiro. Recordo-me de quando o comediante, o apresentador, o artista pl\u00e1stico, o escritor (querem mais?) ia ao col\u00e9gio buscar um dos filhos, o nascido da uni\u00e3o com a Alcione Mazzeo, se a mem\u00f3ria n\u00e3o me falha, e dos mais novos da prole mas hoje tamb\u00e9m quarent\u00e3o.<\/p>\n<p>Era no St. Patrick &#8211; n\u00e3o a unidade da Barra, a do Leblon (defenestrada do bairro em 2012), onde tamb\u00e9m estudava minha filha Patricia. Eu sempre o via na fila de pais e respons\u00e1veis que todo dia se formava ao lado do muro da escola. O j\u00e1 grande e famos\u00edssimo artista permanecia ali, t\u00edmido, sem nenhuma fuma\u00e7a de estrelismo, respeitando a ordem de chegada para libera\u00e7\u00e3o do filho, atitude bem diferente da encontrada por a\u00ed nos eventos p\u00fablicos e privados, sobretudo os ditos culturais.<\/p>\n<p>Vampirizo minha irm\u00e3 Norma.<\/p>\n<figure id=\"attachment_793\" aria-describedby=\"caption-attachment-793\" style=\"width: 428px\" class=\"wp-caption aligncenter\"><a href=\"http:\/\/2017.mapati.com.br\/wp-content\/uploads\/2015\/12\/bento_carneiro.jpg\" rel=\"attachment wp-att-793\"><img fetchpriority=\"high\" decoding=\"async\" class=\" wp-image-793\" src=\"http:\/\/2017.mapati.com.br\/wp-content\/uploads\/2015\/12\/bento_carneiro.jpg\" alt=\"http:\/\/www.somdovialejo.com.br\/%E2%80%9Cexercito-brasileiro-pufff%E2%80%9D\/\" width=\"428\" height=\"673\" \/><\/a><figcaption id=\"caption-attachment-793\" class=\"wp-caption-text\"><span style=\"font-size: 8pt;\">http:\/\/www.somdovialejo.com.br\/%E2%80%9Cexercito-brasileiro-pufff%E2%80%9D\/<\/span><\/figcaption><\/figure>\n<p style=\"text-align: center;\"><strong><span style=\"font-family: 'trebuchet ms', geneva, sans-serif;\">O VAMPIRO DESDENTADO<\/span><\/strong><\/p>\n<p style=\"text-align: center;\"><em><span style=\"font-family: 'trebuchet ms', geneva, sans-serif;\">O vampiro desdentado<\/span><\/em><br \/>\n<em><span style=\"font-family: 'trebuchet ms', geneva, sans-serif;\"> que de nada tinha<\/span><\/em><br \/>\n<em><span style=\"font-family: 'trebuchet ms', geneva, sans-serif;\"> de assombrado<\/span><\/em><br \/>\n<em><span style=\"font-family: 'trebuchet ms', geneva, sans-serif;\"> Dentadura pensou colocar<\/span><\/em><br \/>\n<span style=\"font-family: 'trebuchet ms', geneva, sans-serif;\">Ou<\/span><em><span style=\"font-family: 'trebuchet ms', geneva, sans-serif;\"> dente implantado usar<\/span><\/em><br \/>\n<em><span style=\"font-family: 'trebuchet ms', geneva, sans-serif;\"> P&#8217;ra m\u00f3di de poder morder<\/span><\/em><br \/>\n<em><span style=\"font-family: 'trebuchet ms', geneva, sans-serif;\"> E aos medrosos assombrar<\/span><\/em><br \/>\n<em><span style=\"font-family: 'trebuchet ms', geneva, sans-serif;\"> Mas nem dentadura<\/span><\/em><br \/>\n<em><span style=\"font-family: 'trebuchet ms', geneva, sans-serif;\"> Podia usar, porque de<\/span><\/em><br \/>\n<em><span style=\"font-family: 'trebuchet ms', geneva, sans-serif;\"> Dentista apenas uma vontade<\/span><\/em><br \/>\n<em><span style=\"font-family: 'trebuchet ms', geneva, sans-serif;\"> tinha, o vampiro desdentado,<\/span><\/em><br \/>\n<em><span style=\"font-family: 'trebuchet ms', geneva, sans-serif;\"> Deste s\u00f3 fazia correr<\/span><\/em><br \/>\n<em><span style=\"font-family: 'trebuchet ms', geneva, sans-serif;\"> E at\u00e9 morrer nem podia<\/span><\/em><br \/>\n<em><span style=\"font-family: 'trebuchet ms', geneva, sans-serif;\"> Porque vampiro n\u00e3o morre<\/span><\/em><br \/>\n<em><span style=\"font-family: 'trebuchet ms', geneva, sans-serif;\"> Sua sina \u00e9 o sangue<\/span><\/em><br \/>\n<em><span style=\"font-family: 'trebuchet ms', geneva, sans-serif;\"> De gente beber<\/span><\/em><br \/>\n<em><span style=\"font-family: 'trebuchet ms', geneva, sans-serif;\"> O vampiro vivia a sofrer<\/span><\/em><br \/>\n<em><span style=\"font-family: 'trebuchet ms', geneva, sans-serif;\"> E triste assim, resolveu<\/span><\/em><br \/>\n<em><span style=\"font-family: 'trebuchet ms', geneva, sans-serif;\"> De destino mudar<\/span><\/em><br \/>\n<em><span style=\"font-family: 'trebuchet ms', geneva, sans-serif;\"> Outra profiss\u00e3o aprender<\/span><\/em><br \/>\n<em><span style=\"font-family: 'trebuchet ms', geneva, sans-serif;\"> E de vampiro desdentado<\/span><\/em><br \/>\n<em><span style=\"font-family: 'trebuchet ms', geneva, sans-serif;\"> Dentista de vampiros passou<\/span><\/em><br \/>\n<em><span style=\"font-family: 'trebuchet ms', geneva, sans-serif;\"> A nova fun\u00e7\u00e3o exercer.<\/span><\/em><\/p>\n<p style=\"text-align: center;\"><span style=\"font-family: 'trebuchet ms', geneva, sans-serif;\">(Norma Martins)<\/span><\/p>\n<p>&nbsp;<\/p>\n<p style=\"text-align: right;\">19 de julho de 2014<\/p>\n<p style=\"text-align: right;\">(077)<\/p>\n<p style=\"text-align: right;\"><span style=\"color: #0000ff;\"><a style=\"color: #0000ff;\" href=\"mailto:mmsmarcos1975@hotmail.com\">mmsmarcos1975@hotmail.com<\/a><\/span><\/p>\n","protected":false},"excerpt":{"rendered":"<p>Nunca conseguiremos prestar todas as homenagens que o Chico Anysio merece. Um homem que se casou\/descasou tantas vezes e embarcou amigo de todas as ex-mulheres n\u00e3o deve ser considerado pouca coisa. N\u00e3o bastasse, vasca\u00edno at\u00e9 aos (&#8220;\u00daltima flor do L\u00e1cio, inculta e bela&#8221;) dentes. Corria o segundo semestre de 1982, \u00e9poca na qual mor\u00e1vamos no Rio de Janeiro. Recordo-me de quando o comediante, o apresentador, o artista pl\u00e1stico, o escritor (querem mais?) ia ao col\u00e9gio buscar um dos filhos, o nascido da uni\u00e3o com a Alcione Mazzeo, se a mem\u00f3ria n\u00e3o me falha, e dos mais novos da prole mas hoje tamb\u00e9m quarent\u00e3o. Era no St. Patrick &#8211; n\u00e3o a unidade da Barra, a do Leblon (defenestrada do bairro em 2012), onde tamb\u00e9m estudava minha filha Patricia. Eu sempre o via na fila de pais e respons\u00e1veis que todo dia se formava ao lado do muro da escola. O j\u00e1 grande e famos\u00edssimo artista permanecia ali, t\u00edmido, sem nenhuma fuma\u00e7a de estrelismo, respeitando a ordem de chegada para libera\u00e7\u00e3o do filho, atitude bem diferente da encontrada por a\u00ed nos eventos p\u00fablicos e privados, sobretudo os ditos culturais. Vampirizo minha irm\u00e3 Norma. O VAMPIRO DESDENTADO O vampiro desdentado que de nada tinha de assombrado Dentadura pensou colocar Ou dente implantado usar P&#8217;ra m\u00f3di de poder morder E aos medrosos assombrar Mas nem dentadura Podia usar, porque de Dentista apenas uma vontade tinha, o vampiro desdentado, Deste s\u00f3 fazia correr E at\u00e9 morrer nem podia Porque vampiro n\u00e3o morre Sua sina \u00e9 o sangue De gente beber O vampiro vivia a sofrer E triste assim, resolveu De destino mudar Outra profiss\u00e3o aprender E de vampiro desdentado Dentista de vampiros passou A nova fun\u00e7\u00e3o exercer. (Norma Martins) &nbsp; 19 de julho de 2014 (077) mmsmarcos1975@hotmail.com<\/p>\n","protected":false},"author":1,"featured_media":0,"comment_status":"open","ping_status":"open","sticky":false,"template":"","format":"standard","meta":{"footnotes":""},"categories":[1],"tags":[],"class_list":["post-12911","post","type-post","status-publish","format-standard","hentry","category-sem-categoria"],"_links":{"self":[{"href":"https:\/\/mapati.com.br\/blogmapati\/wp-json\/wp\/v2\/posts\/12911","targetHints":{"allow":["GET"]}}],"collection":[{"href":"https:\/\/mapati.com.br\/blogmapati\/wp-json\/wp\/v2\/posts"}],"about":[{"href":"https:\/\/mapati.com.br\/blogmapati\/wp-json\/wp\/v2\/types\/post"}],"author":[{"embeddable":true,"href":"https:\/\/mapati.com.br\/blogmapati\/wp-json\/wp\/v2\/users\/1"}],"replies":[{"embeddable":true,"href":"https:\/\/mapati.com.br\/blogmapati\/wp-json\/wp\/v2\/comments?post=12911"}],"version-history":[{"count":0,"href":"https:\/\/mapati.com.br\/blogmapati\/wp-json\/wp\/v2\/posts\/12911\/revisions"}],"wp:attachment":[{"href":"https:\/\/mapati.com.br\/blogmapati\/wp-json\/wp\/v2\/media?parent=12911"}],"wp:term":[{"taxonomy":"category","embeddable":true,"href":"https:\/\/mapati.com.br\/blogmapati\/wp-json\/wp\/v2\/categories?post=12911"},{"taxonomy":"post_tag","embeddable":true,"href":"https:\/\/mapati.com.br\/blogmapati\/wp-json\/wp\/v2\/tags?post=12911"}],"curies":[{"name":"wp","href":"https:\/\/api.w.org\/{rel}","templated":true}]}}