{"id":12920,"date":"2015-12-25T04:29:44","date_gmt":"2015-12-25T04:29:44","guid":{"rendered":"http:\/\/mapati.com.br\/blog\/?p=919"},"modified":"2015-12-25T04:29:44","modified_gmt":"2015-12-25T04:29:44","slug":"memoriasmemorialistas-xix","status":"publish","type":"post","link":"https:\/\/mapati.com.br\/blogmapati\/memoriasmemorialistas-xix\/","title":{"rendered":"Mem\u00f3rias\/Memorialistas (XIX)"},"content":{"rendered":"<p>Vamos continuar a amarra\u00e7\u00e3o dos trechos, ainda do primeiro volume, nos quais o Pedro Nava retrata a agonia dos que, para nosso deleite, urdem reminisc\u00eancias coligando o passado ao presente sem tisnar a realidade.<\/p>\n<p style=\"padding-left: 90px;\"><span style=\"font-family: 'trebuchet ms', geneva, sans-serif;\"><em>&#8220;(&#8230;) A essas analogias podem servir ainda certos fragmentos de mem\u00f3ria que &#8211; como nos sonhos, surgem, somem e remergulham feito coisas dentro de uma fervura de panela. Peda\u00e7os ora verdadeiros, ora ocultos por um s\u00edmbolo. S\u00e3o tudo chaves, as chaves que eu tamb\u00e9m usei para abrir nossa velha casa e entrar, como nos jamais (&#8230;). Dela tenho recorda\u00e7\u00f5es pessoais e n\u00e3o as recorda\u00e7\u00f5es de Proust. Recorda\u00e7\u00f5es que n\u00e3o posso sacrificar porque o \u00faltimo tamb\u00e9m as teve. N\u00e3o as roubei (&#8230;).<\/em><\/span><\/p>\n<p>Notem que o mineiro genial \u00e9 um fingidor porque n\u00e3o h\u00e1 como admitir tenha penado tanto para descrever o que j\u00e1 acontecera. A marca que fica \u00e9 de palavras ininterruptamente jogadas na tela, sem sacrif\u00edcio algum para o artista, que pinta letras duras mas po\u00e9ticas. Diante de fertilidade liter\u00e1ria impressionante, os ledores puxamos com acuidade o que ficou para tr\u00e1s, no embalo da vis\u00e3o retrospectiva dilatada que o escritor nos proporciona.<\/p>\n<figure id=\"attachment_920\" aria-describedby=\"caption-attachment-920\" style=\"width: 547px\" class=\"wp-caption aligncenter\"><a href=\"http:\/\/2017.mapati.com.br\/wp-content\/uploads\/2015\/12\/MM19.jpg\" rel=\"attachment wp-att-920\"><img fetchpriority=\"high\" decoding=\"async\" class=\" wp-image-920\" src=\"http:\/\/2017.mapati.com.br\/wp-content\/uploads\/2015\/12\/MM19.jpg\" alt=\"https:\/\/www.flickr.com\/photos\/leandromonteirorj\/5378701207\" width=\"547\" height=\"410\" \/><\/a><figcaption id=\"caption-attachment-920\" class=\"wp-caption-text\"><span style=\"font-size: 8pt;\">https:\/\/www.flickr.com\/photos\/leandromonteirorj\/5378701207<\/span><\/figcaption><\/figure>\n<p style=\"padding-left: 90px;\"><span style=\"font-family: 'trebuchet ms', geneva, sans-serif;\"><em>&#8220;(&#8230;) Diante de nossa casa, outro morro, esse coberto de vegeta\u00e7\u00e3o e diante dele o fuste das palmeiras imperiais que enchiam os jardins do 115. Conforme a hora e a disposi\u00e7\u00e3o dos ares, elas ficavam ora im\u00f3veis, como medusas pendendo entre duas \u00e1guas, como um \u00edndio imenso com o cocar parado nas esperas da tarde, ou ent\u00e3o se punham em movimento: eram polvos remexendo os tent\u00e1culos, caranguejeiras contraindo longas patas penugentas, Ant\u00edgonas sacudindo cabeleiras desesperadas, esqueletos dizendo adeus! ou bracejando e chamando em gestos de solene orat\u00f3ria. \u00c0s vezes eram escalpeladas pelos tuf\u00f5es e ficava s\u00f3 aquele dedo descarnado e apontando o c\u00e9u, coluna de ru\u00edna, como as colunas de Pers\u00e9polis.\u201d<\/em><\/span><\/p>\n<p>E quando, deslumbrados, sa\u00edmos do transe percebemos que ao longo dos seis livros de mem\u00f3ria o burilamento dos epis\u00f3dios, paradoxalmente, mais ainda nos aproxima da verdade c\u00eanica, sem encobrir o Nava eventualmente vil\u00e3o juramentado.<\/p>\n<p>&nbsp;<\/p>\n<p style=\"text-align: right;\">12 de outubro de 2014<\/p>\n<p style=\"text-align: right;\">(098)<\/p>\n<p style=\"text-align: right;\"><span style=\"color: #0000ff;\"><a style=\"color: #0000ff;\" href=\"mailto:mmsmarcos1953@hotmail.com\">mmsmarcos1953@hotmail.com<\/a><\/span><\/p>\n","protected":false},"excerpt":{"rendered":"<p>Vamos continuar a amarra\u00e7\u00e3o dos trechos, ainda do primeiro volume, nos quais o Pedro Nava retrata a agonia dos que, para nosso deleite, urdem reminisc\u00eancias coligando o passado ao presente sem tisnar a realidade. &#8220;(&#8230;) A essas analogias podem servir ainda certos fragmentos de mem\u00f3ria que &#8211; como nos sonhos, surgem, somem e remergulham feito coisas dentro de uma fervura de panela. Peda\u00e7os ora verdadeiros, ora ocultos por um s\u00edmbolo. S\u00e3o tudo chaves, as chaves que eu tamb\u00e9m usei para abrir nossa velha casa e entrar, como nos jamais (&#8230;). Dela tenho recorda\u00e7\u00f5es pessoais e n\u00e3o as recorda\u00e7\u00f5es de Proust. Recorda\u00e7\u00f5es que n\u00e3o posso sacrificar porque o \u00faltimo tamb\u00e9m as teve. N\u00e3o as roubei (&#8230;). Notem que o mineiro genial \u00e9 um fingidor porque n\u00e3o h\u00e1 como admitir tenha penado tanto para descrever o que j\u00e1 acontecera. A marca que fica \u00e9 de palavras ininterruptamente jogadas na tela, sem sacrif\u00edcio algum para o artista, que pinta letras duras mas po\u00e9ticas. Diante de fertilidade liter\u00e1ria impressionante, os ledores puxamos com acuidade o que ficou para tr\u00e1s, no embalo da vis\u00e3o retrospectiva dilatada que o escritor nos proporciona. &#8220;(&#8230;) Diante de nossa casa, outro morro, esse coberto de vegeta\u00e7\u00e3o e diante dele o fuste das palmeiras imperiais que enchiam os jardins do 115. Conforme a hora e a disposi\u00e7\u00e3o dos ares, elas ficavam ora im\u00f3veis, como medusas pendendo entre duas \u00e1guas, como um \u00edndio imenso com o cocar parado nas esperas da tarde, ou ent\u00e3o se punham em movimento: eram polvos remexendo os tent\u00e1culos, caranguejeiras contraindo longas patas penugentas, Ant\u00edgonas sacudindo cabeleiras desesperadas, esqueletos dizendo adeus! ou bracejando e chamando em gestos de solene orat\u00f3ria. \u00c0s vezes eram escalpeladas pelos tuf\u00f5es e ficava s\u00f3 aquele dedo descarnado e apontando o c\u00e9u, coluna de ru\u00edna, como as colunas de Pers\u00e9polis.\u201d E quando, deslumbrados, sa\u00edmos do transe percebemos que ao longo dos seis livros de mem\u00f3ria o burilamento dos epis\u00f3dios, paradoxalmente, mais ainda nos aproxima da verdade c\u00eanica, sem encobrir o Nava eventualmente vil\u00e3o juramentado. &nbsp; 12 de outubro de 2014 (098) mmsmarcos1953@hotmail.com<\/p>\n","protected":false},"author":1,"featured_media":0,"comment_status":"open","ping_status":"open","sticky":false,"template":"","format":"standard","meta":{"footnotes":""},"categories":[1],"tags":[],"class_list":["post-12920","post","type-post","status-publish","format-standard","hentry","category-sem-categoria"],"_links":{"self":[{"href":"https:\/\/mapati.com.br\/blogmapati\/wp-json\/wp\/v2\/posts\/12920","targetHints":{"allow":["GET"]}}],"collection":[{"href":"https:\/\/mapati.com.br\/blogmapati\/wp-json\/wp\/v2\/posts"}],"about":[{"href":"https:\/\/mapati.com.br\/blogmapati\/wp-json\/wp\/v2\/types\/post"}],"author":[{"embeddable":true,"href":"https:\/\/mapati.com.br\/blogmapati\/wp-json\/wp\/v2\/users\/1"}],"replies":[{"embeddable":true,"href":"https:\/\/mapati.com.br\/blogmapati\/wp-json\/wp\/v2\/comments?post=12920"}],"version-history":[{"count":0,"href":"https:\/\/mapati.com.br\/blogmapati\/wp-json\/wp\/v2\/posts\/12920\/revisions"}],"wp:attachment":[{"href":"https:\/\/mapati.com.br\/blogmapati\/wp-json\/wp\/v2\/media?parent=12920"}],"wp:term":[{"taxonomy":"category","embeddable":true,"href":"https:\/\/mapati.com.br\/blogmapati\/wp-json\/wp\/v2\/categories?post=12920"},{"taxonomy":"post_tag","embeddable":true,"href":"https:\/\/mapati.com.br\/blogmapati\/wp-json\/wp\/v2\/tags?post=12920"}],"curies":[{"name":"wp","href":"https:\/\/api.w.org\/{rel}","templated":true}]}}