{"id":12924,"date":"2015-12-25T19:33:49","date_gmt":"2015-12-25T19:33:49","guid":{"rendered":"http:\/\/mapati.com.br\/blog\/?p=995"},"modified":"2015-12-25T19:33:49","modified_gmt":"2015-12-25T19:33:49","slug":"cristalina-iv","status":"publish","type":"post","link":"https:\/\/mapati.com.br\/blogmapati\/cristalina-iv\/","title":{"rendered":"Cristalina (IV)"},"content":{"rendered":"<p style=\"padding-left: 90px;\"><span style=\"font-family: 'trebuchet ms', geneva, sans-serif;\"><em>\u201cA partir de 1450, o mundo vivia importantes transforma\u00e7\u00f5es. O com\u00e9rcio se desenvolvia, as cidades come\u00e7avam a se fortalecer, uma nova classe social de comerciantes denominada \u2018burguesia\u2019 se enriquecia, os estados nacionais europeus come\u00e7avam a se formar (inclusive, o primeiro estado a se formar foi o Portugu\u00eas) e, nesse processo de desenvolvimento de transforma\u00e7\u00f5es e mudan\u00e7as, a Am\u00e9rica era descoberta.<\/em><\/span><\/p>\n<p style=\"padding-left: 90px;\"><span style=\"font-family: 'trebuchet ms', geneva, sans-serif;\"><em>Colombo chegava \u00e0 Am\u00e9rica no ano de 1492, exatamente no dia da crian\u00e7a, ou seja, 12 de outubro.\u201d<\/em><\/span><\/p>\n<p>Primeiramente, a investida do Fernando nas artes c\u00eanicas; para n\u00f3s, retorno ao distante 1994, ano em que acontecia a primeira produ\u00e7\u00e3o teatral do Mapati: <em>Somos o que somos<\/em>.<\/p>\n<p style=\"padding-left: 90px;\"><span style=\"font-family: 'trebuchet ms', geneva, sans-serif;\"><em>\u201cColombo foi considerado o grande economista da hist\u00f3ria, aquele camarada que viajou n\u00e3o sabendo para onde, descobriu n\u00e3o sabia o que e era pago pelos Reis da Espanha, Dom Fernando e Dona Izabel de Castela.<\/em><\/span><\/p>\n<p style=\"padding-left: 90px;\"><span style=\"font-family: 'trebuchet ms', geneva, sans-serif;\"><em>Ao mesmo tempo, Portugal dava continuidade ao seu processo de chegar \u00e0s \u00cdndias, rumo ao Oriente, por volta do ano de 1498. Alguns anos depois da chegada de Colombo \u00e0 Am\u00e9rica, Vasco da Gama chegava \u00e0s \u00cdndias.<\/em><\/span><\/p>\n<p style=\"padding-left: 90px;\"><span style=\"font-family: 'trebuchet ms', geneva, sans-serif;\"><em>Ap\u00f3s a chegada de Vasco da Gama e buscando consolidar o processo da descoberta mar\u00edtima para as \u00cdndias, Portugal organizou uma nova esquadra, que deveria confirmar a chegada portuguesa ao Oriente(&#8230;).\u201d<\/em><\/span><\/p>\n<p>\u00c9 uma pe\u00e7a destinada em ess\u00eancia ao p\u00fablico adolescente, embora agrade geral. De forma picaresca e did\u00e1tica (aqui, algumas passagens do texto), aborda a Hist\u00f3ria do Brasil desde o descobrimento at\u00e9 a Era Collor, tendo sido escrita por Marcio Padilha, irm\u00e3o da Tereza, formado em Hist\u00f3ria pela UnB e h\u00e1 muito tempo renomado professor dessa mat\u00e9ria em diversos col\u00e9gios de Bras\u00edlia. Saliento que, nos prim\u00f3rdios do Mapati, encontr\u00e1vamo-nos perante t\u00edpico caso de nepotismo bom.<\/p>\n<p style=\"padding-left: 150px;\"><span style=\"font-family: 'trebuchet ms', geneva, sans-serif;\"><em>Cabral &#8211; Mas, \u00f4 p\u00e1, Caminhas, eu tenho quase certeza de que o caminho\u00a0para as \u00cdndias\u00a0 \u00e9 este! Tu n\u00e3o est\u00e1s vendo? Olha aqui no mapa. Olha aqui!<\/em><\/span><\/p>\n<p style=\"padding-left: 150px;\"><span style=\"font-family: 'trebuchet ms', geneva, sans-serif;\"><em>Caminha &#8211; Tu est\u00e1s perdido!<\/em><\/span><\/p>\n<p style=\"padding-left: 150px;\"><span style=\"font-family: 'trebuchet ms', geneva, sans-serif;\"><em>Cabral &#8211; Que perdido? Como estou perdido? Eu estou sabendo! J\u00e1 fiz esta viagem! Se\u00a0 n\u00e3o fiz, j\u00e1 vi este filme em algum lugar do passado! Eu n\u00e3o estou perdido!<\/em><\/span><\/p>\n<p style=\"padding-left: 150px;\"><span style=\"font-family: 'trebuchet ms', geneva, sans-serif;\"><em>Caminha &#8211; \u00c9, ent\u00e3o o que \u00e9 aquilo ali? S\u00e3o as \u00cdndias?<\/em><\/span><\/p>\n<p style=\"padding-left: 150px;\"><span style=\"font-family: 'trebuchet ms', geneva, sans-serif;\"><em>Cabral &#8211; Mas, \u00f4 p\u00e1, eu estou achando que \u00e9 muito cedo pra chegar \u00e0s \u00cdndias! O que ser\u00e1? \u00d4 da G\u00e1vea,\u00a0o que tem l\u00e1 na frente?<\/em><\/span><\/p>\n<p style=\"padding-left: 150px;\"><span style=\"font-family: 'trebuchet ms', geneva, sans-serif;\"><em>\u00a0<\/em><em>Terra \u00e0 vista!<\/em><\/span><\/p>\n<p><em>\u00a0<\/em>No subsolo de nosso espa\u00e7o cultural, ainda sem o terceiro pavimento terminado, os espectadores de tal encena\u00e7\u00e3o sentavam-se em balan\u00e7os pendentes do teto e espalhavam-se pelo centro do palco. Ali\u00e1s, tudo ali embaixo era palco. Mediante simples giro dos bancos de madeira, escorados por grossas cordas sem nenhuma tinta ou verniz, a plateia acompanhava as fren\u00e9ticas e coloridas cenas desenroladas tanto ao r\u00e9s do ch\u00e3o quanto nos plat\u00f4s de dois metros de altura montados nas paredes laterais. Ao desempenho das nove talentosas atrizes, idade entre 13 anos e 18 anos, somava-se a participa\u00e7\u00e3o especial do Fernando, que surgia no \u00faltimo ato, quase desnudo, enrolado na bandeira brasileira, como retratado no cartaz de divulga\u00e7\u00e3o.<\/p>\n<p>O p\u00fablico gostava do que via. Pretendemos reapresentar o espet\u00e1culo em 2015, fortes no anunciado compromisso governamental de dar \u00eanfase \u00e0 educa\u00e7\u00e3o.<\/p>\n<p><a href=\"http:\/\/2017.mapati.com.br\/wp-content\/uploads\/2015\/12\/Cristal4.jpg\" rel=\"attachment wp-att-996\"><img fetchpriority=\"high\" decoding=\"async\" class=\"size-full wp-image-996 aligncenter\" src=\"http:\/\/2017.mapati.com.br\/wp-content\/uploads\/2015\/12\/Cristal4.jpg\" alt=\"Cristal4\" width=\"394\" height=\"562\" \/><\/a><\/p>\n<p>&nbsp;<\/p>\n<p style=\"text-align: right;\">05 de janeiro de 2015<\/p>\n<p style=\"text-align: right;\">(112)<\/p>\n<p style=\"text-align: right;\"><span style=\"color: #0000ff;\"><a style=\"color: #0000ff;\" href=\"mailto:mmsmarcos1953@hotmail.com\">mmsmarcos1953@hotmail.com<\/a><\/span><\/p>\n","protected":false},"excerpt":{"rendered":"<p>\u201cA partir de 1450, o mundo vivia importantes transforma\u00e7\u00f5es. O com\u00e9rcio se desenvolvia, as cidades come\u00e7avam a se fortalecer, uma nova classe social de comerciantes denominada \u2018burguesia\u2019 se enriquecia, os estados nacionais europeus come\u00e7avam a se formar (inclusive, o primeiro estado a se formar foi o Portugu\u00eas) e, nesse processo de desenvolvimento de transforma\u00e7\u00f5es e mudan\u00e7as, a Am\u00e9rica era descoberta. Colombo chegava \u00e0 Am\u00e9rica no ano de 1492, exatamente no dia da crian\u00e7a, ou seja, 12 de outubro.\u201d Primeiramente, a investida do Fernando nas artes c\u00eanicas; para n\u00f3s, retorno ao distante 1994, ano em que acontecia a primeira produ\u00e7\u00e3o teatral do Mapati: Somos o que somos. \u201cColombo foi considerado o grande economista da hist\u00f3ria, aquele camarada que viajou n\u00e3o sabendo para onde, descobriu n\u00e3o sabia o que e era pago pelos Reis da Espanha, Dom Fernando e Dona Izabel de Castela. Ao mesmo tempo, Portugal dava continuidade ao seu processo de chegar \u00e0s \u00cdndias, rumo ao Oriente, por volta do ano de 1498. Alguns anos depois da chegada de Colombo \u00e0 Am\u00e9rica, Vasco da Gama chegava \u00e0s \u00cdndias. Ap\u00f3s a chegada de Vasco da Gama e buscando consolidar o processo da descoberta mar\u00edtima para as \u00cdndias, Portugal organizou uma nova esquadra, que deveria confirmar a chegada portuguesa ao Oriente(&#8230;).\u201d \u00c9 uma pe\u00e7a destinada em ess\u00eancia ao p\u00fablico adolescente, embora agrade geral. De forma picaresca e did\u00e1tica (aqui, algumas passagens do texto), aborda a Hist\u00f3ria do Brasil desde o descobrimento at\u00e9 a Era Collor, tendo sido escrita por Marcio Padilha, irm\u00e3o da Tereza, formado em Hist\u00f3ria pela UnB e h\u00e1 muito tempo renomado professor dessa mat\u00e9ria em diversos col\u00e9gios de Bras\u00edlia. Saliento que, nos prim\u00f3rdios do Mapati, encontr\u00e1vamo-nos perante t\u00edpico caso de nepotismo bom. Cabral &#8211; Mas, \u00f4 p\u00e1, Caminhas, eu tenho quase certeza de que o caminho\u00a0para as \u00cdndias\u00a0 \u00e9 este! Tu n\u00e3o est\u00e1s vendo? Olha aqui no mapa. Olha aqui! Caminha &#8211; Tu est\u00e1s perdido! Cabral &#8211; Que perdido? Como estou perdido? Eu estou sabendo! J\u00e1 fiz esta viagem! Se\u00a0 n\u00e3o fiz, j\u00e1 vi este filme em algum lugar do passado! Eu n\u00e3o estou perdido! Caminha &#8211; \u00c9, ent\u00e3o o que \u00e9 aquilo ali? S\u00e3o as \u00cdndias? Cabral &#8211; Mas, \u00f4 p\u00e1, eu estou achando que \u00e9 muito cedo pra chegar \u00e0s \u00cdndias! O que ser\u00e1? \u00d4 da G\u00e1vea,\u00a0o que tem l\u00e1 na frente? \u00a0Terra \u00e0 vista! \u00a0No subsolo de nosso espa\u00e7o cultural, ainda sem o terceiro pavimento terminado, os espectadores de tal encena\u00e7\u00e3o sentavam-se em balan\u00e7os pendentes do teto e espalhavam-se pelo centro do palco. Ali\u00e1s, tudo ali embaixo era palco. Mediante simples giro dos bancos de madeira, escorados por grossas cordas sem nenhuma tinta ou verniz, a plateia acompanhava as fren\u00e9ticas e coloridas cenas desenroladas tanto ao r\u00e9s do ch\u00e3o quanto nos plat\u00f4s de dois metros de altura montados nas paredes laterais. Ao desempenho das nove talentosas atrizes, idade entre 13 anos e 18 anos, somava-se a participa\u00e7\u00e3o especial do Fernando, que surgia no \u00faltimo ato, quase desnudo, enrolado na bandeira brasileira, como retratado no cartaz de divulga\u00e7\u00e3o. O p\u00fablico gostava do que via. Pretendemos reapresentar o espet\u00e1culo em 2015, fortes no anunciado compromisso governamental de dar \u00eanfase \u00e0 educa\u00e7\u00e3o. &nbsp; 05 de janeiro de 2015 (112) mmsmarcos1953@hotmail.com<\/p>\n","protected":false},"author":1,"featured_media":0,"comment_status":"open","ping_status":"open","sticky":false,"template":"","format":"standard","meta":{"footnotes":""},"categories":[1],"tags":[],"class_list":["post-12924","post","type-post","status-publish","format-standard","hentry","category-sem-categoria"],"_links":{"self":[{"href":"https:\/\/mapati.com.br\/blogmapati\/wp-json\/wp\/v2\/posts\/12924","targetHints":{"allow":["GET"]}}],"collection":[{"href":"https:\/\/mapati.com.br\/blogmapati\/wp-json\/wp\/v2\/posts"}],"about":[{"href":"https:\/\/mapati.com.br\/blogmapati\/wp-json\/wp\/v2\/types\/post"}],"author":[{"embeddable":true,"href":"https:\/\/mapati.com.br\/blogmapati\/wp-json\/wp\/v2\/users\/1"}],"replies":[{"embeddable":true,"href":"https:\/\/mapati.com.br\/blogmapati\/wp-json\/wp\/v2\/comments?post=12924"}],"version-history":[{"count":0,"href":"https:\/\/mapati.com.br\/blogmapati\/wp-json\/wp\/v2\/posts\/12924\/revisions"}],"wp:attachment":[{"href":"https:\/\/mapati.com.br\/blogmapati\/wp-json\/wp\/v2\/media?parent=12924"}],"wp:term":[{"taxonomy":"category","embeddable":true,"href":"https:\/\/mapati.com.br\/blogmapati\/wp-json\/wp\/v2\/categories?post=12924"},{"taxonomy":"post_tag","embeddable":true,"href":"https:\/\/mapati.com.br\/blogmapati\/wp-json\/wp\/v2\/tags?post=12924"}],"curies":[{"name":"wp","href":"https:\/\/api.w.org\/{rel}","templated":true}]}}