{"id":12928,"date":"2015-12-25T19:36:01","date_gmt":"2015-12-25T19:36:01","guid":{"rendered":"http:\/\/mapati.com.br\/blog\/?p=1009"},"modified":"2015-12-25T19:36:01","modified_gmt":"2015-12-25T19:36:01","slug":"cristalina-vi","status":"publish","type":"post","link":"https:\/\/mapati.com.br\/blogmapati\/cristalina-vi\/","title":{"rendered":"Cristalina (VI)"},"content":{"rendered":"<p>Misturarei os integrantes da ficha t\u00e9cnica e do rol dos agradecimentos com os do elenco da fita (perd\u00e3o pelo termo). Sou chegado a alguns deles por decorr\u00eancia de jornadas profissionais conjuntas, tendo um significativo n\u00famero desses companheiros e companheiras nas \u00faltimas duas d\u00e9cadas j\u00e1 desenvolvido atividades art\u00edsticas no Mapati, do que muito me orgulho.<\/p>\n<figure id=\"attachment_1010\" aria-describedby=\"caption-attachment-1010\" style=\"width: 396px\" class=\"wp-caption aligncenter\"><a href=\"http:\/\/2017.mapati.com.br\/wp-content\/uploads\/2015\/12\/Cristal6.jpg\" rel=\"attachment wp-att-1010\"><img fetchpriority=\"high\" decoding=\"async\" class=\" wp-image-1010\" src=\"http:\/\/2017.mapati.com.br\/wp-content\/uploads\/2015\/12\/Cristal6.jpg\" alt=\"http:\/\/filmow.com\/o-cego-que-gritava-luz-t29264\/\" width=\"396\" height=\"592\" \/><\/a><figcaption id=\"caption-attachment-1010\" class=\"wp-caption-text\"><span style=\"font-size: 8pt;\">http:\/\/filmow.com\/o-cego-que-gritava-luz-t29264\/<\/span><\/figcaption><\/figure>\n<p>Antes de listar os nomes, n\u00e3o exaustivamente, em ordem alfab\u00e9tica, embolando todos e todas como disse, revelo minha surpresa ao ver, ali, o nome de minha segunda filha, Mariana Padilha, hoje com trinta e cinco anos de idade. N\u00e3o me lembrava de sua participa\u00e7\u00e3o em \u201cO cego que gritava luz\u201d, mas sabia que a Tereza, m\u00e3e dela, aparecia nos cr\u00e9ditos como figurante e respons\u00e1vel pelo <em>casting<\/em>: Se n\u00e3o houve pagamento de cach\u00ea, n\u00e3o \u00e9 caso de nepotismo. Vamos l\u00e1.<\/p>\n<p style=\"padding-left: 60px;\"><strong><em>Adilson Veiga<\/em> <\/strong>\u00a0(aparece na lista como \u201cajudante\u201d; sem esse apoio, nenhum filme vinga);<\/p>\n<p style=\"padding-left: 60px;\"><strong><em>Alaor Rosa<\/em><\/strong> \u00a0(vai segurar o Cena Contempor\u00e2nea; tor\u00e7o para dar tudo certo);<\/p>\n<p style=\"padding-left: 60px;\"><strong><em>Alexandre Ribondi<\/em> <\/strong>\u00a0(tamb\u00e9m bom jornalista);<\/p>\n<p style=\"padding-left: 60px;\"><em><strong>Andrade Jr.<\/strong> <\/em>\u00a0(quantos filmes no curr\u00edculo? j\u00e1 teria barrado o Wilson Grey?);<\/p>\n<p style=\"padding-left: 60px;\"><strong><em>Andre Luiz Mendes de Ara\u00fajo <\/em><\/strong>\u00a0(ser\u00e1 o Andre Mendes companheiro meu de uma de minhas viagens pelo Mapati ao Mato Grosso?);<\/p>\n<p style=\"padding-left: 60px;\"><strong><em>Antenor Martins <\/em><\/strong>\u00a0(se \u00e9 quem estou pensando, n\u00e3o o vejo h\u00e1 mil\u00eanios);<\/p>\n<p style=\"padding-left: 60px;\"><strong><em>Bid\u00f4 Galv\u00e3o<\/em><\/strong> \u00a0(mulher verdadeiramente dram\u00e1tica &#8211; no palco);<\/p>\n<p style=\"padding-left: 60px;\"><strong><em>Carmem Moretzsohn<\/em><\/strong> \u00a0(tamb\u00e9m boa jornalista);<\/p>\n<p style=\"padding-left: 60px;\"><strong><em>Chico Sant\u2019Anna<\/em> <\/strong>\u00a0(bom ator);<\/p>\n<p style=\"padding-left: 60px;\"><strong><em>Cibele Amaral<\/em> <\/strong>\u00a0(vi-a um dia desses; bela menina cineasta);<\/p>\n<p style=\"padding-left: 60px;\"><strong><em>Clarice Cardell<\/em><\/strong> \u00a0(desde muito tempo, sempre cheia de planos profissionais);<\/p>\n<p style=\"padding-left: 60px;\"><strong><em>Eduardo Cabral<\/em><\/strong> \u00a0(um anotador da hist\u00f3ria da cultura de Bras\u00edlia);<\/p>\n<p style=\"padding-left: 60px;\"><strong><em>Francisco Gon\u00e7alo Ribeiro<\/em> <\/strong>\u00a0(outro ajudante; vide \u201cAdilson Veiga\u201d, acima);<\/p>\n<p style=\"padding-left: 60px;\"><em><strong>Geraldo Magela<\/strong> <\/em>\u00a0(n\u00e3o voto nele, embora reconhe\u00e7a que foi um dos realizadores do Olhos d\u2019\u00c1gua, dos mais apraz\u00edveis e especiais parques de Bras\u00edlia, com a virtude de ser ao lado da 212N, minha casa);<\/p>\n<p style=\"padding-left: 60px;\"><strong><em>Guilherme Reis<\/em> <\/strong>\u00a0(encontramo-nos neste in\u00edcio de ano num <em>shopping <\/em>de Bras\u00edlia; conversa r\u00e1pida; not\u00f3rio realizador na iniciativa privada, ele j\u00e1 ter\u00e1 marcado sua gest\u00e3o \u00e0 frente da secretaria caso consiga profissionalizar o quadro de pessoal, preval\u00eancia dos t\u00e9cnicos da casa &#8211; o famoso corporativismo sadio);<\/p>\n<p style=\"padding-left: 60px;\"><strong><em>Ja\u00fa da Silva Gomes<\/em> <\/strong>\u00a0(a cozinheira; atualmente deve ser dona de algum restaurante por a\u00ed);<\/p>\n<p style=\"padding-left: 60px;\"><strong><em>Jo\u00e3o Timotheo Porto <\/em><\/strong>\u00a0(n\u00e3o sabia que levava Jo\u00e3o no nome; outro doce de pessoa);<\/p>\n<p style=\"padding-left: 60px;\"><strong><em>Jose Roberto Arruda<\/em><\/strong> \u00a0(aquele mesmo);<\/p>\n<p style=\"padding-left: 60px;\"><strong><em>Luiz Guilherme Batista<\/em><\/strong> \u00a0(n\u00e3o bastasse ser bom ator e militante sindical em prol dos interesses dos professores e professoras, ainda \u00e9 pai de uma formosura de atriz, a Isabela Batista, que, quando adolescente, brilhou muito em nosso caminh\u00e3o-palco);<\/p>\n<p style=\"padding-left: 60px;\"><strong><em>Maria Luiza Dornas<\/em><\/strong> \u00a0(eu e minha irm\u00e3 Norma, um de n\u00f3s dois estudou com a ex-secret\u00e1ria de cultura no prim\u00e1rio &#8211; na Escola Classe 106 Sul e na Escola Parque da 308 Sul);<\/p>\n<p style=\"padding-left: 60px;\"><strong><em>Mariane Vicentine <\/em><\/strong>\u00a0(lembro dela na Faculdade Dulcina, meados dos anos de 1980, uma bonequinha, estudante aplicada);<\/p>\n<p style=\"padding-left: 60px;\"><strong><em>Mila Pretillo<\/em> <\/strong>\u00a0(fotografou tudo);<\/p>\n<p style=\"padding-left: 60px;\"><em><strong>Murilo Grossi<\/strong> <\/em>\u00a0(outro doce de pessoa, tamb\u00e9m um bom professor);<\/p>\n<p style=\"padding-left: 60px;\"><em><strong>Poliana Abritta<\/strong> <\/em>\u00a0(a menina hoje fant\u00e1stica iluminou a pel\u00edcula, nos bastidores);<\/p>\n<p style=\"padding-left: 60px;\"><strong><em>Renato Matos<\/em><\/strong> \u00a0(o multiartista talentoso; nos \u00faltimos anos, compareci a todas as feiras do troca; dispensando o pequi, ainda um advers\u00e1rio meu, almo\u00e7o na barraca da Carmem, prima do atual prefeito de Alex\u00e2nia);<\/p>\n<p style=\"padding-left: 60px;\"><em><strong>Rodrigo Rolemberg<\/strong> <\/em>\u00a0(esse mesmo);<\/p>\n<p style=\"padding-left: 60px;\"><em><strong>Romario Schetino<\/strong> <\/em>\u00a0(tamb\u00e9m bom radialista);<\/p>\n<p style=\"padding-left: 60px;\"><em><strong>Siri<\/strong> \u00a0<\/em>(ser\u00e1 o Adriano do <em>Melhores do Mundo<\/em>?);<\/p>\n<p style=\"padding-left: 60px;\"><strong><em>Tulio Guimar\u00e3es<\/em><\/strong> \u00a0(com seus simp\u00e1ticos velhotes e velhotas, que, a cada aula do mestre, deixam de ser aprendizes);<\/p>\n<p style=\"padding-left: 60px;\"><strong><em>Wilson Marinho<\/em> <\/strong>\u00a0(meu colega de Bacen?).<\/p>\n<p>&nbsp;<\/p>\n<p style=\"text-align: right;\">13 de fevereiro de 2015<\/p>\n<p style=\"text-align: right;\">(116)<\/p>\n<p style=\"text-align: right;\"><span style=\"color: #0000ff;\"><a style=\"color: #0000ff;\" href=\"mailto:mmsmarcos1953@hotmail.com\">mmsmarcos1953@hotmail.com<\/a><\/span><\/p>\n","protected":false},"excerpt":{"rendered":"<p>Misturarei os integrantes da ficha t\u00e9cnica e do rol dos agradecimentos com os do elenco da fita (perd\u00e3o pelo termo). Sou chegado a alguns deles por decorr\u00eancia de jornadas profissionais conjuntas, tendo um significativo n\u00famero desses companheiros e companheiras nas \u00faltimas duas d\u00e9cadas j\u00e1 desenvolvido atividades art\u00edsticas no Mapati, do que muito me orgulho. Antes de listar os nomes, n\u00e3o exaustivamente, em ordem alfab\u00e9tica, embolando todos e todas como disse, revelo minha surpresa ao ver, ali, o nome de minha segunda filha, Mariana Padilha, hoje com trinta e cinco anos de idade. N\u00e3o me lembrava de sua participa\u00e7\u00e3o em \u201cO cego que gritava luz\u201d, mas sabia que a Tereza, m\u00e3e dela, aparecia nos cr\u00e9ditos como figurante e respons\u00e1vel pelo casting: Se n\u00e3o houve pagamento de cach\u00ea, n\u00e3o \u00e9 caso de nepotismo. Vamos l\u00e1. Adilson Veiga \u00a0(aparece na lista como \u201cajudante\u201d; sem esse apoio, nenhum filme vinga); Alaor Rosa \u00a0(vai segurar o Cena Contempor\u00e2nea; tor\u00e7o para dar tudo certo); Alexandre Ribondi \u00a0(tamb\u00e9m bom jornalista); Andrade Jr. \u00a0(quantos filmes no curr\u00edculo? j\u00e1 teria barrado o Wilson Grey?); Andre Luiz Mendes de Ara\u00fajo \u00a0(ser\u00e1 o Andre Mendes companheiro meu de uma de minhas viagens pelo Mapati ao Mato Grosso?); Antenor Martins \u00a0(se \u00e9 quem estou pensando, n\u00e3o o vejo h\u00e1 mil\u00eanios); Bid\u00f4 Galv\u00e3o \u00a0(mulher verdadeiramente dram\u00e1tica &#8211; no palco); Carmem Moretzsohn \u00a0(tamb\u00e9m boa jornalista); Chico Sant\u2019Anna \u00a0(bom ator); Cibele Amaral \u00a0(vi-a um dia desses; bela menina cineasta); Clarice Cardell \u00a0(desde muito tempo, sempre cheia de planos profissionais); Eduardo Cabral \u00a0(um anotador da hist\u00f3ria da cultura de Bras\u00edlia); Francisco Gon\u00e7alo Ribeiro \u00a0(outro ajudante; vide \u201cAdilson Veiga\u201d, acima); Geraldo Magela \u00a0(n\u00e3o voto nele, embora reconhe\u00e7a que foi um dos realizadores do Olhos d\u2019\u00c1gua, dos mais apraz\u00edveis e especiais parques de Bras\u00edlia, com a virtude de ser ao lado da 212N, minha casa); Guilherme Reis \u00a0(encontramo-nos neste in\u00edcio de ano num shopping de Bras\u00edlia; conversa r\u00e1pida; not\u00f3rio realizador na iniciativa privada, ele j\u00e1 ter\u00e1 marcado sua gest\u00e3o \u00e0 frente da secretaria caso consiga profissionalizar o quadro de pessoal, preval\u00eancia dos t\u00e9cnicos da casa &#8211; o famoso corporativismo sadio); Ja\u00fa da Silva Gomes \u00a0(a cozinheira; atualmente deve ser dona de algum restaurante por a\u00ed); Jo\u00e3o Timotheo Porto \u00a0(n\u00e3o sabia que levava Jo\u00e3o no nome; outro doce de pessoa); Jose Roberto Arruda \u00a0(aquele mesmo); Luiz Guilherme Batista \u00a0(n\u00e3o bastasse ser bom ator e militante sindical em prol dos interesses dos professores e professoras, ainda \u00e9 pai de uma formosura de atriz, a Isabela Batista, que, quando adolescente, brilhou muito em nosso caminh\u00e3o-palco); Maria Luiza Dornas \u00a0(eu e minha irm\u00e3 Norma, um de n\u00f3s dois estudou com a ex-secret\u00e1ria de cultura no prim\u00e1rio &#8211; na Escola Classe 106 Sul e na Escola Parque da 308 Sul); Mariane Vicentine \u00a0(lembro dela na Faculdade Dulcina, meados dos anos de 1980, uma bonequinha, estudante aplicada); Mila Pretillo \u00a0(fotografou tudo); Murilo Grossi \u00a0(outro doce de pessoa, tamb\u00e9m um bom professor); Poliana Abritta \u00a0(a menina hoje fant\u00e1stica iluminou a pel\u00edcula, nos bastidores); Renato Matos \u00a0(o multiartista talentoso; nos \u00faltimos anos, compareci a todas as feiras do troca; dispensando o pequi, ainda um advers\u00e1rio meu, almo\u00e7o na barraca da Carmem, prima do atual prefeito de Alex\u00e2nia); Rodrigo Rolemberg \u00a0(esse mesmo); Romario Schetino \u00a0(tamb\u00e9m bom radialista); Siri \u00a0(ser\u00e1 o Adriano do Melhores do Mundo?); Tulio Guimar\u00e3es \u00a0(com seus simp\u00e1ticos velhotes e velhotas, que, a cada aula do mestre, deixam de ser aprendizes); Wilson Marinho \u00a0(meu colega de Bacen?). &nbsp; 13 de fevereiro de 2015 (116) mmsmarcos1953@hotmail.com<\/p>\n","protected":false},"author":1,"featured_media":0,"comment_status":"open","ping_status":"open","sticky":false,"template":"","format":"standard","meta":{"footnotes":""},"categories":[1],"tags":[],"class_list":["post-12928","post","type-post","status-publish","format-standard","hentry","category-sem-categoria"],"_links":{"self":[{"href":"https:\/\/mapati.com.br\/blogmapati\/wp-json\/wp\/v2\/posts\/12928","targetHints":{"allow":["GET"]}}],"collection":[{"href":"https:\/\/mapati.com.br\/blogmapati\/wp-json\/wp\/v2\/posts"}],"about":[{"href":"https:\/\/mapati.com.br\/blogmapati\/wp-json\/wp\/v2\/types\/post"}],"author":[{"embeddable":true,"href":"https:\/\/mapati.com.br\/blogmapati\/wp-json\/wp\/v2\/users\/1"}],"replies":[{"embeddable":true,"href":"https:\/\/mapati.com.br\/blogmapati\/wp-json\/wp\/v2\/comments?post=12928"}],"version-history":[{"count":0,"href":"https:\/\/mapati.com.br\/blogmapati\/wp-json\/wp\/v2\/posts\/12928\/revisions"}],"wp:attachment":[{"href":"https:\/\/mapati.com.br\/blogmapati\/wp-json\/wp\/v2\/media?parent=12928"}],"wp:term":[{"taxonomy":"category","embeddable":true,"href":"https:\/\/mapati.com.br\/blogmapati\/wp-json\/wp\/v2\/categories?post=12928"},{"taxonomy":"post_tag","embeddable":true,"href":"https:\/\/mapati.com.br\/blogmapati\/wp-json\/wp\/v2\/tags?post=12928"}],"curies":[{"name":"wp","href":"https:\/\/api.w.org\/{rel}","templated":true}]}}