{"id":12956,"date":"2015-12-30T17:30:50","date_gmt":"2015-12-30T17:30:50","guid":{"rendered":"http:\/\/mapati.com.br\/blog\/?p=1233"},"modified":"2015-12-30T17:30:50","modified_gmt":"2015-12-30T17:30:50","slug":"primeira-estrela","status":"publish","type":"post","link":"https:\/\/mapati.com.br\/blogmapati\/primeira-estrela\/","title":{"rendered":"Primeira estrela"},"content":{"rendered":"<p>Dotado de metidez insuport\u00e1vel e assumida conforme termo lavrado em cart\u00f3rio, novamente proclamo aos quatro ventos, estocados ou n\u00e3o:<\/p>\n<p>Mariana, uma das minhas duas filhas, nasceu no Dia da Crian\u00e7a, exatamente em 1979, ano declarado pela ONU Ano Internacional das Crian\u00e7as. Apesar de ser a segunda da fila (Patricia, a primog\u00eanita, veio \u00e0 luz em 1975), ela, Mariana, representa a primeira s\u00edlaba de \u201cMapati\u201d. A \u00faltima s\u00edlaba, como uns e umas sabem, \u00e9 a do ca\u00e7ula, Tiago, o Meu Velha, o menininho que ser\u00e1 menininho para sempre e que \u00e9 a raz\u00e3o principal da funda\u00e7\u00e3o do meu teatro.<br \/>\n12 de outubro de 2015 j\u00e1 aparece marcado na folhinha deflagrando meu prazo para, al\u00e9m dos parab\u00e9ns a minha filha aniversariante, dizer algo sobre esse dia t\u00e3o relevante, t\u00e3o especial.<br \/>\nDulcina de Moraes, quando perguntada o que achara de um espet\u00e1culo no ju\u00edzo dela ruim, amador, sofr\u00edvel, exclamava sem hesita\u00e7\u00f5es: \u201cN\u00e3o tenho palavras.\u201d As artes c\u00eanicas se faziam presentes ali, na sua plenitude e esplendor. Atores, atrizes, diretores, diretoras, cen\u00f3grafos, cen\u00f3grafas, produtores, produtoras, bilheteiros, bilheteiras (d\u00e1 um trabalh\u00e3o a linguagem feminista), \u00e1vidos pelo parecer da diva, nunca sa\u00edam desapontados. Tampouco estouravam de satisfa\u00e7\u00e3o &#8211; pois a c\u00e9lebre atriz, m\u00e3e de todo mundo que brilhou e brilha nos palcos nesses \u00faltimos cinquenta anos, deixava-os em d\u00favida sobre se aquele \u201cn\u00e3o tenho palavras\u201d externado com caras, muitas, e bocas, muitas, era elogio ao \u201cbelo\u201d trabalho. Sabem de nada, inocentes.<br \/>\nExalta\u00e7\u00e3o merecida e justa \u00e0 data n\u00e3o me ocorre. O Mapati preponderantemente dedicado \u00e0s crian\u00e7as e eu sem capacidade de passar um recado pelo menos simp\u00e1tico a essa turminha.<br \/>\nPara meu regozijo (como diria o Helio Fernandes, que palavra) e o de voc\u00eas tamb\u00e9m, entram em cena Luli e Lucina (a S\u00f4nia Prazeres, compositora, forma o trio), profissionais que entendem do riscado (mais uma express\u00e3o nov\u00edssima). Duas mulheres corajosas, m\u00e3es de filhos e filhas com pai em comum. Tempos atr\u00e1s, morando em s\u00edtio, compondo no Rio de Janeiro, acontecendo em S\u00e3o Paulo, a dupla vanguardista fez hist\u00f3ria na m\u00fasica popular brasileira.<br \/>\nEm realidade, ainda faz, cada uma em seu canto.<\/p>\n<figure id=\"attachment_1234\" aria-describedby=\"caption-attachment-1234\" style=\"width: 724px\" class=\"wp-caption alignright\"><a href=\"http:\/\/2017.mapati.com.br\/wp-content\/uploads\/2015\/12\/primeiraestrela.jpg\" rel=\"attachment wp-att-1234\"><img fetchpriority=\"high\" decoding=\"async\" class=\"size-full wp-image-1234\" src=\"http:\/\/2017.mapati.com.br\/wp-content\/uploads\/2015\/12\/primeiraestrela.jpg\" alt=\"http:\/\/www.mattosquela.com.br\/2010\/08\/para-virar-estrela.html\" width=\"724\" height=\"489\" srcset=\"https:\/\/mapati.com.br\/blogmapati\/wp-content\/uploads\/2015\/12\/primeiraestrela.jpg 724w, https:\/\/mapati.com.br\/blogmapati\/wp-content\/uploads\/2015\/12\/primeiraestrela-300x203.jpg 300w, https:\/\/mapati.com.br\/blogmapati\/wp-content\/uploads\/2015\/12\/primeiraestrela-200x135.jpg 200w, https:\/\/mapati.com.br\/blogmapati\/wp-content\/uploads\/2015\/12\/primeiraestrela-400x270.jpg 400w, https:\/\/mapati.com.br\/blogmapati\/wp-content\/uploads\/2015\/12\/primeiraestrela-600x405.jpg 600w\" sizes=\"(max-width: 724px) 100vw, 724px\" \/><\/a><figcaption id=\"caption-attachment-1234\" class=\"wp-caption-text\"><span style=\"font-size: 8pt;\">http:\/\/www.mattosquela.com.br\/2010\/08\/para-virar-estrela.html<\/span><\/figcaption><\/figure>\n<p style=\"text-align: center;\"><strong><span style=\"font-family: 'trebuchet ms', geneva, sans-serif;\">PRIMEIRA ESTRELA<\/span><\/strong><\/p>\n<p style=\"text-align: center;\"><em><span style=\"font-family: 'trebuchet ms', geneva, sans-serif;\">na porta do mundo<\/span><\/em><br \/>\n<em><span style=\"font-family: 'trebuchet ms', geneva, sans-serif;\">tem uma roseira<\/span><\/em><br \/>\n<em><span style=\"font-family: 'trebuchet ms', geneva, sans-serif;\">que flora e chora<\/span><\/em><br \/>\n<em><span style=\"font-family: 'trebuchet ms', geneva, sans-serif;\">n\u00e3o tem ventania <\/span><\/em><br \/>\n<em><span style=\"font-family: 'trebuchet ms', geneva, sans-serif;\">que apague a candeia <\/span><\/em><br \/>\n<em><span style=\"font-family: 'trebuchet ms', geneva, sans-serif;\">do sentimento<\/span><\/em><\/p>\n<p style=\"text-align: center;\"><em><span style=\"font-family: 'trebuchet ms', geneva, sans-serif;\">no p\u00e9 do vento <\/span><\/em><br \/>\n<em><span style=\"font-family: 'trebuchet ms', geneva, sans-serif;\">tem uma cantiga<\/span><\/em><br \/>\n<em><span style=\"font-family: 'trebuchet ms', geneva, sans-serif;\">que quando sopra <\/span><\/em><br \/>\n<em><span style=\"font-family: 'trebuchet ms', geneva, sans-serif;\">roda a menina <\/span><\/em><br \/>\n<em><span style=\"font-family: 'trebuchet ms', geneva, sans-serif;\">derrama a alegria<\/span><\/em><br \/>\n<em><span style=\"font-family: 'trebuchet ms', geneva, sans-serif;\">real\u00e7a o dia<\/span><\/em><\/p>\n<p style=\"text-align: center;\"><em><span style=\"font-family: 'trebuchet ms', geneva, sans-serif;\">toda crian\u00e7a que nasce <\/span><\/em><br \/>\n<em><span style=\"font-family: 'trebuchet ms', geneva, sans-serif;\">parece a primeira estrela<\/span><\/em><br \/>\n<em><span style=\"font-family: 'trebuchet ms', geneva, sans-serif;\">amor promessa <\/span><\/em><br \/>\n<em><span style=\"font-family: 'trebuchet ms', geneva, sans-serif;\">brilhando no c\u00e9u do tempo<\/span><\/em><\/p>\n<p style=\"text-align: center;\"><span style=\"font-family: 'trebuchet ms', geneva, sans-serif;\">(Luli e Lucina)<\/span><\/p>\n<p>https:\/\/youtu.be\/8ry5Wi5TcUU<\/p>\n<p>&nbsp;<\/p>\n<p style=\"text-align: right;\">12 de outubro de 2015<\/p>\n<p style=\"text-align: right;\">(153)<\/p>\n<p style=\"text-align: right;\"><span style=\"color: #0000ff;\">mmsmarcos1953@hotmail.com<\/span><\/p>\n","protected":false},"excerpt":{"rendered":"<p>Dotado de metidez insuport\u00e1vel e assumida conforme termo lavrado em cart\u00f3rio, novamente proclamo aos quatro ventos, estocados ou n\u00e3o: Mariana, uma das minhas duas filhas, nasceu no Dia da Crian\u00e7a, exatamente em 1979, ano declarado pela ONU Ano Internacional das Crian\u00e7as. Apesar de ser a segunda da fila (Patricia, a primog\u00eanita, veio \u00e0 luz em 1975), ela, Mariana, representa a primeira s\u00edlaba de \u201cMapati\u201d. A \u00faltima s\u00edlaba, como uns e umas sabem, \u00e9 a do ca\u00e7ula, Tiago, o Meu Velha, o menininho que ser\u00e1 menininho para sempre e que \u00e9 a raz\u00e3o principal da funda\u00e7\u00e3o do meu teatro. 12 de outubro de 2015 j\u00e1 aparece marcado na folhinha deflagrando meu prazo para, al\u00e9m dos parab\u00e9ns a minha filha aniversariante, dizer algo sobre esse dia t\u00e3o relevante, t\u00e3o especial. Dulcina de Moraes, quando perguntada o que achara de um espet\u00e1culo no ju\u00edzo dela ruim, amador, sofr\u00edvel, exclamava sem hesita\u00e7\u00f5es: \u201cN\u00e3o tenho palavras.\u201d As artes c\u00eanicas se faziam presentes ali, na sua plenitude e esplendor. Atores, atrizes, diretores, diretoras, cen\u00f3grafos, cen\u00f3grafas, produtores, produtoras, bilheteiros, bilheteiras (d\u00e1 um trabalh\u00e3o a linguagem feminista), \u00e1vidos pelo parecer da diva, nunca sa\u00edam desapontados. Tampouco estouravam de satisfa\u00e7\u00e3o &#8211; pois a c\u00e9lebre atriz, m\u00e3e de todo mundo que brilhou e brilha nos palcos nesses \u00faltimos cinquenta anos, deixava-os em d\u00favida sobre se aquele \u201cn\u00e3o tenho palavras\u201d externado com caras, muitas, e bocas, muitas, era elogio ao \u201cbelo\u201d trabalho. Sabem de nada, inocentes. Exalta\u00e7\u00e3o merecida e justa \u00e0 data n\u00e3o me ocorre. O Mapati preponderantemente dedicado \u00e0s crian\u00e7as e eu sem capacidade de passar um recado pelo menos simp\u00e1tico a essa turminha. Para meu regozijo (como diria o Helio Fernandes, que palavra) e o de voc\u00eas tamb\u00e9m, entram em cena Luli e Lucina (a S\u00f4nia Prazeres, compositora, forma o trio), profissionais que entendem do riscado (mais uma express\u00e3o nov\u00edssima). Duas mulheres corajosas, m\u00e3es de filhos e filhas com pai em comum. Tempos atr\u00e1s, morando em s\u00edtio, compondo no Rio de Janeiro, acontecendo em S\u00e3o Paulo, a dupla vanguardista fez hist\u00f3ria na m\u00fasica popular brasileira. Em realidade, ainda faz, cada uma em seu canto. PRIMEIRA ESTRELA na porta do mundo tem uma roseira que flora e chora n\u00e3o tem ventania que apague a candeia do sentimento no p\u00e9 do vento tem uma cantiga que quando sopra roda a menina derrama a alegria real\u00e7a o dia toda crian\u00e7a que nasce parece a primeira estrela amor promessa brilhando no c\u00e9u do tempo (Luli e Lucina) https:\/\/youtu.be\/8ry5Wi5TcUU &nbsp; 12 de outubro de 2015 (153) mmsmarcos1953@hotmail.com<\/p>\n","protected":false},"author":1,"featured_media":0,"comment_status":"open","ping_status":"open","sticky":false,"template":"","format":"standard","meta":{"footnotes":""},"categories":[1],"tags":[],"class_list":["post-12956","post","type-post","status-publish","format-standard","hentry","category-sem-categoria"],"_links":{"self":[{"href":"https:\/\/mapati.com.br\/blogmapati\/wp-json\/wp\/v2\/posts\/12956","targetHints":{"allow":["GET"]}}],"collection":[{"href":"https:\/\/mapati.com.br\/blogmapati\/wp-json\/wp\/v2\/posts"}],"about":[{"href":"https:\/\/mapati.com.br\/blogmapati\/wp-json\/wp\/v2\/types\/post"}],"author":[{"embeddable":true,"href":"https:\/\/mapati.com.br\/blogmapati\/wp-json\/wp\/v2\/users\/1"}],"replies":[{"embeddable":true,"href":"https:\/\/mapati.com.br\/blogmapati\/wp-json\/wp\/v2\/comments?post=12956"}],"version-history":[{"count":0,"href":"https:\/\/mapati.com.br\/blogmapati\/wp-json\/wp\/v2\/posts\/12956\/revisions"}],"wp:attachment":[{"href":"https:\/\/mapati.com.br\/blogmapati\/wp-json\/wp\/v2\/media?parent=12956"}],"wp:term":[{"taxonomy":"category","embeddable":true,"href":"https:\/\/mapati.com.br\/blogmapati\/wp-json\/wp\/v2\/categories?post=12956"},{"taxonomy":"post_tag","embeddable":true,"href":"https:\/\/mapati.com.br\/blogmapati\/wp-json\/wp\/v2\/tags?post=12956"}],"curies":[{"name":"wp","href":"https:\/\/api.w.org\/{rel}","templated":true}]}}