{"id":12958,"date":"2016-01-06T17:38:23","date_gmt":"2016-01-06T17:38:23","guid":{"rendered":"http:\/\/mapati.com.br\/blog\/?p=1246"},"modified":"2016-01-06T17:38:23","modified_gmt":"2016-01-06T17:38:23","slug":"tri-presidente-ii","status":"publish","type":"post","link":"https:\/\/mapati.com.br\/blogmapati\/tri-presidente-ii\/","title":{"rendered":"Tri-presidente (II)"},"content":{"rendered":"<p style=\"padding-left: 90px;\"><span style=\"font-family: 'trebuchet ms', geneva, sans-serif;\"><em>\u201cFoi nossa vontade de poder que dissolveu as antigas e generosas intui\u00e7\u00f5es do que, em falta de nomes mais variados, chamamos \u2018tempo\u2019. Vontade de poder, necessidade de redu\u00e7\u00e3o a uma unidade control\u00e1vel, que nos desse conforto diante do galope do tempo para o seu fim. Fim dos tempos, Julgamento final. Fim da Hist\u00f3ria. Fim do mundo. Nosso fim. Tudo \u00e9 amea\u00e7ador, se deixarmos o tempo germinar a sua passagem. Medir minuciosamente a passagem do tempo talvez nos permita quebrar, jogar fora, o \u00faltimo rel\u00f3gio antes da \u00faltima hora.\u201d\u00a0<\/em>(Marcio Tavares D\u2019Amaral)<\/span> <em><br \/>\n<\/em><\/p>\n<p>Em vez de ter olhado para o brilho dos fogos encantados no c\u00e9u (quem n\u00e3o tem praia de Copacabana encontra Iemanj\u00e1 na prainha do Lago Parano\u00e1), guardei-me e logo vou revelar o nome do nosso personagem, com uma pequena mas extremamente significativa passagem de sua vitoriosa carreira profissional, nunca desconectada da vida acad\u00eamica.<\/p>\n<p>Judicializa\u00e7\u00e3o da pol\u00edtica, politiza\u00e7\u00e3o do Judici\u00e1rio. S\u00f3 se fala nisso. A esquerda comemora, a direita reclama. A direita comemora, a esquerda reclama. E o centro&#8230; muito pelo contr\u00e1rio. A festa ou o choro ficam na depend\u00eancia do teor das senten\u00e7as e dos ac\u00f3rd\u00e3os.<\/p>\n<p>Para al\u00e9m das lacunas deixadas por Judici\u00e1rio e Legislativo&#8230;<\/p>\n<p>\u201cDecis\u00e3o judicial n\u00e3o se discute, se cumpre\u201d, proclamavam tempos atr\u00e1s o vencedor (obviamente) da lide e quase da mesma maneira o vencido, o sucumbente. \u00a0Nos dias de hoje, atingimos um ponto a partir do qual se passou a desconstituir tudo o que \u00e9 emanado dos ju\u00edzes e dos tribunais superiores, \u00f3rg\u00e3os que s\u00e3o alvo de ataques de desconstru\u00e7\u00e3o ao sabor das ideologias em voga. O lado vencedor n\u00e3o festeja muito, temeroso de que l\u00e1 na frente haja um revert\u00e9rio, e o lado perdedor pragueja, vocifera, sobretudo se diante das c\u00e2meras de televis\u00e3o. Vemos os ataques &#8211; da parte dos azuis, o xingamento \u00e9 \u201ccorte bolivariana\u201d; pelo segmentos vermelhos, \u201cprecisamos de uma reforma da Justi\u00e7a\u201d.<\/p>\n<figure id=\"attachment_1247\" aria-describedby=\"caption-attachment-1247\" style=\"width: 323px\" class=\"wp-caption aligncenter\"><a href=\"http:\/\/2017.mapati.com.br\/wp-content\/uploads\/2016\/01\/tripresid2.jpg\" rel=\"attachment wp-att-1247\"><img fetchpriority=\"high\" decoding=\"async\" class=\" wp-image-1247\" src=\"http:\/\/2017.mapati.com.br\/wp-content\/uploads\/2016\/01\/tripresid2.jpg\" alt=\"http:\/\/2.bp.blogspot.com\/-e1cLC97-A2Y\/T4TpOjoJDXI\/AAAAAAAAAtg\/a_aeehOXZzQ\/s1600\/Ampulheta+by+digitalart.jpg\" width=\"323\" height=\"487\" \/><\/a><figcaption id=\"caption-attachment-1247\" class=\"wp-caption-text\"><span style=\"font-size: 8pt;\">http:\/\/2.bp.blogspot.com\/-e1cLC97-A2Y\/T4TpOjoJDXI\/AAAAAAAAAtg\/a_aeehOXZzQ\/s1600\/Ampulheta+by+digitalart.jpg<\/span><\/figcaption><\/figure>\n<p>Incumbe- nos atentar para outros aspectos de igual modo relevantes na presta\u00e7\u00e3o jurisdicional. A par do tempo de dura\u00e7\u00e3o do processo, atualizando-se a m\u00e1xima de que \u201cjusti\u00e7a lenta n\u00e3o \u00e9 justi\u00e7a\u201d, h\u00e1 de estar garantida a seguran\u00e7a jur\u00eddica. Nosso mestre ensina que esses dois fatores n\u00e3o devem jamais se apresentar dissociados.<\/p>\n<p>Resta assistir \u00e0 aula.<\/p>\n<p>&nbsp;<\/p>\n<p style=\"text-align: right;\">06 de janeiro de 2016<\/p>\n<p style=\"text-align: right;\">(161)<\/p>\n<p style=\"text-align: right;\"><span style=\"color: #0000ff;\"><a style=\"color: #0000ff;\" href=\"mailto:mmsmarcos1953@hotmail.com\">mmsmarcos1953@hotmail.com<\/a><\/span><\/p>\n","protected":false},"excerpt":{"rendered":"<p>\u201cFoi nossa vontade de poder que dissolveu as antigas e generosas intui\u00e7\u00f5es do que, em falta de nomes mais variados, chamamos \u2018tempo\u2019. Vontade de poder, necessidade de redu\u00e7\u00e3o a uma unidade control\u00e1vel, que nos desse conforto diante do galope do tempo para o seu fim. Fim dos tempos, Julgamento final. Fim da Hist\u00f3ria. Fim do mundo. Nosso fim. Tudo \u00e9 amea\u00e7ador, se deixarmos o tempo germinar a sua passagem. Medir minuciosamente a passagem do tempo talvez nos permita quebrar, jogar fora, o \u00faltimo rel\u00f3gio antes da \u00faltima hora.\u201d\u00a0(Marcio Tavares D\u2019Amaral) Em vez de ter olhado para o brilho dos fogos encantados no c\u00e9u (quem n\u00e3o tem praia de Copacabana encontra Iemanj\u00e1 na prainha do Lago Parano\u00e1), guardei-me e logo vou revelar o nome do nosso personagem, com uma pequena mas extremamente significativa passagem de sua vitoriosa carreira profissional, nunca desconectada da vida acad\u00eamica. Judicializa\u00e7\u00e3o da pol\u00edtica, politiza\u00e7\u00e3o do Judici\u00e1rio. S\u00f3 se fala nisso. A esquerda comemora, a direita reclama. A direita comemora, a esquerda reclama. E o centro&#8230; muito pelo contr\u00e1rio. A festa ou o choro ficam na depend\u00eancia do teor das senten\u00e7as e dos ac\u00f3rd\u00e3os. Para al\u00e9m das lacunas deixadas por Judici\u00e1rio e Legislativo&#8230; \u201cDecis\u00e3o judicial n\u00e3o se discute, se cumpre\u201d, proclamavam tempos atr\u00e1s o vencedor (obviamente) da lide e quase da mesma maneira o vencido, o sucumbente. \u00a0Nos dias de hoje, atingimos um ponto a partir do qual se passou a desconstituir tudo o que \u00e9 emanado dos ju\u00edzes e dos tribunais superiores, \u00f3rg\u00e3os que s\u00e3o alvo de ataques de desconstru\u00e7\u00e3o ao sabor das ideologias em voga. O lado vencedor n\u00e3o festeja muito, temeroso de que l\u00e1 na frente haja um revert\u00e9rio, e o lado perdedor pragueja, vocifera, sobretudo se diante das c\u00e2meras de televis\u00e3o. Vemos os ataques &#8211; da parte dos azuis, o xingamento \u00e9 \u201ccorte bolivariana\u201d; pelo segmentos vermelhos, \u201cprecisamos de uma reforma da Justi\u00e7a\u201d. Incumbe- nos atentar para outros aspectos de igual modo relevantes na presta\u00e7\u00e3o jurisdicional. A par do tempo de dura\u00e7\u00e3o do processo, atualizando-se a m\u00e1xima de que \u201cjusti\u00e7a lenta n\u00e3o \u00e9 justi\u00e7a\u201d, h\u00e1 de estar garantida a seguran\u00e7a jur\u00eddica. Nosso mestre ensina que esses dois fatores n\u00e3o devem jamais se apresentar dissociados. Resta assistir \u00e0 aula. &nbsp; 06 de janeiro de 2016 (161) mmsmarcos1953@hotmail.com<\/p>\n","protected":false},"author":1,"featured_media":0,"comment_status":"open","ping_status":"open","sticky":false,"template":"","format":"standard","meta":{"footnotes":""},"categories":[1],"tags":[],"class_list":["post-12958","post","type-post","status-publish","format-standard","hentry","category-sem-categoria"],"_links":{"self":[{"href":"https:\/\/mapati.com.br\/blogmapati\/wp-json\/wp\/v2\/posts\/12958","targetHints":{"allow":["GET"]}}],"collection":[{"href":"https:\/\/mapati.com.br\/blogmapati\/wp-json\/wp\/v2\/posts"}],"about":[{"href":"https:\/\/mapati.com.br\/blogmapati\/wp-json\/wp\/v2\/types\/post"}],"author":[{"embeddable":true,"href":"https:\/\/mapati.com.br\/blogmapati\/wp-json\/wp\/v2\/users\/1"}],"replies":[{"embeddable":true,"href":"https:\/\/mapati.com.br\/blogmapati\/wp-json\/wp\/v2\/comments?post=12958"}],"version-history":[{"count":0,"href":"https:\/\/mapati.com.br\/blogmapati\/wp-json\/wp\/v2\/posts\/12958\/revisions"}],"wp:attachment":[{"href":"https:\/\/mapati.com.br\/blogmapati\/wp-json\/wp\/v2\/media?parent=12958"}],"wp:term":[{"taxonomy":"category","embeddable":true,"href":"https:\/\/mapati.com.br\/blogmapati\/wp-json\/wp\/v2\/categories?post=12958"},{"taxonomy":"post_tag","embeddable":true,"href":"https:\/\/mapati.com.br\/blogmapati\/wp-json\/wp\/v2\/tags?post=12958"}],"curies":[{"name":"wp","href":"https:\/\/api.w.org\/{rel}","templated":true}]}}