{"id":13691,"date":"2018-02-18T09:18:52","date_gmt":"2018-02-18T12:18:52","guid":{"rendered":"http:\/\/mapati.com.br\/?p=13691"},"modified":"2018-02-18T10:52:45","modified_gmt":"2018-02-18T13:52:45","slug":"nenem-de-caratinga","status":"publish","type":"post","link":"https:\/\/mapati.com.br\/blogmapati\/nenem-de-caratinga\/","title":{"rendered":"Nenem de Caratinga"},"content":{"rendered":"<p style=\"font-weight: 400; text-align: right;\"><em>Certos filmes, como certas pessoas,<br \/>\ns\u00f3 s\u00e3o interessantes pelas elipses, os sil\u00eancios,<br \/>\naquilo que se n\u00e3o mostra. N\u00e3o h\u00e1 sil\u00eancios deselegantes.<\/em><\/p>\n<p style=\"font-weight: 400; text-align: right;\"><em>(Jos\u00e9 Eduardo Agualusa)<\/em><\/p>\n<p style=\"font-weight: 400;\">Meu pai, n\u00e3o sei se movido e fustigado por algum recalque, ou se por blague (homenageio a m\u00e3e dele, que falava o franc\u00eas aprendido com as freiras no Col\u00e9gio Sion), costumava se referir \u00e0 Caratinga como sub\u00farbio da igualmente mineira Carangola, megal\u00f3pole onde, em\u00a01924, o velho\u00a0surgiu no mundo.<\/p>\n<p style=\"font-weight: 400;\">A produ\u00e7\u00e3o de caf\u00e9 era (ainda \u00e9?) o esplendor de Carangola, a Princesa da Mata. Ali, nas primeiras d\u00e9cadas do s\u00e9culo passado, transitaram em in\u00edcio de carreira os juristas Victor Nunes Leal, Carlos Medeiros Silva, Pedro Baptista Martins (com perd\u00e3o pela imod\u00e9stia, meu tio av\u00f4 paterno).<\/p>\n<p style=\"font-weight: 400;\">A vizinha Caratinga, a sua vez, disparou canh\u00f5es lan\u00e7ando na Ba\u00eda de Guanabara o genial Ziraldo e sua talentosa fam\u00edlia; fez o pol\u00eamico Aguinaldo Tim\u00f3teo aflorar na m\u00fasica e ao depois na pol\u00edtica (al\u00f4, mam\u00e3e); enriqueceu a mem\u00f3ria nacional ao presentear o ramo da biografia liter\u00e1ria com o Ruy Castro, tamb\u00e9m jornalista como a conterr\u00e2nea Miriam Leit\u00e3o, profissional que admiro pelos artigos nos quais defende as mulheres e ou ataca o preconceito racial; incorporou ao setor p\u00fablico de \u00f3leo e g\u00e1s Maria das Gra\u00e7as Foster, trajet\u00f3ria marcada pelo vi\u00e9s t\u00e9cnico. A prop\u00f3sito, insta lembrar, al\u00e7aram-na presidente (Petrobras) durante per\u00edodo dific\u00edlimo, anotando-se que, segundo consta, n\u00e3o sofrera em sua carreira na estatal nenhuma investida do Minist\u00e9rio P\u00fablico ou da Justi\u00e7a.<\/p>\n<p style=\"font-weight: 400;\">Deix\u00e1ssemos de adicionar a essa reduzida mas qualificada e preciosa lista um cara muito do porreta, a exalta\u00e7\u00e3o restaria lacunosa.<\/p>\n<p style=\"font-weight: 400;\">As gatas e gatos pingados ledores deste\u00a0<em>blog<\/em>\u00a0sabem que, completados meus dezenove anos, ingressei no Banco Central (vide os t\u00f3picos \u201cBacenianas\u201d). Naquele remot\u00edssimo 1972, teria o jovem empossado de se apresentar a contento perante os sisudos e conservadores burocras da autoridade monet\u00e1ria. O cabel\u00e3o que cortinava os meus ombros, moda naqueles dias, havia que ser desbastado, receber um trato de maneira a afastar a ideia de que eu pudesse integrar alguma banda pop sueca ou australiana, mesmo eu sendo neguinho.<\/p>\n<p style=\"font-weight: 400;\">Minha ent\u00e3o ger\u00eancia (hoje departamento) de lota\u00e7\u00e3o situava-se no Setor Comercial Sul, Edif\u00edcio Uni\u00e3o, o primeiro da fila, em frente ao atual Hospital de Base. N\u00e3o me recordo qual colega me indicou um sal\u00e3o de barbeiro nas imedia\u00e7\u00f5es (Ed\u00edficio JK? Edif\u00edcio Marcia?). Em l\u00e1 chegando, terno de gola maior que os\u00a0<em>flaps<\/em>\u00a0de um Boeing, me dirigi ao propriet\u00e1rio (Raimundinho?), que, ocupad\u00edssimo, sugeriu um colaborador seu para a incumb\u00eancia de me erigir num cavaleiro \u201cdigno\u201d de frequentar a entidade respons\u00e1vel pela integridade de nossa moeda e higidez do sistema financeiro.<\/p>\n<p style=\"font-weight: 400;\">No primeiro corte, percebi que o homem entendia do riscado (essa express\u00e3o \u00e9 nova), tesoura e navalha\u00a0<em>Madame Sat\u00e3<\/em>\u00a0desfiguraram o menino t\u00edpico \u00a0dos anos 70 &#8211; sem no entanto deix\u00e1-lo com apar\u00eancia de milico das fileiras da tenebrosa ditadura M\u00e9dici. Passadas algumas centenas de semanas desse furor de desbastamento, minha cabeleira varrida e depositada na lixeira de ferro do recinto, o Nenem abriu seu pr\u00f3prio estabelecimento,\u00a0<em>Concorde<\/em>, espremido pelas farm\u00e1cias da 102 Sul.<\/p>\n<p style=\"font-weight: 400;\">Me ocorrem as observa\u00e7\u00f5es adiante:<\/p>\n<p style=\"font-weight: 400; padding-left: 90px;\"><em>&#8211; desde um bom tempo, o sal\u00e3o passou a funcionar no Centro Empresarial S\u00e3o Francisco, na 102\/103 Sul;<\/em><\/p>\n<p style=\"font-weight: 400; padding-left: 90px;\"><em>&#8211; em nenhuma hip\u00f3tese, h\u00e1 gritarias no ambiente. Piadas e brincadeiras s\u00e3o permitidas (e estimuladas), por\u00e9m sempre por iniciativa de cliente;<\/em><\/p>\n<p style=\"font-weight: 400; padding-left: 90px;\"><em>&#8211; durante o corte, desenrola-se conversa somente se deflagrada por quem est\u00e1 sentado na cadeira girat\u00f3ria. N\u00e3o existe iniciativa nesse sentido por quem est\u00e1 de p\u00e9 com tesoura e pente na m\u00e3o;<\/em><\/p>\n<p style=\"font-weight: 400; padding-left: 90px;\"><em>&#8211; creiam, n\u00e3o sei o nome do Nenem pois nunca lhe perguntei nem ouvi eventualmente algum cliente cham\u00e1-lo que n\u00e3o fosse pelo apelido consagrado;<\/em><\/p>\n<p style=\"font-weight: 400; padding-left: 90px;\"><em>&#8211; o tra\u00ed rarissimamente, uma \u00fanica vez num sal\u00e3o do bairro do Leblon e umas outras vezes com uma ex-namorada, que, al\u00e9m de grande cantora, de repert\u00f3rio sofisticado, corta cabelos divinamente;<\/em><\/p>\n<p style=\"font-weight: 400; padding-left: 90px;\"><em>&#8211; ali\u00e1s, o Nenem, que n\u00e3o \u00e9 parente do Benito de Paula, n\u00e3o gosta de cortar cabelo de mulher (diz que n\u00e3o sabe), constando que ele jamais teve cliente do sexo feminino em seu sal\u00e3o;<\/em><\/p>\n<p style=\"font-weight: 400; padding-left: 90px;\"><em>&#8211; nessas mais de quatro d\u00e9cadas, apesar de n\u00e3o me agradar muito o topet\u00e3o armado ap\u00f3s o t\u00e9rmino da coisa, Nen\u00e9m desconhece tal \u201cinsatisfa\u00e7\u00e3o\u201d (tomar\u00e1 ci\u00eancia disso se por acaso for ler estas mal tra\u00e7adas);<\/em><\/p>\n<p style=\"font-weight: 400; padding-left: 90px;\"><em>&#8211; para mim a gorjeta \u00e9 sagrada;<\/em><\/p>\n<p style=\"font-weight: 400; padding-left: 90px;\"><em>&#8211; dei-lhe presentes em \u00e9poca do Natal;<\/em><\/p>\n<p style=\"font-weight: 400; padding-left: 90px;\"><em>&#8211; o sacana contudo, vista grossa \u00e0 fideliza\u00e7\u00e3o, nunca me premiou ao menos com um corte gr\u00e1tis ou com um desconto, mesmo eu tendo perdido de l\u00e1 pra c\u00e1 um pouquinho de cabelo;<\/em><\/p>\n<p style=\"font-weight: 400; padding-left: 90px;\"><em>&#8211; quarenta e seis anos de marcha do tempo e nossa parceria perdura at\u00e9 hoje;<\/em><\/p>\n<p style=\"font-weight: 400; padding-left: 90px;\"><em>&#8211; viva o Nenem, com sua camisa azul e ainda muito ativo a caminho dos oitentinha.\u00a0<\/em><\/p>\n<p><a href=\"http:\/\/mapati.com.br\/site\/wp-content\/uploads\/2018\/02\/Matuzas_275.jpg\"><img fetchpriority=\"high\" decoding=\"async\" class=\"wp-image-13700 aligncenter\" src=\"http:\/\/mapati.com.br\/site\/wp-content\/uploads\/2018\/02\/Matuzas_275.jpg\" alt=\"\" width=\"413\" height=\"588\" \/><\/a><\/p>\n<p style=\"font-weight: 400; text-align: right;\">18\/02\/2018<\/p>\n<p style=\"font-style: inherit; font-weight: inherit; text-align: right;\">(275)<\/p>\n<p style=\"font-style: inherit; font-weight: inherit; text-align: right;\"><a href=\"mailto:mmsmarcos1953@hotmail.com\">mmsmarcos1953@hotmail.com<\/a><\/p>\n<p style=\"font-weight: 400;\">\n","protected":false},"excerpt":{"rendered":"<p>Certos filmes, como certas pessoas, s\u00f3 s\u00e3o interessantes pelas elipses, os sil\u00eancios, aquilo que se n\u00e3o mostra. N\u00e3o h\u00e1 sil\u00eancios deselegantes. (Jos\u00e9 Eduardo Agualusa) Meu pai, n\u00e3o sei se movido e fustigado por algum recalque, ou se por blague (homenageio a m\u00e3e dele, que falava o franc\u00eas aprendido com as freiras no Col\u00e9gio Sion), costumava se referir \u00e0 Caratinga como sub\u00farbio da igualmente mineira Carangola, megal\u00f3pole onde, em\u00a01924, o velho\u00a0surgiu no mundo. A produ\u00e7\u00e3o de caf\u00e9 era (ainda \u00e9?) o esplendor de Carangola, a Princesa da Mata. Ali, nas primeiras d\u00e9cadas do s\u00e9culo passado, transitaram em in\u00edcio de carreira os juristas Victor Nunes Leal, Carlos Medeiros Silva, Pedro Baptista Martins (com perd\u00e3o pela imod\u00e9stia, meu tio av\u00f4 paterno). A vizinha Caratinga, a sua vez, disparou canh\u00f5es lan\u00e7ando na Ba\u00eda de Guanabara o genial Ziraldo e sua talentosa fam\u00edlia; fez o pol\u00eamico Aguinaldo Tim\u00f3teo aflorar na m\u00fasica e ao depois na pol\u00edtica (al\u00f4, mam\u00e3e); enriqueceu a mem\u00f3ria nacional ao presentear o ramo da biografia liter\u00e1ria com o Ruy Castro, tamb\u00e9m jornalista como a conterr\u00e2nea Miriam Leit\u00e3o, profissional que admiro pelos artigos nos quais defende as mulheres e ou ataca o preconceito racial; incorporou ao setor p\u00fablico de \u00f3leo e g\u00e1s Maria das Gra\u00e7as Foster, trajet\u00f3ria marcada pelo vi\u00e9s t\u00e9cnico. A prop\u00f3sito, insta lembrar, al\u00e7aram-na presidente (Petrobras) durante per\u00edodo dific\u00edlimo, anotando-se que, segundo consta, n\u00e3o sofrera em sua carreira na estatal nenhuma investida do Minist\u00e9rio P\u00fablico ou da Justi\u00e7a. Deix\u00e1ssemos de adicionar a essa reduzida mas qualificada e preciosa lista um cara muito do porreta, a exalta\u00e7\u00e3o restaria lacunosa. As gatas e gatos pingados ledores deste\u00a0blog\u00a0sabem que, completados meus dezenove anos, ingressei no Banco Central (vide os t\u00f3picos \u201cBacenianas\u201d). Naquele remot\u00edssimo 1972, teria o jovem empossado de se apresentar a contento perante os sisudos e conservadores burocras da autoridade monet\u00e1ria. O cabel\u00e3o que cortinava os meus ombros, moda naqueles dias, havia que ser desbastado, receber um trato de maneira a afastar a ideia de que eu pudesse integrar alguma banda pop sueca ou australiana, mesmo eu sendo neguinho. Minha ent\u00e3o ger\u00eancia (hoje departamento) de lota\u00e7\u00e3o situava-se no Setor Comercial Sul, Edif\u00edcio Uni\u00e3o, o primeiro da fila, em frente ao atual Hospital de Base. N\u00e3o me recordo qual colega me indicou um sal\u00e3o de barbeiro nas imedia\u00e7\u00f5es (Ed\u00edficio JK? Edif\u00edcio Marcia?). Em l\u00e1 chegando, terno de gola maior que os\u00a0flaps\u00a0de um Boeing, me dirigi ao propriet\u00e1rio (Raimundinho?), que, ocupad\u00edssimo, sugeriu um colaborador seu para a incumb\u00eancia de me erigir num cavaleiro \u201cdigno\u201d de frequentar a entidade respons\u00e1vel pela integridade de nossa moeda e higidez do sistema financeiro. No primeiro corte, percebi que o homem entendia do riscado (essa express\u00e3o \u00e9 nova), tesoura e navalha\u00a0Madame Sat\u00e3\u00a0desfiguraram o menino t\u00edpico \u00a0dos anos 70 &#8211; sem no entanto deix\u00e1-lo com apar\u00eancia de milico das fileiras da tenebrosa ditadura M\u00e9dici. Passadas algumas centenas de semanas desse furor de desbastamento, minha cabeleira varrida e depositada na lixeira de ferro do recinto, o Nenem abriu seu pr\u00f3prio estabelecimento,\u00a0Concorde, espremido pelas farm\u00e1cias da 102 Sul. Me ocorrem as observa\u00e7\u00f5es adiante: &#8211; desde um bom tempo, o sal\u00e3o passou a funcionar no Centro Empresarial S\u00e3o Francisco, na 102\/103 Sul; &#8211; em nenhuma hip\u00f3tese, h\u00e1 gritarias no ambiente. Piadas e brincadeiras s\u00e3o permitidas (e estimuladas), por\u00e9m sempre por iniciativa de cliente; &#8211; durante o corte, desenrola-se conversa somente se deflagrada por quem est\u00e1 sentado na cadeira girat\u00f3ria. N\u00e3o existe iniciativa nesse sentido por quem est\u00e1 de p\u00e9 com tesoura e pente na m\u00e3o; &#8211; creiam, n\u00e3o sei o nome do Nenem pois nunca lhe perguntei nem ouvi eventualmente algum cliente cham\u00e1-lo que n\u00e3o fosse pelo apelido consagrado; &#8211; o tra\u00ed rarissimamente, uma \u00fanica vez num sal\u00e3o do bairro do Leblon e umas outras vezes com uma ex-namorada, que, al\u00e9m de grande cantora, de repert\u00f3rio sofisticado, corta cabelos divinamente; &#8211; ali\u00e1s, o Nenem, que n\u00e3o \u00e9 parente do Benito de Paula, n\u00e3o gosta de cortar cabelo de mulher (diz que n\u00e3o sabe), constando que ele jamais teve cliente do sexo feminino em seu sal\u00e3o; &#8211; nessas mais de quatro d\u00e9cadas, apesar de n\u00e3o me agradar muito o topet\u00e3o armado ap\u00f3s o t\u00e9rmino da coisa, Nen\u00e9m desconhece tal \u201cinsatisfa\u00e7\u00e3o\u201d (tomar\u00e1 ci\u00eancia disso se por acaso for ler estas mal tra\u00e7adas); &#8211; para mim a gorjeta \u00e9 sagrada; &#8211; dei-lhe presentes em \u00e9poca do Natal; &#8211; o sacana contudo, vista grossa \u00e0 fideliza\u00e7\u00e3o, nunca me premiou ao menos com um corte gr\u00e1tis ou com um desconto, mesmo eu tendo perdido de l\u00e1 pra c\u00e1 um pouquinho de cabelo; &#8211; quarenta e seis anos de marcha do tempo e nossa parceria perdura at\u00e9 hoje; &#8211; viva o Nenem, com sua camisa azul e ainda muito ativo a caminho dos oitentinha.\u00a0 18\/02\/2018 (275) mmsmarcos1953@hotmail.com<\/p>\n","protected":false},"author":1,"featured_media":0,"comment_status":"open","ping_status":"open","sticky":false,"template":"","format":"standard","meta":{"footnotes":""},"categories":[1],"tags":[],"class_list":["post-13691","post","type-post","status-publish","format-standard","hentry","category-sem-categoria"],"_links":{"self":[{"href":"https:\/\/mapati.com.br\/blogmapati\/wp-json\/wp\/v2\/posts\/13691","targetHints":{"allow":["GET"]}}],"collection":[{"href":"https:\/\/mapati.com.br\/blogmapati\/wp-json\/wp\/v2\/posts"}],"about":[{"href":"https:\/\/mapati.com.br\/blogmapati\/wp-json\/wp\/v2\/types\/post"}],"author":[{"embeddable":true,"href":"https:\/\/mapati.com.br\/blogmapati\/wp-json\/wp\/v2\/users\/1"}],"replies":[{"embeddable":true,"href":"https:\/\/mapati.com.br\/blogmapati\/wp-json\/wp\/v2\/comments?post=13691"}],"version-history":[{"count":8,"href":"https:\/\/mapati.com.br\/blogmapati\/wp-json\/wp\/v2\/posts\/13691\/revisions"}],"predecessor-version":[{"id":13701,"href":"https:\/\/mapati.com.br\/blogmapati\/wp-json\/wp\/v2\/posts\/13691\/revisions\/13701"}],"wp:attachment":[{"href":"https:\/\/mapati.com.br\/blogmapati\/wp-json\/wp\/v2\/media?parent=13691"}],"wp:term":[{"taxonomy":"category","embeddable":true,"href":"https:\/\/mapati.com.br\/blogmapati\/wp-json\/wp\/v2\/categories?post=13691"},{"taxonomy":"post_tag","embeddable":true,"href":"https:\/\/mapati.com.br\/blogmapati\/wp-json\/wp\/v2\/tags?post=13691"}],"curies":[{"name":"wp","href":"https:\/\/api.w.org\/{rel}","templated":true}]}}