{"id":14373,"date":"2019-01-10T07:21:14","date_gmt":"2019-01-10T10:21:14","guid":{"rendered":"http:\/\/mapati.com.br\/?p=14373"},"modified":"2019-01-11T11:05:48","modified_gmt":"2019-01-11T14:05:48","slug":"obsessoes-musicais-xv","status":"publish","type":"post","link":"https:\/\/mapati.com.br\/blogmapati\/obsessoes-musicais-xv\/","title":{"rendered":"Obsess\u00f5es musicais (XV)"},"content":{"rendered":"<p style=\"text-align: right;\"><em>Ah poderosa saudade que vem de madrugada enquanto todos est\u00e3o dormindo\/<br \/>\nAh poderosa saudade que sonha de tarde enquanto todos est\u00e3o trabalhando\/<br \/>\nAh poderosa saudade, noite com sol, estrelas em c\u00e9u de meio-dia,<br \/>\nn\u00e3o gostaria de t\u00ea-la, n\u00e3o gostaria de sofr\u00ea-la\/<br \/>\nAh poderosa saudade que ora \u00e9 lembran\u00e7a de algu\u00e9m indo embora,<br \/>\nora \u00e9 pressentimento de algu\u00e9m voltando (&#8230;).<\/em><\/p>\n<p style=\"text-align: right;\">&#8211; Fabricio Carpinejar &#8211;<\/p>\n<p>Declara\u00e7\u00e3o pisciana: &#8220;essa m\u00fasica me deixa feliz, essa m\u00fasica me deixa triste. Quem a proferiu foi a B\u00e1rbara de sobrenome Galiano, talvez parente de meu genro Robson, com sua ascend\u00eancia l\u00e1 pelos lados da Espanha, achacada na Idade M\u00e9dia pelos mouros e hoje \u00fatero c\u00e1lido de n\u00e3o poucos jogadores de futebol deste Brasil rec\u00e9m ingressado em per\u00edodo de apreens\u00f5es e temores, seja para quem traja o vermelho, seja para quem veste o azul, pois mesmo nesse caso h\u00e1 d\u00favidas sobre se se vai poder otimistamente cantar que<em> minha sorte ent\u00e3o mudou<\/em>.<\/p>\n<p>Mergulhei na leitura dalguns coment\u00e1rios deduzidos na internet sobre a p\u00e9rola incrustada nesta postagem. <em>Meu marido me dedicou esta m\u00fasica<\/em> entoou a Susana Ribeiro. Vi a D\u00e9bora Vidal dizer maravilhas da can\u00e7\u00e3o, com suas propriedades relaxantes. <em>Poderia ouvir isso por toda a minha vida, que paz<\/em>, acrescentou a Kelly Maria, nome de batismo de duas mulheres de meu relacionamento &#8211; se tirarmos o \u201cy\u201d e o substituirmos por outras duas letras no primeiro nome e juntarmos o da madre no segundo. Ambas me penumbraram. De uns bons tempos pra c\u00e1, me restabeleci totalmente. Minhas \u00e1guas clarearam.<\/p>\n<p>O mais relevante de tudo, sem embargo, \u00e9 que a m\u00fasica suscita mais fortemente em mim evoca\u00e7\u00f5es ao meu \u00fanico filho homem, Tiago (vide postagens \u201cMeu Velha\u201d), desde o ano de 1983 me esperando do outro lado.<\/p>\n<div style=\"width: 640px;\" class=\"wp-video\"><video class=\"wp-video-shortcode\" id=\"video-14373-1\" width=\"640\" height=\"360\" preload=\"metadata\" controls=\"controls\"><source type=\"video\/mp4\" src=\"http:\/\/mapati.com.br\/site\/wp-content\/uploads\/2019\/01\/PearlJam.mp4?_=1\" \/><a href=\"http:\/\/mapati.com.br\/site\/wp-content\/uploads\/2019\/01\/PearlJam.mp4\">http:\/\/mapati.com.br\/site\/wp-content\/uploads\/2019\/01\/PearlJam.mp4<\/a><\/video><\/div>\n<p>&nbsp;<\/p>\n<p style=\"text-align: center;\"><strong>APENAS RESPIRE<\/strong><br \/>\nSim, eu entendo que toda vida deve acabar, uh-huh<br \/>\nEnquanto nos sentamos sozinhos, sei que algum dia n\u00f3s tamb\u00e9m devemos ir, uh-huh<br \/>\nSim, eu sou um homem de sorte, por contar em ambas as m\u00e3os aqueles que amo<br \/>\nAlgumas pessoas s\u00f3 t\u00eam uma, sim, outras, n\u00e3o t\u00eam nenhuma<br \/>\nFique comigo<br \/>\nVamos apenas respirar<\/p>\n<p style=\"text-align: center;\">Pratiquei todos os meus pecados, nunca me deixar\u00e3o ganhar, uh-huh<br \/>\nDebaixo disso tudo, apenas outro ser humano, uh-huh<br \/>\nEu n\u00e3o quero magoar, h\u00e1 tanto nesse mundo para me fazer sangrar<br \/>\nFique comigo<br \/>\nVoc\u00ea \u00e9 tudo o que vejo<\/p>\n<p style=\"text-align: center;\">Eu j\u00e1 te disse que preciso de voc\u00ea?<br \/>\nEu j\u00e1 te disse que quero voc\u00ea?<br \/>\nOh, se eu n\u00e3o disse, eu sou um tolo<br \/>\nNingu\u00e9m sabe disso mais do que eu<br \/>\nEnquanto eu confesso<\/p>\n<p style=\"text-align: center;\">Me pergunto todo dia, enquanto observo seu rosto, uh-huh<br \/>\nTudo o que voc\u00ea deu<br \/>\nE nada que voc\u00ea guardaria, oh, n\u00e3o<br \/>\nNada que voc\u00ea levaria<br \/>\nTudo o que voc\u00ea deu<\/p>\n<p style=\"text-align: center;\">Eu j\u00e1 disse que preciso de voc\u00ea?<br \/>\nOh, eu j\u00e1 disse que quero voc\u00ea?<br \/>\nOh, se eu n\u00e3o disse, ent\u00e3o eu sou um tolo<br \/>\nNingu\u00e9m sabe disso mais do que eu<br \/>\nE eu confesso, ah<br \/>\nNada que voc\u00ea levaria<br \/>\nTudo o que voc\u00ea deu<br \/>\nMe abrace at\u00e9 eu morrer<br \/>\nTe vejo do outro lado<\/p>\n<p style=\"text-align: center;\">\n<p style=\"text-align: center;\">#Fabricio Carpinejar\u00a0 \u00a0#B\u00e1rbara Galiano\u00a0 \u00a0#Susana Ribeiro#D\u00e9bora Vidal<br \/>\n#Meu Velha\u00a0 \u00a0#Even Flow\u00a0 \u00a0#Pearl Jam<\/p>\n<p style=\"text-align: center;\">\n<p style=\"text-align: right;\">10\/01\/2019<\/p>\n<p style=\"text-align: right;\">(290)<\/p>\n<p style=\"text-align: right;\"><a href=\"http:\/\/mmsmarcos1953@hotmail.com\">mmsmarcos1953@hotmail.com<\/a><\/p>\n","protected":false},"excerpt":{"rendered":"<p>Ah poderosa saudade que vem de madrugada enquanto todos est\u00e3o dormindo\/ Ah poderosa saudade que sonha de tarde enquanto todos est\u00e3o trabalhando\/ Ah poderosa saudade, noite com sol, estrelas em c\u00e9u de meio-dia, n\u00e3o gostaria de t\u00ea-la, n\u00e3o gostaria de sofr\u00ea-la\/ Ah poderosa saudade que ora \u00e9 lembran\u00e7a de algu\u00e9m indo embora, ora \u00e9 pressentimento de algu\u00e9m voltando (&#8230;). &#8211; Fabricio Carpinejar &#8211; Declara\u00e7\u00e3o pisciana: &#8220;essa m\u00fasica me deixa feliz, essa m\u00fasica me deixa triste. Quem a proferiu foi a B\u00e1rbara de sobrenome Galiano, talvez parente de meu genro Robson, com sua ascend\u00eancia l\u00e1 pelos lados da Espanha, achacada na Idade M\u00e9dia pelos mouros e hoje \u00fatero c\u00e1lido de n\u00e3o poucos jogadores de futebol deste Brasil rec\u00e9m ingressado em per\u00edodo de apreens\u00f5es e temores, seja para quem traja o vermelho, seja para quem veste o azul, pois mesmo nesse caso h\u00e1 d\u00favidas sobre se se vai poder otimistamente cantar que minha sorte ent\u00e3o mudou. Mergulhei na leitura dalguns coment\u00e1rios deduzidos na internet sobre a p\u00e9rola incrustada nesta postagem. Meu marido me dedicou esta m\u00fasica entoou a Susana Ribeiro. Vi a D\u00e9bora Vidal dizer maravilhas da can\u00e7\u00e3o, com suas propriedades relaxantes. Poderia ouvir isso por toda a minha vida, que paz, acrescentou a Kelly Maria, nome de batismo de duas mulheres de meu relacionamento &#8211; se tirarmos o \u201cy\u201d e o substituirmos por outras duas letras no primeiro nome e juntarmos o da madre no segundo. Ambas me penumbraram. De uns bons tempos pra c\u00e1, me restabeleci totalmente. Minhas \u00e1guas clarearam. O mais relevante de tudo, sem embargo, \u00e9 que a m\u00fasica suscita mais fortemente em mim evoca\u00e7\u00f5es ao meu \u00fanico filho homem, Tiago (vide postagens \u201cMeu Velha\u201d), desde o ano de 1983 me esperando do outro lado. &nbsp; APENAS RESPIRE Sim, eu entendo que toda vida deve acabar, uh-huh Enquanto nos sentamos sozinhos, sei que algum dia n\u00f3s tamb\u00e9m devemos ir, uh-huh Sim, eu sou um homem de sorte, por contar em ambas as m\u00e3os aqueles que amo Algumas pessoas s\u00f3 t\u00eam uma, sim, outras, n\u00e3o t\u00eam nenhuma Fique comigo Vamos apenas respirar Pratiquei todos os meus pecados, nunca me deixar\u00e3o ganhar, uh-huh Debaixo disso tudo, apenas outro ser humano, uh-huh Eu n\u00e3o quero magoar, h\u00e1 tanto nesse mundo para me fazer sangrar Fique comigo Voc\u00ea \u00e9 tudo o que vejo Eu j\u00e1 te disse que preciso de voc\u00ea? Eu j\u00e1 te disse que quero voc\u00ea? Oh, se eu n\u00e3o disse, eu sou um tolo Ningu\u00e9m sabe disso mais do que eu Enquanto eu confesso Me pergunto todo dia, enquanto observo seu rosto, uh-huh Tudo o que voc\u00ea deu E nada que voc\u00ea guardaria, oh, n\u00e3o Nada que voc\u00ea levaria Tudo o que voc\u00ea deu Eu j\u00e1 disse que preciso de voc\u00ea? Oh, eu j\u00e1 disse que quero voc\u00ea? Oh, se eu n\u00e3o disse, ent\u00e3o eu sou um tolo Ningu\u00e9m sabe disso mais do que eu E eu confesso, ah Nada que voc\u00ea levaria Tudo o que voc\u00ea deu Me abrace at\u00e9 eu morrer Te vejo do outro lado #Fabricio Carpinejar\u00a0 \u00a0#B\u00e1rbara Galiano\u00a0 \u00a0#Susana Ribeiro#D\u00e9bora Vidal #Meu Velha\u00a0 \u00a0#Even Flow\u00a0 \u00a0#Pearl Jam 10\/01\/2019 (290) mmsmarcos1953@hotmail.com<\/p>\n","protected":false},"author":1,"featured_media":0,"comment_status":"open","ping_status":"open","sticky":false,"template":"","format":"standard","meta":{"footnotes":""},"categories":[1],"tags":[],"class_list":["post-14373","post","type-post","status-publish","format-standard","hentry","category-sem-categoria"],"_links":{"self":[{"href":"https:\/\/mapati.com.br\/blogmapati\/wp-json\/wp\/v2\/posts\/14373","targetHints":{"allow":["GET"]}}],"collection":[{"href":"https:\/\/mapati.com.br\/blogmapati\/wp-json\/wp\/v2\/posts"}],"about":[{"href":"https:\/\/mapati.com.br\/blogmapati\/wp-json\/wp\/v2\/types\/post"}],"author":[{"embeddable":true,"href":"https:\/\/mapati.com.br\/blogmapati\/wp-json\/wp\/v2\/users\/1"}],"replies":[{"embeddable":true,"href":"https:\/\/mapati.com.br\/blogmapati\/wp-json\/wp\/v2\/comments?post=14373"}],"version-history":[{"count":8,"href":"https:\/\/mapati.com.br\/blogmapati\/wp-json\/wp\/v2\/posts\/14373\/revisions"}],"predecessor-version":[{"id":14382,"href":"https:\/\/mapati.com.br\/blogmapati\/wp-json\/wp\/v2\/posts\/14373\/revisions\/14382"}],"wp:attachment":[{"href":"https:\/\/mapati.com.br\/blogmapati\/wp-json\/wp\/v2\/media?parent=14373"}],"wp:term":[{"taxonomy":"category","embeddable":true,"href":"https:\/\/mapati.com.br\/blogmapati\/wp-json\/wp\/v2\/categories?post=14373"},{"taxonomy":"post_tag","embeddable":true,"href":"https:\/\/mapati.com.br\/blogmapati\/wp-json\/wp\/v2\/tags?post=14373"}],"curies":[{"name":"wp","href":"https:\/\/api.w.org\/{rel}","templated":true}]}}