{"id":15306,"date":"2020-03-19T20:03:02","date_gmt":"2020-03-19T23:03:02","guid":{"rendered":"http:\/\/mapati.com.br\/?p=15306"},"modified":"2020-04-02T20:52:58","modified_gmt":"2020-04-02T23:52:58","slug":"obsessoes-musicais-xxii","status":"publish","type":"post","link":"https:\/\/mapati.com.br\/blogmapati\/obsessoes-musicais-xxii\/","title":{"rendered":"Obsess\u00f5es musicais (XXII)"},"content":{"rendered":"\n<p class=\"has-text-align-right\"><em>&nbsp;&nbsp;&nbsp;&nbsp;&nbsp;&nbsp;&nbsp;&nbsp;&nbsp;&nbsp;&nbsp;&nbsp;&nbsp;&nbsp;&nbsp;&nbsp;&nbsp;&nbsp;&nbsp;&nbsp;&nbsp;&nbsp;&nbsp;&nbsp;&nbsp;&nbsp;&nbsp;&nbsp;&nbsp;&nbsp;&nbsp;&nbsp;&nbsp;&nbsp;&nbsp;&nbsp;&nbsp;&nbsp;&nbsp;&nbsp;&nbsp;&nbsp;&nbsp;&nbsp;&nbsp;&nbsp;&nbsp;&nbsp;&nbsp;&nbsp;&nbsp;&nbsp;&nbsp;&nbsp;&nbsp;&nbsp;&nbsp;&nbsp;&nbsp;&nbsp;&nbsp;&nbsp;&nbsp;&nbsp;&nbsp;&nbsp;&nbsp;&nbsp;&nbsp;&nbsp;&nbsp;&nbsp;&nbsp;&nbsp;&nbsp;&nbsp;&nbsp;&nbsp;&nbsp;&nbsp;&nbsp;&nbsp;&nbsp;&nbsp;&nbsp;&nbsp;&nbsp;&nbsp;&nbsp;&nbsp;&nbsp;&nbsp;&nbsp; &nbsp;&nbsp;&nbsp;&nbsp;&nbsp;&nbsp;&nbsp;&nbsp;&nbsp;&nbsp;&nbsp;&nbsp;&nbsp;&nbsp;&nbsp;&nbsp;Quem se cansa de andar encurta a&nbsp;vida; quem prossegue, afasta a morte para depois<\/em>.<br><strong>Maria Zina \u2013 Apud  Mario Sergio Conti<\/strong><\/p>\n\n\n\n<p>Pr\u00e9-adolesc\u00eancia minha, em Bras\u00edlia, a gente (a gente, a\u00ed, quer dizer n\u00f3s) debaixo do bloco, cansad\u00edssimos de fazer nada, somente na bestagem, assim como hoje na idiotia do celular. Adens\u00e1vamos o \u00f3cio n\u00e3o criativo com papos os mais estapaf\u00fardios. Um dos temas recorrentes era jogar na roda do debate o que seria pior para o ser humano em termos de desgra\u00e7a absoluta: o indiv\u00edduo nascer\/ficar surdo, mudo, cego, sem paladar, sem tato.<\/p>\n\n\n\n<p>Aquela crian\u00e7ada pequeno burguesa n\u00e3o tinha sido ainda apresentada ao politicamente correto, o vocabul\u00e1rio n\u00e3o contemplava refer\u00eancia a \u201cpessoa deficiente\u201d, acolhida sem mais restri\u00e7\u00f5es para o bem de todos e todas nestes tempos vir\u00f3ticos . O relato de cada um (no conclave, clube do Bolinha, n\u00e3o havia menina) era detido, minucioso, detalhista. No seu momento c\u00eanico, o narrador, circunspecto, fazia no entanto caras e bocas para despertar na turma (galera) sensa\u00e7\u00f5es desagrad\u00e1veis e angustiantes de sorte que a pior sina fosse exatamente aquela que ele descrevia superinterpretando.<\/p>\n\n\n\n<p>Levantamentos que fiz alcan\u00e7ando desde a primeira conversa dessa natureza apontam que, para os meninos candangos da Super Quadra Sul 306,&nbsp;&nbsp;a&nbsp;adversidade mais grave,&nbsp;o fator &nbsp;<em>per se<\/em>&nbsp;a derrubar todo o sistema sensorial,&nbsp;era a falta da vis\u00e3o, a amaurose. Ou seja: diante da aus\u00eancia de luz, restavam superados em priva\u00e7\u00e3o e desalento os demais sentidos: o n\u00e3o distinguir o gosto dos alimentos; a aliena\u00e7\u00e3o total do cheirinho do cacau; a insensibilidade da pele da pessoa que n\u00e3o acusa o contato f\u00edsico com quaisquer objetos ou com o corpo de outrem; a incapacidade de oralizar os pensamentos; e o desaperceber-se de qualquer melodia.<\/p>\n\n\n\n<p>Desmentem e contradizem tal entendimento artistas geniais espalhados pelo mundo que s\u00e3o deficientes visuais de nascen\u00e7a ou que ao longo da vida perderam a capacidade de enxergar. Pensem na obra do escritor argentino Jorge Luis Borges (&#8220;os poetas, como os cegos, podem ver no escuro&#8221;). Mencionado o nome de um dos maiores representantes da literatura universal, debrucemo-nos no terreno da m\u00fasica: o&nbsp;porto-riquenho&nbsp;Jose Feliciano, o italiano Andrea Bocelli e o americano&#8230; Stevie Wonder.<\/p>\n\n\n\n<p>De autoria desse maravilhoso instrumentista\/compositor\/cantor, n\u00e3o daria a princ\u00edpio para salientar nenhuma m\u00fasica entre as centenas produzidas ao longo dos mais de cinquenta anos de sua carreira ainda em pleno vigor. Quase todas contam com minha admira\u00e7\u00e3o obsessiva, o que n\u00e3o \u00e9 vantagem alguma. Aleatoriamente escolho \u201cAs\u201d pela mensagem apaixonada nestes tempos de viol\u00eancia institucional (quando o gabinete do \u00f3dio cair\u00e1?) e pelo formid\u00e1vel coro de negras e negros &#8211; num esgar harm\u00f4nico, um dos integrantes \u00e9 convocado por Stevie Wonder para intervir em solo vocal.<\/p>\n\n\n\n<p>Primeiramente, h\u00e1 que assistir ao v\u00eddeo do \u201cJava Jazz Festival 2012:<\/p>\n\n\n\n<figure class=\"wp-block-embed-youtube wp-block-embed is-type-video is-provider-youtube wp-embed-aspect-16-9 wp-has-aspect-ratio\"><div class=\"wp-block-embed__wrapper\">\n<iframe title=\"Stevie Wonder &quot;As&quot; Live at Java Jazz Festival 2012\" width=\"960\" height=\"540\" src=\"https:\/\/www.youtube.com\/embed\/Wt2Et6W93gs?feature=oembed\" frameborder=\"0\" allow=\"accelerometer; autoplay; clipboard-write; encrypted-media; gyroscope; picture-in-picture; web-share\" allowfullscreen><\/iframe>\n<\/div><\/figure>\n\n\n\n<p>Na sequ\u00eancia ao \u00eaxtase, no outro link:<\/p>\n\n\n\n<figure class=\"wp-block-embed-youtube wp-block-embed is-type-video is-provider-youtube wp-embed-aspect-4-3 wp-has-aspect-ratio\"><div class=\"wp-block-embed__wrapper\">\n<iframe title=\"Stevie Wonder - As\" width=\"960\" height=\"720\" src=\"https:\/\/www.youtube.com\/embed\/GYQfWJNWe3I?feature=oembed\" frameborder=\"0\" allow=\"accelerometer; autoplay; clipboard-write; encrypted-media; gyroscope; picture-in-picture; web-share\" allowfullscreen><\/iframe>\n<\/div><\/figure>\n\n\n\n<p>O sonoro apuro t\u00e9cnico, a consolida\u00e7\u00e3o do Black &amp; Power norteamericano, a voz masculina e tonitruante arrebata l\u00e1 pelo meio desta grava\u00e7\u00e3o de mais de quatro d\u00e9cadas e, no lado de baixo do equador, nos conduz aos melhores momentos do nosso cantor negro Monsueto.<\/p>\n\n\n\n<p class=\"has-text-align-center\"><strong>Assim como<\/strong><\/p>\n\n\n\n<p class=\"has-text-align-center\">Como em torno do sol a terra sabe que est\u00e1 girando<br>\nE as rosas sabem desabrochar no come\u00e7o de maio<br>\nAssim como o \u00f3dio sabe que o amor \u00e9 a cura<br>\nVoc\u00ea pode descansar sua mente<br>\nQue eu vou te amar sempre<\/p>\n\n\n\n<p class=\"has-text-align-center\">Como o agora n\u00e3o pode revelar o mist\u00e9rio de amanh\u00e3<br>\nMas, de passagem, vai crescer mais a cada dia<br>\nAssim como tudo que nasce \u00e9 novo<br>\nVoc\u00ea sabe que o que eu digo \u00e9 verdade<br>\nQue eu vou te amar sempre<\/p>\n\n\n\n<p class=\"has-text-align-center\">(At\u00e9 o arco-\u00edris queimar as estrelas no c\u00e9u)<br>\nSempre<br>\n(At\u00e9 o oceano cobrir cada alta montanha)<br>\nSempre<br>\n(At\u00e9 o golfinho voar e papagaios viverem no mar)<br>\nSempre<br>\n(At\u00e9 que o sonho da vida e a vida se tornam um sonho)<\/p>\n\n\n\n<p class=\"has-text-align-center\">Voc\u00ea sabia que o amor verdadeiro n\u00e3o pede nada<br>\nN\u00e3o, n\u00e3o, sua aceita\u00e7\u00e3o \u00e9 a maneira como n\u00f3s pagamos<br>\nVoc\u00ea sabia que a vida deu uma garantia de amor<br>\nPara durar pela eternidade e um dia<\/p>\n\n\n\n<p class=\"has-text-align-center\">Assim como o tempo soube seguir em frente desde o in\u00edcio<br>\nE as esta\u00e7\u00f5es sabem exatamente quando mudar<br>\nAssim como a bondade n\u00e3o conhece vergonha<br>\nSaiba atrav\u00e9s de toda a sua alegria e dor<br>\nQue eu vou te amar sempre<\/p>\n\n\n\n<p class=\"has-text-align-center\">Como hoje eu sei que estou vivendo<br>\nMas amanh\u00e3 pode me fazer o passado<br>\nMas isso eu n\u00e3o devo temer<br>\nPois eu sei que no fundo da minha mente<br>\nO amor que deixei para tr\u00e1s<br>\nPorque eu vou te amar sempre<\/p>\n\n\n\n<p class=\"has-text-align-center\">(At\u00e9 o dia seja noite e a noite se torne o dia)<br>\nSempre<br>\n(At\u00e9 as \u00e1rvores e mares apenas voarem)<br>\nSempre<br>\n(At\u00e9 o dia em que oito vezes oito vezes oito \u00e9 quatro)<br>\nSempre<br>\n(At\u00e9 o dia que o dia n\u00e3o exista mais)<br>\nSabia que voc\u00ea \u00e9 amado por algu\u00e9m<br>\n(At\u00e9 o dia que a terra come\u00e7ar a girar da direita pra esquerda)<br>\nSempre<br>\n(At\u00e9 que a terra apenas para o sol se negar)<br>\nEu estarei amando voc\u00ea para sempre<br>\n(At\u00e9 a m\u00e3e natureza dizer que seu trabalho acabou)<br>\nSempre<br>\n(At\u00e9 o dia em que voc\u00ea for eu e eu for voc\u00ea)<br>\nSempre<br>\n(At\u00e9 o arco-\u00edris queimar as estrelas no c\u00e9u<br>\nAt\u00e9 o oceano separar cada alta montanha)<br>\nSempre<\/p>\n\n\n\n<p class=\"has-text-align-center\">N\u00f3s todos sabemos que \u00e0s vezes a vida \u00e9 \u00f3dio e problemas<br> E pode fazer voc\u00ea querer ter nascido em outro tempo e espa\u00e7o<br> Mas voc\u00ea pode apostar as suas vidas e que o dobro \u00e9 o dobro<br> Que Deus sabia exatamente onde ele queria que voc\u00ea fosse colocado<br> Portanto, verifique se quando voc\u00ea diz que est\u00e1 nele, mas n\u00e3o dele<br> Voc\u00ea n\u00e3o est\u00e1 ajudando a tornar esta terra<br> Um lugar \u00e0s vezes chamado de inferno<br> Transforme as suas palavras em verdades<br> E depois transforme essa verdade em amor<br> E talvez os netos dos nossos filhos<br> E seus bisnetos dir\u00e3o<br> Eu estarei te amando at\u00e9 o arco-\u00edris queimar as estrelas no c\u00e9u<\/p>\n\n\n\n<p class=\"has-text-align-center\"> <a href=\"\/\/pt.wikipedia.org\/wiki\/Stevie_Wonder\"># https:\/\/pt.wikipedia.org\/wiki\/Stevie_Wonder  <\/a><br><a href=\"https:\/\/translate.google.com\/translate?hl=pt-BR&amp;sl=en&amp;u=https:\/\/en.wikipedia.org\/wiki\/Jakarta_International_Java_Jazz_Festival&amp;prev=search\"># As Live at Java Jazz Festival 2012<\/a><br><a href=\"https:\/\/pt.wikipedia.org\/wiki\/Jorge_Luis_Borges\">#Jorge Luis Borges  <\/a><\/p>\n\n\n\n<p class=\"has-text-align-right\">19\/03\/2020<br> (309) <br> <a rel=\"noreferrer noopener\" href=\"mailto:mmsmarcos1953@hotmail.com\" target=\"_blank\">mmsmarcos1953@hotmail.com<\/a> <\/p>\n","protected":false},"excerpt":{"rendered":"<p>&nbsp;&nbsp;&nbsp;&nbsp;&nbsp;&nbsp;&nbsp;&nbsp;&nbsp;&nbsp;&nbsp;&nbsp;&nbsp;&nbsp;&nbsp;&nbsp;&nbsp;&nbsp;&nbsp;&nbsp;&nbsp;&nbsp;&nbsp;&nbsp;&nbsp;&nbsp;&nbsp;&nbsp;&nbsp;&nbsp;&nbsp;&nbsp;&nbsp;&nbsp;&nbsp;&nbsp;&nbsp;&nbsp;&nbsp;&nbsp;&nbsp;&nbsp;&nbsp;&nbsp;&nbsp;&nbsp;&nbsp;&nbsp;&nbsp;&nbsp;&nbsp;&nbsp;&nbsp;&nbsp;&nbsp;&nbsp;&nbsp;&nbsp;&nbsp;&nbsp;&nbsp;&nbsp;&nbsp;&nbsp;&nbsp;&nbsp;&nbsp;&nbsp;&nbsp;&nbsp;&nbsp;&nbsp;&nbsp;&nbsp;&nbsp;&nbsp;&nbsp;&nbsp;&nbsp;&nbsp;&nbsp;&nbsp;&nbsp;&nbsp;&nbsp;&nbsp;&nbsp;&nbsp;&nbsp;&nbsp;&nbsp;&nbsp;&nbsp; &nbsp;&nbsp;&nbsp;&nbsp;&nbsp;&nbsp;&nbsp;&nbsp;&nbsp;&nbsp;&nbsp;&nbsp;&nbsp;&nbsp;&nbsp;&nbsp;Quem se cansa de andar encurta a&nbsp;vida; quem prossegue, afasta a morte para depois.Maria Zina \u2013 Apud Mario Sergio Conti Pr\u00e9-adolesc\u00eancia minha, em Bras\u00edlia, a gente (a gente, a\u00ed, quer dizer n\u00f3s) debaixo do bloco, cansad\u00edssimos de fazer nada, somente na bestagem, assim como hoje na idiotia do celular. Adens\u00e1vamos o \u00f3cio n\u00e3o criativo com papos os mais estapaf\u00fardios. Um dos temas recorrentes era jogar na roda do debate o que seria pior para o ser humano em termos de desgra\u00e7a absoluta: o indiv\u00edduo nascer\/ficar surdo, mudo, cego, sem paladar, sem tato. Aquela crian\u00e7ada pequeno burguesa n\u00e3o tinha sido ainda apresentada ao politicamente correto, o vocabul\u00e1rio n\u00e3o contemplava refer\u00eancia a \u201cpessoa deficiente\u201d, acolhida sem mais restri\u00e7\u00f5es para o bem de todos e todas nestes tempos vir\u00f3ticos . O relato de cada um (no conclave, clube do Bolinha, n\u00e3o havia menina) era detido, minucioso, detalhista. No seu momento c\u00eanico, o narrador, circunspecto, fazia no entanto caras e bocas para despertar na turma (galera) sensa\u00e7\u00f5es desagrad\u00e1veis e angustiantes de sorte que a pior sina fosse exatamente aquela que ele descrevia superinterpretando. Levantamentos que fiz alcan\u00e7ando desde a primeira conversa dessa natureza apontam que, para os meninos candangos da Super Quadra Sul 306,&nbsp;&nbsp;a&nbsp;adversidade mais grave,&nbsp;o fator &nbsp;per se&nbsp;a derrubar todo o sistema sensorial,&nbsp;era a falta da vis\u00e3o, a amaurose. Ou seja: diante da aus\u00eancia de luz, restavam superados em priva\u00e7\u00e3o e desalento os demais sentidos: o n\u00e3o distinguir o gosto dos alimentos; a aliena\u00e7\u00e3o total do cheirinho do cacau; a insensibilidade da pele da pessoa que n\u00e3o acusa o contato f\u00edsico com quaisquer objetos ou com o corpo de outrem; a incapacidade de oralizar os pensamentos; e o desaperceber-se de qualquer melodia. Desmentem e contradizem tal entendimento artistas geniais espalhados pelo mundo que s\u00e3o deficientes visuais de nascen\u00e7a ou que ao longo da vida perderam a capacidade de enxergar. Pensem na obra do escritor argentino Jorge Luis Borges (&#8220;os poetas, como os cegos, podem ver no escuro&#8221;). Mencionado o nome de um dos maiores representantes da literatura universal, debrucemo-nos no terreno da m\u00fasica: o&nbsp;porto-riquenho&nbsp;Jose Feliciano, o italiano Andrea Bocelli e o americano&#8230; Stevie Wonder. De autoria desse maravilhoso instrumentista\/compositor\/cantor, n\u00e3o daria a princ\u00edpio para salientar nenhuma m\u00fasica entre as centenas produzidas ao longo dos mais de cinquenta anos de sua carreira ainda em pleno vigor. Quase todas contam com minha admira\u00e7\u00e3o obsessiva, o que n\u00e3o \u00e9 vantagem alguma. Aleatoriamente escolho \u201cAs\u201d pela mensagem apaixonada nestes tempos de viol\u00eancia institucional (quando o gabinete do \u00f3dio cair\u00e1?) e pelo formid\u00e1vel coro de negras e negros &#8211; num esgar harm\u00f4nico, um dos integrantes \u00e9 convocado por Stevie Wonder para intervir em solo vocal. Primeiramente, h\u00e1 que assistir ao v\u00eddeo do \u201cJava Jazz Festival 2012: Na sequ\u00eancia ao \u00eaxtase, no outro link: O sonoro apuro t\u00e9cnico, a consolida\u00e7\u00e3o do Black &amp; Power norteamericano, a voz masculina e tonitruante arrebata l\u00e1 pelo meio desta grava\u00e7\u00e3o de mais de quatro d\u00e9cadas e, no lado de baixo do equador, nos conduz aos melhores momentos do nosso cantor negro Monsueto. Assim como Como em torno do sol a terra sabe que est\u00e1 girando E as rosas sabem desabrochar no come\u00e7o de maio Assim como o \u00f3dio sabe que o amor \u00e9 a cura Voc\u00ea pode descansar sua mente Que eu vou te amar sempre Como o agora n\u00e3o pode revelar o mist\u00e9rio de amanh\u00e3 Mas, de passagem, vai crescer mais a cada dia Assim como tudo que nasce \u00e9 novo Voc\u00ea sabe que o que eu digo \u00e9 verdade Que eu vou te amar sempre (At\u00e9 o arco-\u00edris queimar as estrelas no c\u00e9u) Sempre (At\u00e9 o oceano cobrir cada alta montanha) Sempre (At\u00e9 o golfinho voar e papagaios viverem no mar) Sempre (At\u00e9 que o sonho da vida e a vida se tornam um sonho) Voc\u00ea sabia que o amor verdadeiro n\u00e3o pede nada N\u00e3o, n\u00e3o, sua aceita\u00e7\u00e3o \u00e9 a maneira como n\u00f3s pagamos Voc\u00ea sabia que a vida deu uma garantia de amor Para durar pela eternidade e um dia Assim como o tempo soube seguir em frente desde o in\u00edcio E as esta\u00e7\u00f5es sabem exatamente quando mudar Assim como a bondade n\u00e3o conhece vergonha Saiba atrav\u00e9s de toda a sua alegria e dor Que eu vou te amar sempre Como hoje eu sei que estou vivendo Mas amanh\u00e3 pode me fazer o passado Mas isso eu n\u00e3o devo temer Pois eu sei que no fundo da minha mente O amor que deixei para tr\u00e1s Porque eu vou te amar sempre (At\u00e9 o dia seja noite e a noite se torne o dia) Sempre (At\u00e9 as \u00e1rvores e mares apenas voarem) Sempre (At\u00e9 o dia em que oito vezes oito vezes oito \u00e9 quatro) Sempre (At\u00e9 o dia que o dia n\u00e3o exista mais) Sabia que voc\u00ea \u00e9 amado por algu\u00e9m (At\u00e9 o dia que a terra come\u00e7ar a girar da direita pra esquerda) Sempre (At\u00e9 que a terra apenas para o sol se negar) Eu estarei amando voc\u00ea para sempre (At\u00e9 a m\u00e3e natureza dizer que seu trabalho acabou) Sempre (At\u00e9 o dia em que voc\u00ea for eu e eu for voc\u00ea) Sempre (At\u00e9 o arco-\u00edris queimar as estrelas no c\u00e9u At\u00e9 o oceano separar cada alta montanha) Sempre N\u00f3s todos sabemos que \u00e0s vezes a vida \u00e9 \u00f3dio e problemas E pode fazer voc\u00ea querer ter nascido em outro tempo e espa\u00e7o Mas voc\u00ea pode apostar as suas vidas e que o dobro \u00e9 o dobro Que Deus sabia exatamente onde ele queria que voc\u00ea fosse colocado Portanto, verifique se quando voc\u00ea diz que est\u00e1 nele, mas n\u00e3o dele Voc\u00ea n\u00e3o est\u00e1 ajudando a tornar esta terra Um lugar \u00e0s vezes chamado de inferno Transforme as suas palavras em verdades E depois transforme essa verdade em amor E talvez os netos dos nossos filhos E seus bisnetos dir\u00e3o Eu estarei te amando at\u00e9 o arco-\u00edris queimar as estrelas no c\u00e9u # https:\/\/pt.wikipedia.org\/wiki\/Stevie_Wonder # As Live at Java Jazz Festival 2012#Jorge Luis Borges 19\/03\/2020 (309) mmsmarcos1953@hotmail.com<\/p>\n","protected":false},"author":2,"featured_media":15317,"comment_status":"open","ping_status":"open","sticky":false,"template":"","format":"standard","meta":{"footnotes":""},"categories":[1],"tags":[],"class_list":["post-15306","post","type-post","status-publish","format-standard","has-post-thumbnail","hentry","category-sem-categoria"],"_links":{"self":[{"href":"https:\/\/mapati.com.br\/blogmapati\/wp-json\/wp\/v2\/posts\/15306","targetHints":{"allow":["GET"]}}],"collection":[{"href":"https:\/\/mapati.com.br\/blogmapati\/wp-json\/wp\/v2\/posts"}],"about":[{"href":"https:\/\/mapati.com.br\/blogmapati\/wp-json\/wp\/v2\/types\/post"}],"author":[{"embeddable":true,"href":"https:\/\/mapati.com.br\/blogmapati\/wp-json\/wp\/v2\/users\/2"}],"replies":[{"embeddable":true,"href":"https:\/\/mapati.com.br\/blogmapati\/wp-json\/wp\/v2\/comments?post=15306"}],"version-history":[{"count":15,"href":"https:\/\/mapati.com.br\/blogmapati\/wp-json\/wp\/v2\/posts\/15306\/revisions"}],"predecessor-version":[{"id":15341,"href":"https:\/\/mapati.com.br\/blogmapati\/wp-json\/wp\/v2\/posts\/15306\/revisions\/15341"}],"wp:featuredmedia":[{"embeddable":true,"href":"https:\/\/mapati.com.br\/blogmapati\/wp-json\/wp\/v2\/media\/15317"}],"wp:attachment":[{"href":"https:\/\/mapati.com.br\/blogmapati\/wp-json\/wp\/v2\/media?parent=15306"}],"wp:term":[{"taxonomy":"category","embeddable":true,"href":"https:\/\/mapati.com.br\/blogmapati\/wp-json\/wp\/v2\/categories?post=15306"},{"taxonomy":"post_tag","embeddable":true,"href":"https:\/\/mapati.com.br\/blogmapati\/wp-json\/wp\/v2\/tags?post=15306"}],"curies":[{"name":"wp","href":"https:\/\/api.w.org\/{rel}","templated":true}]}}