{"id":15389,"date":"2020-06-21T15:42:53","date_gmt":"2020-06-21T18:42:53","guid":{"rendered":"http:\/\/mapati.com.br\/?p=15389"},"modified":"2020-06-21T16:03:48","modified_gmt":"2020-06-21T19:03:48","slug":"alguns-guardados-vi","status":"publish","type":"post","link":"https:\/\/mapati.com.br\/blogmapati\/alguns-guardados-vi\/","title":{"rendered":"Alguns guardados (VI)"},"content":{"rendered":"\n<p class=\"has-text-align-right\"><em>\u201cQuanto mais o tempo nos distancia da realidade do passado, maior pode ser o choque depois. Porque os lugares mudam, a gente muda, e, mesmo que nada mude, nossa mem\u00f3ria pode ter preparado uma verdadeira armadilha.\u201d<\/em><br> &#8211;&nbsp;<em>Josimar Melo \u2013<\/em> <\/p>\n\n\n\n<p>Tra\u00e7os de mentira permeiam o car\u00e1ter de todo mundo. N\u00e3o raro, espalho pelos quatro cantos n\u00e3o ser alinhado (bonita camisa, Fernandinho) com a galera (o cisne branco em noite de lua) da poesia; eu seria portanto adepto somente do que \u00e9 discursivo e n\u00e3o acomoda (valeu, Fux) versos. A\u00ed, a fal\u00e1cia.<\/p>\n\n\n\n<p>Quando o texto em prosa \u00e9 alongado e\u2026 ruim, costuma ser sacrificante encar\u00e1-lo, o que se agrava diante de &nbsp;intercala\u00e7\u00f5es, de coment\u00e1rios entre par\u00eanteses (minha autocr\u00edtica).<\/p>\n\n\n\n<p>Com o poema, nossa leitura \u00e9 mais r\u00e1pida, mais expedita \u2013 n\u00e3o necessariamente menos reflexiva, ao contr\u00e1rio -, j\u00e1 que partimos da margem esquerda em dire\u00e7\u00e3o \u00e0 margem direita (nosso idioma n\u00e3o \u00e9 sem\u00edtico, voc\u00e1bulo que aprendi com a Enciclop\u00e9dia Barsa, a av\u00f3 do Google) e logo chegamos ao nosso destino, o \u201cponto par\u00e1grafo\u201d, o in\u00edcio do verso sequencial, sendo melhor ainda ao t\u00e9rmino da estrofe, parada t\u00e1tica para tomarmos f\u00f4lego.<\/p>\n\n\n\n<p>Agora mesmo, este blogueiro desapercebido, s\u00f3cio do clube da prosa como dito acima, deu com um poema de versos curt\u00edssimos, roupagem enganosa para subjug\u00e1-lo, enred\u00e1-lo sem piedade na empresa de ler e reler infinitas vezes ode insidiosa, num esfor\u00e7o repetitivo n\u00e3o enquadr\u00e1vel entretanto como transtorno psicol\u00f3gico &#8211; antes, frui\u00e7\u00e3o sadia e acalentadora.<\/p>\n\n\n\n<p>O recado l\u00edrico e angustiado se infiltrara neste nosso espa\u00e7o por travessuras duma produtora cultural, assumidamente negra, oficineira, militante feminista das mais aguerridas, supercuidadora de duas gatas e uma cachorra (eu avisei que a dona \u00e9 feminista), n\u00e3o foi m\u00e3e at\u00e9 2014, continua at\u00e9 hoje sem ter filho (ou FILHA).<\/p>\n\n\n\n<p>For\u00e7oso \u00e9 descobrirmos onde ela encontra tempo, e autoridade genu\u00edna, para lavrar poema como este, nimbado de maternidade.<\/p>\n\n\n\n<h5 class=\"has-text-align-center wp-block-heading\"><em><strong>O FILHO<br><br>o filho se apresenta\u00a0<br>o filho chega<br>o filho est\u00e1<br>o filho se vai<br><br>o filho retorna<br>o filho contorna<br>o filho reclama<br>o filho derrama<br><br>o filho chora<br>o filho pede peito<br>o filho um dia ser\u00e1 peito<br>o filho acompanha<br>o filho despede<br>o filho percebe<br>o filho entregue<br><br>o filho, voc\u00ea.<br><br>dayse hansa<br>06\/06\/2014<\/strong><\/em><\/h5>\n\n\n\n<div class=\"wp-block-image\"><figure class=\"aligncenter is-resized\"><img fetchpriority=\"high\" decoding=\"async\" src=\"http:\/\/mapati.com.br\/wp-content\/uploads\/2020\/06\/315_DAYSE3.jpg\" alt=\"\" class=\"wp-image-15397\" width=\"790\" height=\"515\" srcset=\"https:\/\/mapati.com.br\/blogmapati\/wp-content\/uploads\/2020\/06\/315_DAYSE3.jpg 567w, https:\/\/mapati.com.br\/blogmapati\/wp-content\/uploads\/2020\/06\/315_DAYSE3-300x195.jpg 300w\" sizes=\"(max-width: 790px) 100vw, 790px\" \/><\/figure><\/div>\n\n\n\n<p class=\"has-text-align-center\"><a href=\"https:\/\/www.josimarmelo.com.br\/\">#Josimar Melo<\/a><br><a href=\"https:\/\/pt.wikipedia.org\/wiki\/Luiz_Fux\">#Fux<\/a><br><a href=\"https:\/\/pt.wikipedia.org\/wiki\/Barsa\">#Enciclop\u00e9dia Barsa<\/a><br><a href=\"https:\/\/en.wikipedia.org\/wiki\/Google.org\">#Google<\/a><br><a href=\"https:\/\/br.linkedin.com\/in\/dayse-hansa-64997856\">#Dayse Hansa <\/a><\/p>\n\n\n\n<p class=\"has-text-align-right\">21\/06\/2020<br>(315)<br><a rel=\"noreferrer noopener\" href=\"mailto:mmsmarcos1953@hotmail.com\" target=\"_blank\">mmsmarcos1953@hotmail.com<\/a><\/p>\n","protected":false},"excerpt":{"rendered":"<p>\u201cQuanto mais o tempo nos distancia da realidade do passado, maior pode ser o choque depois. Porque os lugares mudam, a gente muda, e, mesmo que nada mude, nossa mem\u00f3ria pode ter preparado uma verdadeira armadilha.\u201d &#8211;&nbsp;Josimar Melo \u2013 Tra\u00e7os de mentira permeiam o car\u00e1ter de todo mundo. N\u00e3o raro, espalho pelos quatro cantos n\u00e3o ser alinhado (bonita camisa, Fernandinho) com a galera (o cisne branco em noite de lua) da poesia; eu seria portanto adepto somente do que \u00e9 discursivo e n\u00e3o acomoda (valeu, Fux) versos. A\u00ed, a fal\u00e1cia. Quando o texto em prosa \u00e9 alongado e\u2026 ruim, costuma ser sacrificante encar\u00e1-lo, o que se agrava diante de &nbsp;intercala\u00e7\u00f5es, de coment\u00e1rios entre par\u00eanteses (minha autocr\u00edtica). Com o poema, nossa leitura \u00e9 mais r\u00e1pida, mais expedita \u2013 n\u00e3o necessariamente menos reflexiva, ao contr\u00e1rio -, j\u00e1 que partimos da margem esquerda em dire\u00e7\u00e3o \u00e0 margem direita (nosso idioma n\u00e3o \u00e9 sem\u00edtico, voc\u00e1bulo que aprendi com a Enciclop\u00e9dia Barsa, a av\u00f3 do Google) e logo chegamos ao nosso destino, o \u201cponto par\u00e1grafo\u201d, o in\u00edcio do verso sequencial, sendo melhor ainda ao t\u00e9rmino da estrofe, parada t\u00e1tica para tomarmos f\u00f4lego. Agora mesmo, este blogueiro desapercebido, s\u00f3cio do clube da prosa como dito acima, deu com um poema de versos curt\u00edssimos, roupagem enganosa para subjug\u00e1-lo, enred\u00e1-lo sem piedade na empresa de ler e reler infinitas vezes ode insidiosa, num esfor\u00e7o repetitivo n\u00e3o enquadr\u00e1vel entretanto como transtorno psicol\u00f3gico &#8211; antes, frui\u00e7\u00e3o sadia e acalentadora. O recado l\u00edrico e angustiado se infiltrara neste nosso espa\u00e7o por travessuras duma produtora cultural, assumidamente negra, oficineira, militante feminista das mais aguerridas, supercuidadora de duas gatas e uma cachorra (eu avisei que a dona \u00e9 feminista), n\u00e3o foi m\u00e3e at\u00e9 2014, continua at\u00e9 hoje sem ter filho (ou FILHA). For\u00e7oso \u00e9 descobrirmos onde ela encontra tempo, e autoridade genu\u00edna, para lavrar poema como este, nimbado de maternidade. O FILHO o filho se apresenta\u00a0o filho chegao filho est\u00e1o filho se vai o filho retornao filho contornao filho reclamao filho derrama o filho chorao filho pede peitoo filho um dia ser\u00e1 peitoo filho acompanhao filho despedeo filho percebeo filho entregue o filho, voc\u00ea. dayse hansa06\/06\/2014 #Josimar Melo#Fux#Enciclop\u00e9dia Barsa#Google#Dayse Hansa 21\/06\/2020(315)mmsmarcos1953@hotmail.com<\/p>\n","protected":false},"author":2,"featured_media":15395,"comment_status":"open","ping_status":"open","sticky":false,"template":"","format":"standard","meta":{"footnotes":""},"categories":[1],"tags":[],"class_list":["post-15389","post","type-post","status-publish","format-standard","has-post-thumbnail","hentry","category-sem-categoria"],"_links":{"self":[{"href":"https:\/\/mapati.com.br\/blogmapati\/wp-json\/wp\/v2\/posts\/15389","targetHints":{"allow":["GET"]}}],"collection":[{"href":"https:\/\/mapati.com.br\/blogmapati\/wp-json\/wp\/v2\/posts"}],"about":[{"href":"https:\/\/mapati.com.br\/blogmapati\/wp-json\/wp\/v2\/types\/post"}],"author":[{"embeddable":true,"href":"https:\/\/mapati.com.br\/blogmapati\/wp-json\/wp\/v2\/users\/2"}],"replies":[{"embeddable":true,"href":"https:\/\/mapati.com.br\/blogmapati\/wp-json\/wp\/v2\/comments?post=15389"}],"version-history":[{"count":3,"href":"https:\/\/mapati.com.br\/blogmapati\/wp-json\/wp\/v2\/posts\/15389\/revisions"}],"predecessor-version":[{"id":15398,"href":"https:\/\/mapati.com.br\/blogmapati\/wp-json\/wp\/v2\/posts\/15389\/revisions\/15398"}],"wp:featuredmedia":[{"embeddable":true,"href":"https:\/\/mapati.com.br\/blogmapati\/wp-json\/wp\/v2\/media\/15395"}],"wp:attachment":[{"href":"https:\/\/mapati.com.br\/blogmapati\/wp-json\/wp\/v2\/media?parent=15389"}],"wp:term":[{"taxonomy":"category","embeddable":true,"href":"https:\/\/mapati.com.br\/blogmapati\/wp-json\/wp\/v2\/categories?post=15389"},{"taxonomy":"post_tag","embeddable":true,"href":"https:\/\/mapati.com.br\/blogmapati\/wp-json\/wp\/v2\/tags?post=15389"}],"curies":[{"name":"wp","href":"https:\/\/api.w.org\/{rel}","templated":true}]}}