{"id":15479,"date":"2020-12-03T10:23:59","date_gmt":"2020-12-03T13:23:59","guid":{"rendered":"http:\/\/mapati.com.br\/?p=15479"},"modified":"2020-12-03T10:49:48","modified_gmt":"2020-12-03T13:49:48","slug":"obsessoes-musicais-xxv","status":"publish","type":"post","link":"https:\/\/mapati.com.br\/blogmapati\/obsessoes-musicais-xxv\/","title":{"rendered":"Obsess\u00f5es musicais (XXV)"},"content":{"rendered":"\n<p class=\"has-text-align-right\"><em>\u00c9, pude ver um pouco desse\u00a0<\/em>lugar dos sonhos<em> de perto. N\u00e3o existe nenhum tipo de grade, as prote\u00e7\u00f5es s\u00e3o feitas por vidros e algumas microcerquinhas de madeiras. Nos pr\u00e9dios, consegui avistar at\u00e9 um pouco da rotina das fam\u00edlias. N\u00e3o consegui descobrir onde os ricos moravam. Depois percebi que todos eram ricos&#8230;<\/em><br> &#8211; Mariza Martins &#8211; <\/p>\n\n\n\n<p>N\u00e3o sou negacionista &#8211; a frase, literalmente nega\u00e7\u00e3o em si mesma, induz paradoxo.<\/p>\n\n\n\n<p>Na companhia da minha companheira, fui em novembro passado revisitar outros rinc\u00f5es desta terra redonda. Com o v\u00edrus redivivo a nos espreitar, pegamos o carro e formalizamos despedida tempor\u00e1ria da Capital da Esperan\u00e7a (se n\u00e3o \u00e9 mais, logo voltar\u00e1 a ser) iniciando jornada em dire\u00e7\u00e3o ao Nordeste.<\/p>\n\n\n\n<p>A subida pelo litoral, Salvador, Aracaju, Macei\u00f3, Recife (predominantemente Olinda) e Jo\u00e3o Pessoa, etapa final da ida. Desistimos de esticar, consoante programa\u00e7\u00e3o original, at\u00e9 a Praia do Pipa, no Rio Grande do Norte, n\u00e3o pelo acidente provocado pela fal\u00e9sia que ali desabou matando casal e o filho beb\u00ea,&nbsp;uma trag\u00e9dia. Antecipamos nosso retorno em decorr\u00eancia de motivos outros, o qual se deu por dentro, por BRs e rodovias estaduais que cortam o interior dessa regi\u00e3o, chegando a Bras\u00edlia ap\u00f3s dezoito dias de viagem e mais de cinco mil quil\u00f4metros percorridos.<\/p>\n\n\n\n<p>E da\u00ed, algu\u00e9m poderia indagar.<\/p>\n\n\n\n<p>H\u00e1 estados que s\u00e3o tremendos marqueteiros. Pensando bem, a maioria deles, pelos mais variados meios, destila propaganda o tempo todo. Alagoas a rigor n\u00e3o integra esse contingente, \u00e9 discreto, propala a Praia do Franc\u00eas, que, ali\u00e1s, continua linda. Na volta, j\u00e1 renascidos, calhou de pararmos em Delmiro Gouv\u00eaa, munic\u00edpio pequeno, sem a expressividade desse homem t\u00e3o relevante para a hist\u00f3ria da ind\u00fastria brasileira. No hotel onde nos hospedamos, distante cinco quil\u00f4metros da cidade, grandioso,&nbsp;<em>nouveau riche<\/em>, rolava uma esp\u00e9cie de festa. Em respeito ao corona, nos abalamos para um canto mais seguro, perto da academia e longe da enorme piscina. O casal nessa bolha, a contemplar o c\u00e9u estrelado, nove da noite no rel\u00f3gio de pulso (sou um dinossauro), quando avultaram em minha mente outros alagoanos ilustres: Graciliano Ramos, Nise de Oliveira, Aur\u00e9lio Buarque de Holanda e&#8230;<\/p>\n\n\n\n<p>Regra geral, consta que no plano da pol\u00edtica o indiv\u00edduo inaugura sua trajet\u00f3ria pelos meandros da esquerda. \u00c0 medida que a idade avan\u00e7a, cinquentinha, sessentinha, migra para a direita. O meu quarto personagem alagoano, ao rev\u00e9s, j\u00e1 nenhum menino saiu das fileiras do conservadorismo, da classe dominante, da casa grande, para desempenhar papel de vanguarda em busca de mudan\u00e7as na sociedade.<\/p>\n\n\n\n<p>Elei\u00e7\u00e3o, pelo povo, de governadores ocorrida em 1982 (uma sova no governo federal e na Arena, partido extinto mas viv\u00edssimo at\u00e9 hoje), urgia subir mais um degrau e alcan\u00e7ar plataforma que permitisse atingir sem intermedi\u00e1rios o voto para presidente da Rep\u00fablica. Seria a consolida\u00e7\u00e3o da abertura \u201campla, gradual e segura\u201d, modelada l\u00e1 atr\u00e1s pelo General Geisel (\u00e9 antiga nossa \u201cvincula\u00e7\u00e3o\u201d aos humores dos militares). Como sabido, resultou em frustra\u00e7\u00e3o a derrota da chamada Emenda Dante de Oliveira, obrigando-nos a aguardar um lustro para implanta\u00e7\u00e3o do voto direto, per\u00edodo que n\u00e3o se caracterizou pela frustra\u00e7\u00e3o total porquanto grandes estadistas pavimentaram a estrada esburacada e trai\u00e7oeira rumo \u00e0 democracia. Convalidaram-se as delibera\u00e7\u00f5es do col\u00e9gio que elegeu Tancredo Neves, cuja morte, sofrida pelo Brasil quase todo, n\u00e3o nos impediu cheg\u00e1ssemos \u00e0 Assembleia Nacional Constituinte.<\/p>\n\n\n\n<p>E muito dessas conquistas n\u00f3s devemos \u00e0 participa\u00e7\u00e3o de um alagoano, um tal de Teot\u00f4nio Vilela, que, mesmo na \u00faltima quadra da vida, vulnerado por um c\u00e2ncer, singrou o pa\u00eds defendendo medidas na sua ess\u00eancia voltadas para a liberdade e a igualdade social.<\/p>\n\n\n\n<p>Desta maneira o descrevera Roberto Ramalho, jornalista e advogado:<\/p>\n\n\n\n<p class=\"has-text-align-right\"><em>\u201cTeotonio Brand\u00e3o Vilela, (&#8230;), foi um jornalista, cronista, ensa\u00edsta, empres\u00e1rio, pol\u00edtico, bo\u00eamio e poeta, al\u00e9m de ter sido o Senador da Anistia, o Senador das Diretas J\u00e1 (a id\u00e9ia de criar um movimento a favor de elei\u00e7\u00f5es diretas foi lan\u00e7ada, em 1983, pelo ent\u00e3o senador Teot\u00f4nio Vilela no programa Canal Livre da TV Bandeirantes, o Guerreiro da Paz, o Peregrino da Democracia, o Menestrel das Alagoas, o Senhor Dignidade, e, sobretudo o Fil\u00f3sofo e Humanista que soube olhar com amor e coragem o seu Pa\u00eds e reformular conceitos e id\u00e9ias, quando se fazia e se fez necess\u00e1rio. Para Teot\u00f4nio Vilela, a liberdade no Brasil deveria ser capaz, sobretudo, de garantir cidadania a todos os brasileiros.\u201d<\/em><\/p>\n\n\n\n<p> Para homenagear o grande pol\u00edtico, Milton Nascimento (e Fernando Brant) se valera, como s\u00f3i, da m\u00fasica, que vai aqui cantada por ele mesmo <\/p>\n\n\n\n<figure class=\"wp-block-embed-youtube wp-block-embed is-type-video is-provider-youtube wp-embed-aspect-4-3 wp-has-aspect-ratio\"><div class=\"wp-block-embed__wrapper\">\n<iframe title=\"MILTON NASCIMENTO MENESTREL DAS ALAGOAS\" width=\"960\" height=\"720\" src=\"https:\/\/www.youtube.com\/embed\/2c6Mt8pbAFs?feature=oembed\" frameborder=\"0\" allow=\"accelerometer; autoplay; clipboard-write; encrypted-media; gyroscope; picture-in-picture; web-share\" allowfullscreen><\/iframe>\n<\/div><\/figure>\n\n\n\n<p> e, atrav\u00e9s de outro link, pela guerreira Faf\u00e1 de Bel\u00e9m, com o aux\u00edlio luxuoso do pr\u00f3prio Teot\u00f4nio Vilela<\/p>\n\n\n\n<figure class=\"wp-block-embed-youtube wp-block-embed is-type-video is-provider-youtube wp-embed-aspect-4-3 wp-has-aspect-ratio\"><div class=\"wp-block-embed__wrapper\">\n<iframe title=\"Faf\u00e1 de Bel\u00e9m - Menestrel de Alagoas (Ao Vivo)\" width=\"960\" height=\"720\" src=\"https:\/\/www.youtube.com\/embed\/ZzyzbI2tEUc?feature=oembed\" frameborder=\"0\" allow=\"accelerometer; autoplay; clipboard-write; encrypted-media; gyroscope; picture-in-picture; web-share\" allowfullscreen><\/iframe>\n<\/div><\/figure>\n\n\n\n<p class=\"has-text-align-center has-medium-font-size\"><strong>Menestrel das Alagoas<\/strong><\/p>\n\n\n\n<p class=\"has-text-align-center\"><em>Quem \u00e9 esse viajante<br>Quem \u00e9 esse menestrel<br>Que espalha esperan\u00e7a<br>E transforma sal em mel?<br>Quem \u00e9 esse saltimbanco<br>Falando em rebeli\u00e3o<br>Como quem fala de amores<br>Para a mo\u00e7a do port\u00e3o?<br>Quem \u00e9 esse que penetra<br>No fundo do pantanal<br>Como quem vai manh\u00e3zinha<br>Buscar fruta no quintal?<br>Quem \u00e9 esse que conhece<br>Alagoas e Gerais<br>E fala a l\u00edngua do povo<br>Como ningu\u00e9m fala mais?<br>Quem \u00e9 esse?<br>De quem essa ira santa<br>Essa sa\u00fade civil<br>Que tocando a ferida<br>Redescobre o Brasil?<br>Quem \u00e9 esse peregrino<br>Que caminha sem parar?<br>Quem \u00e9 esse meu poeta<br>Que ningu\u00e9m pode calar?<br>Quem \u00e9 esse?<\/em><\/p>\n\n\n\n<p><a href=\"https:\/\/pt.wikipedia.org\/wiki\/Teot%C3%B4nio_Vilela\">#Teot\u00f4nio Vilela<\/a><br><a href=\"http:\/\/www.ihu.unisinos.br\/78-noticias\/584521-o-menestrel-das-alagoas\">#Menestrel das Alagoas<\/a><br><a href=\"#Delmiro Gouv\u00eaa\">#Delmiro Gouv\u00eaa<\/a><br><a href=\"https:\/\/pt.wikipedia.org\/wiki\/Faf%C3%A1_de_Bel%C3%A9m\">#Faf\u00e1 de Bel\u00e9m<\/a><\/p>\n\n\n\n<p class=\"has-text-align-right\">03\/12\/2020<br> (325)<br> <a rel=\"noreferrer noopener\" href=\"mailto:mmsmarcos1953@hotmail.com\" target=\"_blank\">mmsmarcos1953@hotmail.com<\/a> <\/p>\n","protected":false},"excerpt":{"rendered":"<p>\u00c9, pude ver um pouco desse\u00a0lugar dos sonhos de perto. N\u00e3o existe nenhum tipo de grade, as prote\u00e7\u00f5es s\u00e3o feitas por vidros e algumas microcerquinhas de madeiras. Nos pr\u00e9dios, consegui avistar at\u00e9 um pouco da rotina das fam\u00edlias. N\u00e3o consegui descobrir onde os ricos moravam. Depois percebi que todos eram ricos&#8230; &#8211; Mariza Martins &#8211; N\u00e3o sou negacionista &#8211; a frase, literalmente nega\u00e7\u00e3o em si mesma, induz paradoxo. Na companhia da minha companheira, fui em novembro passado revisitar outros rinc\u00f5es desta terra redonda. Com o v\u00edrus redivivo a nos espreitar, pegamos o carro e formalizamos despedida tempor\u00e1ria da Capital da Esperan\u00e7a (se n\u00e3o \u00e9 mais, logo voltar\u00e1 a ser) iniciando jornada em dire\u00e7\u00e3o ao Nordeste. A subida pelo litoral, Salvador, Aracaju, Macei\u00f3, Recife (predominantemente Olinda) e Jo\u00e3o Pessoa, etapa final da ida. Desistimos de esticar, consoante programa\u00e7\u00e3o original, at\u00e9 a Praia do Pipa, no Rio Grande do Norte, n\u00e3o pelo acidente provocado pela fal\u00e9sia que ali desabou matando casal e o filho beb\u00ea,&nbsp;uma trag\u00e9dia. Antecipamos nosso retorno em decorr\u00eancia de motivos outros, o qual se deu por dentro, por BRs e rodovias estaduais que cortam o interior dessa regi\u00e3o, chegando a Bras\u00edlia ap\u00f3s dezoito dias de viagem e mais de cinco mil quil\u00f4metros percorridos. E da\u00ed, algu\u00e9m poderia indagar. H\u00e1 estados que s\u00e3o tremendos marqueteiros. Pensando bem, a maioria deles, pelos mais variados meios, destila propaganda o tempo todo. Alagoas a rigor n\u00e3o integra esse contingente, \u00e9 discreto, propala a Praia do Franc\u00eas, que, ali\u00e1s, continua linda. Na volta, j\u00e1 renascidos, calhou de pararmos em Delmiro Gouv\u00eaa, munic\u00edpio pequeno, sem a expressividade desse homem t\u00e3o relevante para a hist\u00f3ria da ind\u00fastria brasileira. No hotel onde nos hospedamos, distante cinco quil\u00f4metros da cidade, grandioso,&nbsp;nouveau riche, rolava uma esp\u00e9cie de festa. Em respeito ao corona, nos abalamos para um canto mais seguro, perto da academia e longe da enorme piscina. O casal nessa bolha, a contemplar o c\u00e9u estrelado, nove da noite no rel\u00f3gio de pulso (sou um dinossauro), quando avultaram em minha mente outros alagoanos ilustres: Graciliano Ramos, Nise de Oliveira, Aur\u00e9lio Buarque de Holanda e&#8230; Regra geral, consta que no plano da pol\u00edtica o indiv\u00edduo inaugura sua trajet\u00f3ria pelos meandros da esquerda. \u00c0 medida que a idade avan\u00e7a, cinquentinha, sessentinha, migra para a direita. O meu quarto personagem alagoano, ao rev\u00e9s, j\u00e1 nenhum menino saiu das fileiras do conservadorismo, da classe dominante, da casa grande, para desempenhar papel de vanguarda em busca de mudan\u00e7as na sociedade. Elei\u00e7\u00e3o, pelo povo, de governadores ocorrida em 1982 (uma sova no governo federal e na Arena, partido extinto mas viv\u00edssimo at\u00e9 hoje), urgia subir mais um degrau e alcan\u00e7ar plataforma que permitisse atingir sem intermedi\u00e1rios o voto para presidente da Rep\u00fablica. Seria a consolida\u00e7\u00e3o da abertura \u201campla, gradual e segura\u201d, modelada l\u00e1 atr\u00e1s pelo General Geisel (\u00e9 antiga nossa \u201cvincula\u00e7\u00e3o\u201d aos humores dos militares). Como sabido, resultou em frustra\u00e7\u00e3o a derrota da chamada Emenda Dante de Oliveira, obrigando-nos a aguardar um lustro para implanta\u00e7\u00e3o do voto direto, per\u00edodo que n\u00e3o se caracterizou pela frustra\u00e7\u00e3o total porquanto grandes estadistas pavimentaram a estrada esburacada e trai\u00e7oeira rumo \u00e0 democracia. Convalidaram-se as delibera\u00e7\u00f5es do col\u00e9gio que elegeu Tancredo Neves, cuja morte, sofrida pelo Brasil quase todo, n\u00e3o nos impediu cheg\u00e1ssemos \u00e0 Assembleia Nacional Constituinte. E muito dessas conquistas n\u00f3s devemos \u00e0 participa\u00e7\u00e3o de um alagoano, um tal de Teot\u00f4nio Vilela, que, mesmo na \u00faltima quadra da vida, vulnerado por um c\u00e2ncer, singrou o pa\u00eds defendendo medidas na sua ess\u00eancia voltadas para a liberdade e a igualdade social. Desta maneira o descrevera Roberto Ramalho, jornalista e advogado: \u201cTeotonio Brand\u00e3o Vilela, (&#8230;), foi um jornalista, cronista, ensa\u00edsta, empres\u00e1rio, pol\u00edtico, bo\u00eamio e poeta, al\u00e9m de ter sido o Senador da Anistia, o Senador das Diretas J\u00e1 (a id\u00e9ia de criar um movimento a favor de elei\u00e7\u00f5es diretas foi lan\u00e7ada, em 1983, pelo ent\u00e3o senador Teot\u00f4nio Vilela no programa Canal Livre da TV Bandeirantes, o Guerreiro da Paz, o Peregrino da Democracia, o Menestrel das Alagoas, o Senhor Dignidade, e, sobretudo o Fil\u00f3sofo e Humanista que soube olhar com amor e coragem o seu Pa\u00eds e reformular conceitos e id\u00e9ias, quando se fazia e se fez necess\u00e1rio. Para Teot\u00f4nio Vilela, a liberdade no Brasil deveria ser capaz, sobretudo, de garantir cidadania a todos os brasileiros.\u201d Para homenagear o grande pol\u00edtico, Milton Nascimento (e Fernando Brant) se valera, como s\u00f3i, da m\u00fasica, que vai aqui cantada por ele mesmo e, atrav\u00e9s de outro link, pela guerreira Faf\u00e1 de Bel\u00e9m, com o aux\u00edlio luxuoso do pr\u00f3prio Teot\u00f4nio Vilela Menestrel das Alagoas Quem \u00e9 esse viajanteQuem \u00e9 esse menestrelQue espalha esperan\u00e7aE transforma sal em mel?Quem \u00e9 esse saltimbancoFalando em rebeli\u00e3oComo quem fala de amoresPara a mo\u00e7a do port\u00e3o?Quem \u00e9 esse que penetraNo fundo do pantanalComo quem vai manh\u00e3zinhaBuscar fruta no quintal?Quem \u00e9 esse que conheceAlagoas e GeraisE fala a l\u00edngua do povoComo ningu\u00e9m fala mais?Quem \u00e9 esse?De quem essa ira santaEssa sa\u00fade civilQue tocando a feridaRedescobre o Brasil?Quem \u00e9 esse peregrinoQue caminha sem parar?Quem \u00e9 esse meu poetaQue ningu\u00e9m pode calar?Quem \u00e9 esse? #Teot\u00f4nio Vilela#Menestrel das Alagoas#Delmiro Gouv\u00eaa#Faf\u00e1 de Bel\u00e9m 03\/12\/2020 (325) mmsmarcos1953@hotmail.com<\/p>\n","protected":false},"author":2,"featured_media":15482,"comment_status":"open","ping_status":"open","sticky":false,"template":"","format":"standard","meta":{"footnotes":""},"categories":[1],"tags":[],"class_list":["post-15479","post","type-post","status-publish","format-standard","has-post-thumbnail","hentry","category-sem-categoria"],"_links":{"self":[{"href":"https:\/\/mapati.com.br\/blogmapati\/wp-json\/wp\/v2\/posts\/15479","targetHints":{"allow":["GET"]}}],"collection":[{"href":"https:\/\/mapati.com.br\/blogmapati\/wp-json\/wp\/v2\/posts"}],"about":[{"href":"https:\/\/mapati.com.br\/blogmapati\/wp-json\/wp\/v2\/types\/post"}],"author":[{"embeddable":true,"href":"https:\/\/mapati.com.br\/blogmapati\/wp-json\/wp\/v2\/users\/2"}],"replies":[{"embeddable":true,"href":"https:\/\/mapati.com.br\/blogmapati\/wp-json\/wp\/v2\/comments?post=15479"}],"version-history":[{"count":6,"href":"https:\/\/mapati.com.br\/blogmapati\/wp-json\/wp\/v2\/posts\/15479\/revisions"}],"predecessor-version":[{"id":15486,"href":"https:\/\/mapati.com.br\/blogmapati\/wp-json\/wp\/v2\/posts\/15479\/revisions\/15486"}],"wp:featuredmedia":[{"embeddable":true,"href":"https:\/\/mapati.com.br\/blogmapati\/wp-json\/wp\/v2\/media\/15482"}],"wp:attachment":[{"href":"https:\/\/mapati.com.br\/blogmapati\/wp-json\/wp\/v2\/media?parent=15479"}],"wp:term":[{"taxonomy":"category","embeddable":true,"href":"https:\/\/mapati.com.br\/blogmapati\/wp-json\/wp\/v2\/categories?post=15479"},{"taxonomy":"post_tag","embeddable":true,"href":"https:\/\/mapati.com.br\/blogmapati\/wp-json\/wp\/v2\/tags?post=15479"}],"curies":[{"name":"wp","href":"https:\/\/api.w.org\/{rel}","templated":true}]}}