{"id":1551,"date":"2016-07-03T23:37:22","date_gmt":"2016-07-03T23:37:22","guid":{"rendered":"http:\/\/mapati.com.br\/blog\/?p=1551"},"modified":"2016-07-03T23:37:22","modified_gmt":"2016-07-03T23:37:22","slug":"poemas-de-uma-carioca-desgarrada-xviii","status":"publish","type":"post","link":"https:\/\/mapati.com.br\/blogmapati\/poemas-de-uma-carioca-desgarrada-xviii\/","title":{"rendered":"Poemas de uma carioca desgarrada XVIII"},"content":{"rendered":"<p>Volto a ter reca\u00eddas e traio a prosa.<\/p>\n<p>Se j\u00e1 declarei que n\u00e3o sou muito chegado a poemas, qual o motivo de abrir espa\u00e7o novamente aos versos? Talvez pela expectativa de rebrilhamento.<\/p>\n<figure id=\"attachment_1555\" aria-describedby=\"caption-attachment-1555\" style=\"width: 576px\" class=\"wp-caption aligncenter\"><img fetchpriority=\"high\" decoding=\"async\" class=\" wp-image-1555\" src=\"http:\/\/2017.mapati.com.br\/wp-content\/uploads\/2016\/07\/195_estrela.jpg\" alt=\"http:\/\/www.downloadswallpapers.com\/wallpapers\/2012\/julho\/estrela-brilhante-iluminando-wallpaper-15709.jpg\" width=\"576\" height=\"432\" srcset=\"https:\/\/mapati.com.br\/blogmapati\/wp-content\/uploads\/2016\/07\/195_estrela.jpg 1024w, https:\/\/mapati.com.br\/blogmapati\/wp-content\/uploads\/2016\/07\/195_estrela-300x225.jpg 300w, https:\/\/mapati.com.br\/blogmapati\/wp-content\/uploads\/2016\/07\/195_estrela-768x576.jpg 768w, https:\/\/mapati.com.br\/blogmapati\/wp-content\/uploads\/2016\/07\/195_estrela-200x150.jpg 200w, https:\/\/mapati.com.br\/blogmapati\/wp-content\/uploads\/2016\/07\/195_estrela-400x300.jpg 400w, https:\/\/mapati.com.br\/blogmapati\/wp-content\/uploads\/2016\/07\/195_estrela-600x450.jpg 600w, https:\/\/mapati.com.br\/blogmapati\/wp-content\/uploads\/2016\/07\/195_estrela-800x600.jpg 800w\" sizes=\"(max-width: 576px) 100vw, 576px\" \/><figcaption id=\"caption-attachment-1555\" class=\"wp-caption-text\"><span style=\"font-size: 8pt;\">http:\/\/www.downloadswallpapers.com\/wallpapers\/2012\/julho\/estrela-brilhante-iluminando-wallpaper-15709.jpg<\/span><\/figcaption><\/figure>\n<p style=\"text-align: center;\"><strong><span style=\"font-family: 'trebuchet ms', geneva, sans-serif;\"><u>FLOR DESERTA<\/u><\/span><\/strong><\/p>\n<p style=\"text-align: center;\"><span style=\"font-family: 'trebuchet ms', geneva, sans-serif;\"><em>Com esse poder<br \/>\n<\/em><em>de passar sem<br \/>\n<\/em><em>se deixar levar<br \/>\n<\/em><em>pela torrente de acasos<\/em><\/span><\/p>\n<p style=\"text-align: center;\"><span style=\"font-family: 'trebuchet ms', geneva, sans-serif;\"><em>Quando parece que viramos<br \/>\n<\/em><em>o pr\u00f3prio ocaso,<br \/>\n<\/em><em>que n\u00e3o tornaremos a brilhar&#8230;.<\/em><\/span><\/p>\n<p style=\"text-align: center;\"><span style=\"font-family: 'trebuchet ms', geneva, sans-serif;\"><em>Quando o cora\u00e7\u00e3o fica<br \/>\n<\/em><em>atolado,<br \/>\n<\/em><em>apertado,<br \/>\n<\/em><em>espremido,<br \/>\n<\/em><em>que nem gemido faz&#8230;<\/em><\/span><\/p>\n<p style=\"text-align: center;\"><span style=\"font-family: 'trebuchet ms', geneva, sans-serif;\"><em>De repente um alvorecer<br \/>\n<\/em><em>assusta,<br \/>\n<\/em><em>ofusca,<br \/>\n<\/em><em>cega.<\/em><\/span><\/p>\n<p style=\"text-align: center;\"><span style=\"font-family: 'trebuchet ms', geneva, sans-serif;\"><em>E nos transforma completa<br \/>\n<\/em><em>e definitivamente.<\/em><\/span><\/p>\n<p style=\"text-align: center;\"><span style=\"font-family: 'trebuchet ms', geneva, sans-serif;\"><strong><em>____Norma Martins*____<\/em><\/strong><strong><em>bHz \/ 1994<\/em><\/strong><\/span><\/p>\n<p>&nbsp;<\/p>\n<p style=\"text-align: right;\">03\/07\/2016<\/p>\n<p style=\"text-align: right;\">(195)<\/p>\n<p style=\"text-align: right;\"><span style=\"color: #0000ff;\"><a style=\"color: #0000ff;\" href=\"mailto:mmsmarcos1953@hotmail.com\">mmsmarcos1953@hotmail.com<\/a><\/span><\/p>\n","protected":false},"excerpt":{"rendered":"<p>Volto a ter reca\u00eddas e traio a prosa. Se j\u00e1 declarei que n\u00e3o sou muito chegado a poemas, qual o motivo de abrir espa\u00e7o novamente aos versos? Talvez pela expectativa de rebrilhamento. FLOR DESERTA Com esse poder de passar sem se deixar levar pela torrente de acasos Quando parece que viramos o pr\u00f3prio ocaso, que n\u00e3o tornaremos a brilhar&#8230;. Quando o cora\u00e7\u00e3o fica atolado, apertado, espremido, que nem gemido faz&#8230; De repente um alvorecer assusta, ofusca, cega. E nos transforma completa e definitivamente. ____Norma Martins*____bHz \/ 1994 &nbsp; 03\/07\/2016 (195) mmsmarcos1953@hotmail.com<\/p>\n","protected":false},"author":1,"featured_media":0,"comment_status":"open","ping_status":"open","sticky":false,"template":"","format":"standard","meta":{"footnotes":""},"categories":[1],"tags":[],"class_list":["post-1551","post","type-post","status-publish","format-standard","hentry","category-sem-categoria"],"_links":{"self":[{"href":"https:\/\/mapati.com.br\/blogmapati\/wp-json\/wp\/v2\/posts\/1551","targetHints":{"allow":["GET"]}}],"collection":[{"href":"https:\/\/mapati.com.br\/blogmapati\/wp-json\/wp\/v2\/posts"}],"about":[{"href":"https:\/\/mapati.com.br\/blogmapati\/wp-json\/wp\/v2\/types\/post"}],"author":[{"embeddable":true,"href":"https:\/\/mapati.com.br\/blogmapati\/wp-json\/wp\/v2\/users\/1"}],"replies":[{"embeddable":true,"href":"https:\/\/mapati.com.br\/blogmapati\/wp-json\/wp\/v2\/comments?post=1551"}],"version-history":[{"count":0,"href":"https:\/\/mapati.com.br\/blogmapati\/wp-json\/wp\/v2\/posts\/1551\/revisions"}],"wp:attachment":[{"href":"https:\/\/mapati.com.br\/blogmapati\/wp-json\/wp\/v2\/media?parent=1551"}],"wp:term":[{"taxonomy":"category","embeddable":true,"href":"https:\/\/mapati.com.br\/blogmapati\/wp-json\/wp\/v2\/categories?post=1551"},{"taxonomy":"post_tag","embeddable":true,"href":"https:\/\/mapati.com.br\/blogmapati\/wp-json\/wp\/v2\/tags?post=1551"}],"curies":[{"name":"wp","href":"https:\/\/api.w.org\/{rel}","templated":true}]}}