{"id":15530,"date":"2021-03-10T12:00:23","date_gmt":"2021-03-10T15:00:23","guid":{"rendered":"http:\/\/mapati.com.br\/?p=15530"},"modified":"2021-04-06T14:25:14","modified_gmt":"2021-04-06T17:25:14","slug":"folha-centenaria-ii","status":"publish","type":"post","link":"https:\/\/mapati.com.br\/blogmapati\/folha-centenaria-ii\/","title":{"rendered":"Folha centen\u00e1ria (II)"},"content":{"rendered":"\n<p class=\"has-text-align-right\"><em>(&#8230;) velhice n\u00e3o precisa ser um amontoado de consequ\u00eancias caras de uma jornada vivida. Pode ser tamb\u00e9m um sadio compreender de novas maneiras de viajar com mais bagagem e ao mesmo tempo, menos roupas e compromissos.<\/em><br><strong><em>&#8211; Jairo Marques \u2013<\/em><\/strong><\/p>\n\n\n\n<div class=\"wp-block-image\"><figure class=\"aligncenter size-large is-resized\"><img fetchpriority=\"high\" decoding=\"async\" src=\"http:\/\/mapati.com.br\/wp-content\/uploads\/2021\/03\/330a_Folha-1024x576.jpg\" alt=\"\" class=\"wp-image-15531\" width=\"623\" height=\"351\" srcset=\"https:\/\/mapati.com.br\/blogmapati\/wp-content\/uploads\/2021\/03\/330a_Folha-1024x576.jpg 1024w, https:\/\/mapati.com.br\/blogmapati\/wp-content\/uploads\/2021\/03\/330a_Folha-300x169.jpg 300w, https:\/\/mapati.com.br\/blogmapati\/wp-content\/uploads\/2021\/03\/330a_Folha-768x432.jpg 768w, https:\/\/mapati.com.br\/blogmapati\/wp-content\/uploads\/2021\/03\/330a_Folha-1536x864.jpg 1536w, https:\/\/mapati.com.br\/blogmapati\/wp-content\/uploads\/2021\/03\/330a_Folha.jpg 1920w\" sizes=\"(max-width: 623px) 100vw, 623px\" \/><figcaption>https:\/\/pt.wikipedia.org\/wiki\/Folha_de_S.Paulo#\/media\/Ficheiro:Webysther_20151205123429_-_Sede_Grupo_Folha.jpg<\/figcaption><\/figure><\/div>\n\n\n\n<p>Sem mais protela\u00e7\u00f5es, apresento o segundo time (o primeiro foi arrolado na postagem anterior, de Ana Cristina Rosa a Lucia Guimar\u00e3es). Em realidade n\u00e3o \u00e9 absolutamente o time B. A distribui\u00e7\u00e3o das camisas se operou na ordem meramente alfab\u00e9tica, todo mundo \u00e9 titular e reserva ao mesmo tempo, cabendo a este t\u00e9cnico (o professor) avisar que por isso ningu\u00e9m tem protagonismo \u2013 a despeito da heterogeneidade dos colaboradores e colaboradoras da Folha que prestaram depoimento.<\/p>\n\n\n\n<p><strong><em>Luiz Felipe Pond\u00e9<\/em><\/strong><em>&nbsp;&#8211; Otavio (Frias Filho) me dizia coisas como \u201clembre que tem algu\u00e9m que quer entender o que voc\u00ea escreve\u201d. Na universidade, querer ser compreendido por quem nos l\u00ea \u00e9 para os fracos. \u201cRepita frases, palavras, jornalismo \u00e9 muito redund\u00e2ncia, o leitor \u00e9 ef\u00eamero\u201d, ele dizia. \u201cE cuidado com o sucesso, ele pode destruir a sua intelig\u00eancia.\u201d Otavio era de uma eleg\u00e2ncia \u00edmpar. Obrigado \u00e0&nbsp;<strong>Folha<\/strong><\/em><em>, sempre.<\/em><\/p>\n\n\n\n<p><strong><em>Maria Herm\u00ednia Tavares<\/em><\/strong><em>&nbsp;&#8211; o debate informado e acess\u00edvel a um p\u00fablico amplo \u00e9 uma dimens\u00e3o desse intermin\u00e1vel empreendimento coletivo, com acolhida assegurada em um jornal centen\u00e1rio.<\/em><em><\/em><\/p>\n\n\n\n<p><strong><em>Mathias Alencastro<\/em><\/strong><em>&nbsp;&#8211; A&nbsp;Folha, que se posicionou contra as cotas raciais, soube abrir as suas p\u00e1ginas para as pessoas certas quando chegou a hora de derrubar os Borbas Gatos. A contribui\u00e7\u00e3o do jornal para a revolu\u00e7\u00e3o do debate p\u00fablico sobre ra\u00e7a, mem\u00f3ria e desigualdade ser\u00e1 o maior legado destes anos centen\u00e1rios.<\/em><\/p>\n\n\n\n<p><strong><em>Mirian Goldenberg<\/em><\/strong><em>&nbsp;&#8211; N\u00e3o titubeio quando me pedem uma \u00fanica palavra para definir o que faz a&nbsp;<strong>Folha&nbsp;<\/strong>continuar sendo a&nbsp;<strong>Folha<\/strong>: coragem.<\/em><\/p>\n\n\n\n<p><strong><em>Paulo Vinicius Coelho (PVC)<\/em><\/strong><em>&nbsp;&#8211; Somos jornalistas profissionais, vivemos de nosso trabalho, da cultura acumulada por anos de apura\u00e7\u00f5es e por conversas \u00e0s claras em busca de grandes hist\u00f3rias. Rela\u00e7\u00e3o com fonte \u00e9 no fio da navalha. Sem estar longe e nem perto demais, para n\u00e3o ser confundido com amigo ou coisa pior. Amigo do jornalista \u00e9 o leitor, com quem deve ser leal, dar a not\u00edcia certa e a an\u00e1lise precisa, feita a partir de todas as informa\u00e7\u00f5es dispon\u00edveis.&nbsp;O centen\u00e1rio da Folha \u00e9 um s\u00edmbolo de resist\u00eancia do jornalismo profissional. Jornalismo esportivo \u00e9 parte disso.<\/em><\/p>\n\n\n\n<p><strong><em>Ruy Castro<\/em><\/strong><em>&nbsp;&#8211; A Folha tinha algo de que eu gostava \u2014pode-se ocupar uma se\u00e7\u00e3o fixa, mas participa-se de todo o jornal (&#8230;). A&nbsp;<strong>Folha&nbsp;<\/strong><\/em><em>me revelou que, por tr\u00e1s da bic ou do teclado, pode bater um cora\u00e7\u00e3o.<\/em><\/p>\n\n\n\n<p><strong><em>Tatiana Prazeres<\/em><\/strong><em>&nbsp;&#8211; no ano em que a&nbsp;Folha&nbsp;completa 100 anos, quem tamb\u00e9m comemora o centen\u00e1rio \u00e9 o Partido Comunista Chin\u00eas. Vou aguardar uma reportagem especial sobre esse tema. Presente do jornal para o leitor. Fazer uma cobertura informada e equilibrada, trazer an\u00e1lises e opini\u00f5es bem fundamentadas sobre a China n\u00e3o \u00e9 desafio apenas da&nbsp;Folha, \u00e9 da imprensa de todo o mundo. Mas o jornal tem l\u00e1 seus leitores exigentes.<\/em><\/p>\n\n\n\n<p><strong><em>Tati Bernardi<\/em><\/strong><em>&nbsp;&#8211; Eu respeito o fato de que, para os colunistas mais velhos (ou apenas para os mais politizados), a&nbsp;<strong>Folha&nbsp;<\/strong>represente tantos momentos hist\u00f3ricos do pa\u00eds. E os leio querendo aprender. Mas, para mim, ela simboliza algo bem mais autocentrado: a grande virada da minha carreira. E n\u00e3o existe homenagem maior que eu possa fazer a esta publica\u00e7\u00e3o do que, semanalmente, dar minha cara a tapa, me desnudar, me derramar, e exercer sem limites minha profiss\u00e3o e meu tes\u00e3o.<\/em><\/p>\n\n\n\n<p><strong><em>Tost\u00e3o<\/em><\/strong><em>&nbsp;&#8211; Desde 1999, h\u00e1 22 anos, escrevo na&nbsp;<strong>Folha<\/strong><\/em><em>, \u00e0s quartas e aos domingos no jornal impresso. Estive presente em alguns Mundiais. Impressionou-me como os jornalistas da&nbsp;<strong>Folha&nbsp;<\/strong>s\u00e3o eficientes e independentes. O Datafolha, com a introdu\u00e7\u00e3o das estat\u00edsticas, trouxe uma evolu\u00e7\u00e3o nas an\u00e1lises do futebol.<\/em><\/p>\n\n\n\n<p><strong><em>Vera Iaconelli<\/em><\/strong><em>&nbsp; &#8211;&nbsp; &#8230;foi sentada naquele sofazinho cinza, que fazia as vezes de cama, descabelada e com profundas olheiras, que recebi o e-mail propondo uma conversa sobre escrever neste jornal.&nbsp;O ve\u00edculo de imprensa mais importante do pa\u00eds&nbsp;me convidava para ser sua colaboradora.<\/em><\/p>\n\n\n\n<p><strong><em>Zeca Camargo<\/em><\/strong><em>&nbsp;&#8211; A paix\u00e3o por escrever ganhou forma na miss\u00e3o de informar desta&nbsp;<strong>Folha<\/strong>&nbsp;e da\u00ed nasceu esta rela\u00e7\u00e3o de exatos 34 anos: seu primeiro dia de contratado foi na Quarta-feira de Cinzas de 1987.&nbsp;Dos 100 anos que o jornal comemora, ele, de alguma forma, colaborou em um ter\u00e7o deles, de v\u00e1rias maneiras.<\/em><\/p>\n\n\n\n<p>Veja-se que a escala\u00e7\u00e3o acima enunciada se inicia com a fala do 12\u00ba na lista geral, que n\u00e3o \u00e9 o goleiro porque ele se intitula atacante. Trata-se do fil\u00f3sofo Pond\u00e9, devido \u00e0 letra \u201cL\u201d de seu prenome. Ele abriu a listagem citando li\u00e7\u00f5es do Otavio Frias Filho, falecido precocemente, mas n\u00e3o seguira a principal delas. O teor do que transcrevi do artigo do Pond\u00e9 omitiu a seguinte declara\u00e7\u00e3o: \u201cQuebrar o coro dos contentes \u00e9 algo que fa\u00e7o at\u00e9 hoje na&nbsp;<strong>Folha<\/strong>. Cumpro a promessa feita a Otavio em 2008.\u201d<\/p>\n\n\n\n<p>Pe\u00e7o v\u00eania para discordar do fil\u00f3sofo, a quem admiro porque bate tanto nos inteligentinhos da esquerda (e da direita) quanto nos imbecilzinhos da direita (e da esquerda). Todavia, ele se contradisse: em vez de quebrar o coro, alinhou-se ao coro dos contentes, a turma esfuziante com o centen\u00e1rio da Folha.<\/p>\n\n\n\n<p>Ironias \u00e0 parte, faremos a prometida consulta ao VAR para verificar se, na terceira e \u00faltima postagem dentro desse t\u00f3pico, o depoimento ainda n\u00e3o reproduzido aqui revelar\u00e1 algum erro no lance.<\/p>\n\n\n\n<p class=\"has-text-align-center has-normal-font-size\"><a href=\"https:\/\/www.folha.uol.com.br\/\"> #Folha de S\u00e3o Paulo<\/a><br><a href=\"https:\/\/www1.folha.uol.com.br\/folha-100-anos\/\">#Centen\u00e1rio<\/a><br><a href=\"https:\/\/pt.wikipedia.org\/wiki\/Ot%C3%A1vio_Frias_Filho\">#Ot\u00e1vio Frias Filho <\/a><\/p>\n\n\n\n<p class=\"has-text-align-right\">10\/03\/2021<br>(330)<br><a rel=\"noreferrer noopener\" href=\"mailto:mmsmarcos1953@hotmail.com\" target=\"_blank\">mmsmarcos1953@hotmail.com<\/a><\/p>\n","protected":false},"excerpt":{"rendered":"<p>(&#8230;) velhice n\u00e3o precisa ser um amontoado de consequ\u00eancias caras de uma jornada vivida. Pode ser tamb\u00e9m um sadio compreender de novas maneiras de viajar com mais bagagem e ao mesmo tempo, menos roupas e compromissos.&#8211; Jairo Marques \u2013 Sem mais protela\u00e7\u00f5es, apresento o segundo time (o primeiro foi arrolado na postagem anterior, de Ana Cristina Rosa a Lucia Guimar\u00e3es). Em realidade n\u00e3o \u00e9 absolutamente o time B. A distribui\u00e7\u00e3o das camisas se operou na ordem meramente alfab\u00e9tica, todo mundo \u00e9 titular e reserva ao mesmo tempo, cabendo a este t\u00e9cnico (o professor) avisar que por isso ningu\u00e9m tem protagonismo \u2013 a despeito da heterogeneidade dos colaboradores e colaboradoras da Folha que prestaram depoimento. Luiz Felipe Pond\u00e9&nbsp;&#8211; Otavio (Frias Filho) me dizia coisas como \u201clembre que tem algu\u00e9m que quer entender o que voc\u00ea escreve\u201d. Na universidade, querer ser compreendido por quem nos l\u00ea \u00e9 para os fracos. \u201cRepita frases, palavras, jornalismo \u00e9 muito redund\u00e2ncia, o leitor \u00e9 ef\u00eamero\u201d, ele dizia. \u201cE cuidado com o sucesso, ele pode destruir a sua intelig\u00eancia.\u201d Otavio era de uma eleg\u00e2ncia \u00edmpar. Obrigado \u00e0&nbsp;Folha, sempre. Maria Herm\u00ednia Tavares&nbsp;&#8211; o debate informado e acess\u00edvel a um p\u00fablico amplo \u00e9 uma dimens\u00e3o desse intermin\u00e1vel empreendimento coletivo, com acolhida assegurada em um jornal centen\u00e1rio. Mathias Alencastro&nbsp;&#8211; A&nbsp;Folha, que se posicionou contra as cotas raciais, soube abrir as suas p\u00e1ginas para as pessoas certas quando chegou a hora de derrubar os Borbas Gatos. A contribui\u00e7\u00e3o do jornal para a revolu\u00e7\u00e3o do debate p\u00fablico sobre ra\u00e7a, mem\u00f3ria e desigualdade ser\u00e1 o maior legado destes anos centen\u00e1rios. Mirian Goldenberg&nbsp;&#8211; N\u00e3o titubeio quando me pedem uma \u00fanica palavra para definir o que faz a&nbsp;Folha&nbsp;continuar sendo a&nbsp;Folha: coragem. Paulo Vinicius Coelho (PVC)&nbsp;&#8211; Somos jornalistas profissionais, vivemos de nosso trabalho, da cultura acumulada por anos de apura\u00e7\u00f5es e por conversas \u00e0s claras em busca de grandes hist\u00f3rias. Rela\u00e7\u00e3o com fonte \u00e9 no fio da navalha. Sem estar longe e nem perto demais, para n\u00e3o ser confundido com amigo ou coisa pior. Amigo do jornalista \u00e9 o leitor, com quem deve ser leal, dar a not\u00edcia certa e a an\u00e1lise precisa, feita a partir de todas as informa\u00e7\u00f5es dispon\u00edveis.&nbsp;O centen\u00e1rio da Folha \u00e9 um s\u00edmbolo de resist\u00eancia do jornalismo profissional. Jornalismo esportivo \u00e9 parte disso. Ruy Castro&nbsp;&#8211; A Folha tinha algo de que eu gostava \u2014pode-se ocupar uma se\u00e7\u00e3o fixa, mas participa-se de todo o jornal (&#8230;). A&nbsp;Folha&nbsp;me revelou que, por tr\u00e1s da bic ou do teclado, pode bater um cora\u00e7\u00e3o. Tatiana Prazeres&nbsp;&#8211; no ano em que a&nbsp;Folha&nbsp;completa 100 anos, quem tamb\u00e9m comemora o centen\u00e1rio \u00e9 o Partido Comunista Chin\u00eas. Vou aguardar uma reportagem especial sobre esse tema. Presente do jornal para o leitor. Fazer uma cobertura informada e equilibrada, trazer an\u00e1lises e opini\u00f5es bem fundamentadas sobre a China n\u00e3o \u00e9 desafio apenas da&nbsp;Folha, \u00e9 da imprensa de todo o mundo. Mas o jornal tem l\u00e1 seus leitores exigentes. Tati Bernardi&nbsp;&#8211; Eu respeito o fato de que, para os colunistas mais velhos (ou apenas para os mais politizados), a&nbsp;Folha&nbsp;represente tantos momentos hist\u00f3ricos do pa\u00eds. E os leio querendo aprender. Mas, para mim, ela simboliza algo bem mais autocentrado: a grande virada da minha carreira. E n\u00e3o existe homenagem maior que eu possa fazer a esta publica\u00e7\u00e3o do que, semanalmente, dar minha cara a tapa, me desnudar, me derramar, e exercer sem limites minha profiss\u00e3o e meu tes\u00e3o. Tost\u00e3o&nbsp;&#8211; Desde 1999, h\u00e1 22 anos, escrevo na&nbsp;Folha, \u00e0s quartas e aos domingos no jornal impresso. Estive presente em alguns Mundiais. Impressionou-me como os jornalistas da&nbsp;Folha&nbsp;s\u00e3o eficientes e independentes. O Datafolha, com a introdu\u00e7\u00e3o das estat\u00edsticas, trouxe uma evolu\u00e7\u00e3o nas an\u00e1lises do futebol. Vera Iaconelli&nbsp; &#8211;&nbsp; &#8230;foi sentada naquele sofazinho cinza, que fazia as vezes de cama, descabelada e com profundas olheiras, que recebi o e-mail propondo uma conversa sobre escrever neste jornal.&nbsp;O ve\u00edculo de imprensa mais importante do pa\u00eds&nbsp;me convidava para ser sua colaboradora. Zeca Camargo&nbsp;&#8211; A paix\u00e3o por escrever ganhou forma na miss\u00e3o de informar desta&nbsp;Folha&nbsp;e da\u00ed nasceu esta rela\u00e7\u00e3o de exatos 34 anos: seu primeiro dia de contratado foi na Quarta-feira de Cinzas de 1987.&nbsp;Dos 100 anos que o jornal comemora, ele, de alguma forma, colaborou em um ter\u00e7o deles, de v\u00e1rias maneiras. Veja-se que a escala\u00e7\u00e3o acima enunciada se inicia com a fala do 12\u00ba na lista geral, que n\u00e3o \u00e9 o goleiro porque ele se intitula atacante. Trata-se do fil\u00f3sofo Pond\u00e9, devido \u00e0 letra \u201cL\u201d de seu prenome. Ele abriu a listagem citando li\u00e7\u00f5es do Otavio Frias Filho, falecido precocemente, mas n\u00e3o seguira a principal delas. O teor do que transcrevi do artigo do Pond\u00e9 omitiu a seguinte declara\u00e7\u00e3o: \u201cQuebrar o coro dos contentes \u00e9 algo que fa\u00e7o at\u00e9 hoje na&nbsp;Folha. Cumpro a promessa feita a Otavio em 2008.\u201d Pe\u00e7o v\u00eania para discordar do fil\u00f3sofo, a quem admiro porque bate tanto nos inteligentinhos da esquerda (e da direita) quanto nos imbecilzinhos da direita (e da esquerda). Todavia, ele se contradisse: em vez de quebrar o coro, alinhou-se ao coro dos contentes, a turma esfuziante com o centen\u00e1rio da Folha. Ironias \u00e0 parte, faremos a prometida consulta ao VAR para verificar se, na terceira e \u00faltima postagem dentro desse t\u00f3pico, o depoimento ainda n\u00e3o reproduzido aqui revelar\u00e1 algum erro no lance. #Folha de S\u00e3o Paulo#Centen\u00e1rio#Ot\u00e1vio Frias Filho 10\/03\/2021(330)mmsmarcos1953@hotmail.com<\/p>\n","protected":false},"author":2,"featured_media":15532,"comment_status":"open","ping_status":"open","sticky":false,"template":"","format":"standard","meta":{"footnotes":""},"categories":[1],"tags":[],"class_list":["post-15530","post","type-post","status-publish","format-standard","has-post-thumbnail","hentry","category-sem-categoria"],"_links":{"self":[{"href":"https:\/\/mapati.com.br\/blogmapati\/wp-json\/wp\/v2\/posts\/15530","targetHints":{"allow":["GET"]}}],"collection":[{"href":"https:\/\/mapati.com.br\/blogmapati\/wp-json\/wp\/v2\/posts"}],"about":[{"href":"https:\/\/mapati.com.br\/blogmapati\/wp-json\/wp\/v2\/types\/post"}],"author":[{"embeddable":true,"href":"https:\/\/mapati.com.br\/blogmapati\/wp-json\/wp\/v2\/users\/2"}],"replies":[{"embeddable":true,"href":"https:\/\/mapati.com.br\/blogmapati\/wp-json\/wp\/v2\/comments?post=15530"}],"version-history":[{"count":4,"href":"https:\/\/mapati.com.br\/blogmapati\/wp-json\/wp\/v2\/posts\/15530\/revisions"}],"predecessor-version":[{"id":15554,"href":"https:\/\/mapati.com.br\/blogmapati\/wp-json\/wp\/v2\/posts\/15530\/revisions\/15554"}],"wp:featuredmedia":[{"embeddable":true,"href":"https:\/\/mapati.com.br\/blogmapati\/wp-json\/wp\/v2\/media\/15532"}],"wp:attachment":[{"href":"https:\/\/mapati.com.br\/blogmapati\/wp-json\/wp\/v2\/media?parent=15530"}],"wp:term":[{"taxonomy":"category","embeddable":true,"href":"https:\/\/mapati.com.br\/blogmapati\/wp-json\/wp\/v2\/categories?post=15530"},{"taxonomy":"post_tag","embeddable":true,"href":"https:\/\/mapati.com.br\/blogmapati\/wp-json\/wp\/v2\/tags?post=15530"}],"curies":[{"name":"wp","href":"https:\/\/api.w.org\/{rel}","templated":true}]}}