{"id":15539,"date":"2021-03-24T15:57:21","date_gmt":"2021-03-24T18:57:21","guid":{"rendered":"http:\/\/mapati.com.br\/?p=15539"},"modified":"2021-03-24T23:50:32","modified_gmt":"2021-03-25T02:50:32","slug":"folha-centenaria-iii","status":"publish","type":"post","link":"https:\/\/mapati.com.br\/blogmapati\/folha-centenaria-iii\/","title":{"rendered":"Folha Centen\u00e1ria (III)"},"content":{"rendered":"\n<p class=\"has-text-align-right\"><em>Invejo quem escreve de um f\u00f4lego s\u00f3 e encerra a tarefa. Sou artes\u00e3: escrevo, reescrevo, fa\u00e7o uma faxina meticulosa em cada frase e s\u00f3 me dou por vencida quando j\u00e1 n\u00e3o consigo manter os olhos abertos. Tchau, texto, vai com Deus. Dias depois, quando ele \u00e9 publicado nos jornais, descubro uma palavra sobrando ou uma v\u00edrgula faltando e n\u00e3o me perdoo pela desaten\u00e7\u00e3o.<\/em><br> \u2013 Martha Medeiros &#8211;<\/p>\n\n\n\n<p class=\"has-text-align-left\">Sem fugir do tema em quest\u00e3o, derivo um bocadinho para aludir a outro centen\u00e1rio. Nessa perspectiva, insiro a Folha, momentaneamente, na lista de supl\u00eancia e convido \u00e0 cena principal um titular que devido a causas naturais embarcou na quarta-feira, 10 de mar\u00e7o, j\u00e1 com cem anos (mais cinco meses) de idade. <\/p>\n\n\n\n<p>Me refiro ao Helio Fernandes, tido como um dos jornalistas mais perseguidos pela ditadura militar, sendo da \u00e9poca em que o ir para Fernando de Noronha n\u00e3o significava experi\u00eancia paradis\u00edaca. Ali, no chique arquip\u00e9lago atualmente sem o prenome Fernando e local de pousadas de globetes, o irm\u00e3o mais velho do Mill\u00f4r Fernandes (isso \u00e9 pouco?) desembarcara nos idos de 1964 para, digamos, temporada compuls\u00f3ria. O desterro, uma literalidade, pois que em volta apenas \u00e1gua e mais \u00e1gua.<\/p>\n\n\n\n<p>Eu o li durante d\u00e9cadas na Tribuna da Imprensa e continuei fiel mesmo depois que o jornal, fundado em dezembro de 1949 pelo Carlos Lacerda e de propriedade do Helio desde 1962, migrou para edi\u00e7\u00e3o virtual em 2008 e na \u00faltima fase os escritos restaram transpostos num blog (tenho para mim que a produ\u00e7\u00e3o dele era mais copiosa do que a de todos os autores e autoras de telenovelas).<\/p>\n\n\n\n<div class=\"wp-block-image\"><figure class=\"aligncenter size-large is-resized\"><img fetchpriority=\"high\" decoding=\"async\" src=\"http:\/\/mapati.com.br\/wp-content\/uploads\/2021\/03\/1967_Jornal_TRIBUNA-DA-IMPRENSA_H\u00e9lio-Fernandes_.png\" alt=\"\" class=\"wp-image-15540\" width=\"571\" height=\"380\" srcset=\"https:\/\/mapati.com.br\/blogmapati\/wp-content\/uploads\/2021\/03\/1967_Jornal_TRIBUNA-DA-IMPRENSA_H\u00e9lio-Fernandes_.png 957w, https:\/\/mapati.com.br\/blogmapati\/wp-content\/uploads\/2021\/03\/1967_Jornal_TRIBUNA-DA-IMPRENSA_H\u00e9lio-Fernandes_-300x200.png 300w, https:\/\/mapati.com.br\/blogmapati\/wp-content\/uploads\/2021\/03\/1967_Jornal_TRIBUNA-DA-IMPRENSA_H\u00e9lio-Fernandes_-768x511.png 768w\" sizes=\"(max-width: 571px) 100vw, 571px\" \/><figcaption>Jornal TRIBUNA DA IMPRENSA (H\u00e9lio Fernandes) H\u00e9lio : Eles Precisam Me Destruir Desta Vez, Rio de Janeiro, 10 de Agosto de 1967<\/figcaption><\/figure><\/div>\n\n\n\n<p>Del\u00edcia os percucientes apanhados hist\u00f3ricos sobre qualquer assunto que intrepidamente ele fazia \u2013 muita vez, na condi\u00e7\u00e3o de testemunha dos fatos, o que conferia uma certa fidedignidade; o acompanhamento folhetinesco e as an\u00e1lises das elei\u00e7\u00f5es na Academia Brasileira de Letras-ABL (vejam s\u00f3, no sentir dele quase t\u00e3o importantes quanto as de governadores e at\u00e9 mesmo as de presidente da rep\u00fablica); e os a\u00e7oites nos colegas da imprensa, nos milicos da ativa ou da reserva, nos pol\u00edticos de todos os espectros ideol\u00f3gicos.<\/p>\n\n\n\n<p>Como olvidar os longos textos de suas mat\u00e9rias entremeados com a express\u00e3o \u201cque palavra\u201d, a qual vinha entre par\u00eanteses, entre travess\u00f5es ou entre v\u00edrgulas e imediatamente ap\u00f3s o registro do voc\u00e1bulo, tipo: \u201cescalafob\u00e9tico\u201d, \u201cux\u00f3ria\u201d, \u201cbenepl\u00e1cito\u201d, \u201cprestigiamento\u201d.<\/p>\n\n\n\n<p>Atentem para este coment\u00e1rio em artigo de 02.12.03:<\/p>\n\n\n\n<p class=\"has-text-align-right\"><em>\u201cA guerra da Academia  &#8211; Marco Maciel tem os votos, Fernando Moraes a ilus\u00e3o. O preenchimento da vaga de Roberto Marinho na Academia come\u00e7ou e continua tumultuado. E a pr\u00f3pria Organiza\u00e7\u00e3o Globo contribuiu para isso, ao se arvorar, que palavra, em dona da vaga.  Lan\u00e7ou 3 candidatos, sabidamente 2 n\u00e3o aceitariam. FHC por falta de coragem, Oscar Niemeyer por desambi\u00e7\u00e3o. Desde o primeiro momento, Marco Maciel estava eleito, e fui colocando a quest\u00e3o, n\u00e3o por apre\u00e7o, amizade ou admira\u00e7\u00e3o pelo ex-vice-presidente que tem opulenta biografia acumulada na ditadura. (E na verdade n\u00e3o foi nem \u00e9 o \u00fanico que pode ostentar esse dualismo de &#8220;grande democrata em plena ditadura&#8221;). A vaga de Roberto Marinho ser\u00e1 preenchida no dia 18 deste dezembro, a pen\u00faltima sess\u00e3o de 2003. No mesmo dia, por determina\u00e7\u00e3o estatut\u00e1ria, a Academia entra em recesso, s\u00f3 volta em mar\u00e7o de 2004. A\u00ed, na primeira e segunda quinzenas, elege os futuros ocupantes das vagas de Marcos Almir Madeira e de Rachel de Queiroz. A vaga de Roberto Marinho n\u00e3o \u00e9 disputada pelo voto aberto e sim pela intriga e falsidade de bastidores.\u201d  <\/em><\/p>\n\n\n\n<p>Que falta me far\u00e1 o velhote oper\u00e1rio do jornalismo. Muito do intrometido, quebra minha promessa de fechar neste momento os t\u00f3picos acerca do centen\u00e1rio da Folha, que ocorrer\u00e1 somente na postagem a seguir.<\/p>\n\n\n\n<p class=\"has-text-align-center\"><a href=\"#Folha de S\u00e3o Paulo\">#Folha de S\u00e3o Paulo<\/a><br><a href=\"https:\/\/www1.folha.uol.com.br\/folha-100-anos\/\">#Centen\u00e1rio<\/a><br><a href=\"https:\/\/pt.wikipedia.org\/wiki\/H%C3%A9lio_Fernandes\">#Helio Fernandes<\/a><br><a href=\"https:\/\/pt.wikipedia.org\/wiki\/Tribuna_da_Imprensa\">#Tribuna da Imprensa<\/a><br><a href=\"https:\/\/pt.wikipedia.org\/wiki\/Fernando_de_Noronha\">#Fernando de Noronha <\/a><\/p>\n\n\n\n<p class=\"has-text-align-right\">24\/03\/2021<br> (331)<br> <a href=\"mailto:mmsmarcos1953@hotmail.com\">mmsmarcos1953@hotmail.com<\/a><\/p>\n","protected":false},"excerpt":{"rendered":"<p>Invejo quem escreve de um f\u00f4lego s\u00f3 e encerra a tarefa. Sou artes\u00e3: escrevo, reescrevo, fa\u00e7o uma faxina meticulosa em cada frase e s\u00f3 me dou por vencida quando j\u00e1 n\u00e3o consigo manter os olhos abertos. Tchau, texto, vai com Deus. Dias depois, quando ele \u00e9 publicado nos jornais, descubro uma palavra sobrando ou uma v\u00edrgula faltando e n\u00e3o me perdoo pela desaten\u00e7\u00e3o. \u2013 Martha Medeiros &#8211; Sem fugir do tema em quest\u00e3o, derivo um bocadinho para aludir a outro centen\u00e1rio. Nessa perspectiva, insiro a Folha, momentaneamente, na lista de supl\u00eancia e convido \u00e0 cena principal um titular que devido a causas naturais embarcou na quarta-feira, 10 de mar\u00e7o, j\u00e1 com cem anos (mais cinco meses) de idade. Me refiro ao Helio Fernandes, tido como um dos jornalistas mais perseguidos pela ditadura militar, sendo da \u00e9poca em que o ir para Fernando de Noronha n\u00e3o significava experi\u00eancia paradis\u00edaca. Ali, no chique arquip\u00e9lago atualmente sem o prenome Fernando e local de pousadas de globetes, o irm\u00e3o mais velho do Mill\u00f4r Fernandes (isso \u00e9 pouco?) desembarcara nos idos de 1964 para, digamos, temporada compuls\u00f3ria. O desterro, uma literalidade, pois que em volta apenas \u00e1gua e mais \u00e1gua. Eu o li durante d\u00e9cadas na Tribuna da Imprensa e continuei fiel mesmo depois que o jornal, fundado em dezembro de 1949 pelo Carlos Lacerda e de propriedade do Helio desde 1962, migrou para edi\u00e7\u00e3o virtual em 2008 e na \u00faltima fase os escritos restaram transpostos num blog (tenho para mim que a produ\u00e7\u00e3o dele era mais copiosa do que a de todos os autores e autoras de telenovelas). Del\u00edcia os percucientes apanhados hist\u00f3ricos sobre qualquer assunto que intrepidamente ele fazia \u2013 muita vez, na condi\u00e7\u00e3o de testemunha dos fatos, o que conferia uma certa fidedignidade; o acompanhamento folhetinesco e as an\u00e1lises das elei\u00e7\u00f5es na Academia Brasileira de Letras-ABL (vejam s\u00f3, no sentir dele quase t\u00e3o importantes quanto as de governadores e at\u00e9 mesmo as de presidente da rep\u00fablica); e os a\u00e7oites nos colegas da imprensa, nos milicos da ativa ou da reserva, nos pol\u00edticos de todos os espectros ideol\u00f3gicos. Como olvidar os longos textos de suas mat\u00e9rias entremeados com a express\u00e3o \u201cque palavra\u201d, a qual vinha entre par\u00eanteses, entre travess\u00f5es ou entre v\u00edrgulas e imediatamente ap\u00f3s o registro do voc\u00e1bulo, tipo: \u201cescalafob\u00e9tico\u201d, \u201cux\u00f3ria\u201d, \u201cbenepl\u00e1cito\u201d, \u201cprestigiamento\u201d. Atentem para este coment\u00e1rio em artigo de 02.12.03: \u201cA guerra da Academia &#8211; Marco Maciel tem os votos, Fernando Moraes a ilus\u00e3o. O preenchimento da vaga de Roberto Marinho na Academia come\u00e7ou e continua tumultuado. E a pr\u00f3pria Organiza\u00e7\u00e3o Globo contribuiu para isso, ao se arvorar, que palavra, em dona da vaga. Lan\u00e7ou 3 candidatos, sabidamente 2 n\u00e3o aceitariam. FHC por falta de coragem, Oscar Niemeyer por desambi\u00e7\u00e3o. Desde o primeiro momento, Marco Maciel estava eleito, e fui colocando a quest\u00e3o, n\u00e3o por apre\u00e7o, amizade ou admira\u00e7\u00e3o pelo ex-vice-presidente que tem opulenta biografia acumulada na ditadura. (E na verdade n\u00e3o foi nem \u00e9 o \u00fanico que pode ostentar esse dualismo de &#8220;grande democrata em plena ditadura&#8221;). A vaga de Roberto Marinho ser\u00e1 preenchida no dia 18 deste dezembro, a pen\u00faltima sess\u00e3o de 2003. No mesmo dia, por determina\u00e7\u00e3o estatut\u00e1ria, a Academia entra em recesso, s\u00f3 volta em mar\u00e7o de 2004. A\u00ed, na primeira e segunda quinzenas, elege os futuros ocupantes das vagas de Marcos Almir Madeira e de Rachel de Queiroz. A vaga de Roberto Marinho n\u00e3o \u00e9 disputada pelo voto aberto e sim pela intriga e falsidade de bastidores.\u201d Que falta me far\u00e1 o velhote oper\u00e1rio do jornalismo. Muito do intrometido, quebra minha promessa de fechar neste momento os t\u00f3picos acerca do centen\u00e1rio da Folha, que ocorrer\u00e1 somente na postagem a seguir. #Folha de S\u00e3o Paulo#Centen\u00e1rio#Helio Fernandes#Tribuna da Imprensa#Fernando de Noronha 24\/03\/2021 (331) mmsmarcos1953@hotmail.com<\/p>\n","protected":false},"author":2,"featured_media":15542,"comment_status":"open","ping_status":"open","sticky":false,"template":"","format":"standard","meta":{"footnotes":""},"categories":[1],"tags":[],"class_list":["post-15539","post","type-post","status-publish","format-standard","has-post-thumbnail","hentry","category-sem-categoria"],"_links":{"self":[{"href":"https:\/\/mapati.com.br\/blogmapati\/wp-json\/wp\/v2\/posts\/15539","targetHints":{"allow":["GET"]}}],"collection":[{"href":"https:\/\/mapati.com.br\/blogmapati\/wp-json\/wp\/v2\/posts"}],"about":[{"href":"https:\/\/mapati.com.br\/blogmapati\/wp-json\/wp\/v2\/types\/post"}],"author":[{"embeddable":true,"href":"https:\/\/mapati.com.br\/blogmapati\/wp-json\/wp\/v2\/users\/2"}],"replies":[{"embeddable":true,"href":"https:\/\/mapati.com.br\/blogmapati\/wp-json\/wp\/v2\/comments?post=15539"}],"version-history":[{"count":4,"href":"https:\/\/mapati.com.br\/blogmapati\/wp-json\/wp\/v2\/posts\/15539\/revisions"}],"predecessor-version":[{"id":15545,"href":"https:\/\/mapati.com.br\/blogmapati\/wp-json\/wp\/v2\/posts\/15539\/revisions\/15545"}],"wp:featuredmedia":[{"embeddable":true,"href":"https:\/\/mapati.com.br\/blogmapati\/wp-json\/wp\/v2\/media\/15542"}],"wp:attachment":[{"href":"https:\/\/mapati.com.br\/blogmapati\/wp-json\/wp\/v2\/media?parent=15539"}],"wp:term":[{"taxonomy":"category","embeddable":true,"href":"https:\/\/mapati.com.br\/blogmapati\/wp-json\/wp\/v2\/categories?post=15539"},{"taxonomy":"post_tag","embeddable":true,"href":"https:\/\/mapati.com.br\/blogmapati\/wp-json\/wp\/v2\/tags?post=15539"}],"curies":[{"name":"wp","href":"https:\/\/api.w.org\/{rel}","templated":true}]}}