{"id":15747,"date":"2022-04-06T22:03:45","date_gmt":"2022-04-07T01:03:45","guid":{"rendered":"http:\/\/mapati.com.br\/?p=15747"},"modified":"2022-04-13T13:37:16","modified_gmt":"2022-04-13T16:37:16","slug":"vou-te-ensinar-a-beijar-na-boca-menina","status":"publish","type":"post","link":"https:\/\/mapati.com.br\/blogmapati\/vou-te-ensinar-a-beijar-na-boca-menina\/","title":{"rendered":"&#8220;A menina vive&#8221;"},"content":{"rendered":"\n<p>Eu amo essa imagem, ainda viro a cabe\u00e7a pra direita qdo tiro foto, amava meu cabelo cacheado que depois ficou liso (odeio) e vivo nas lojas de produto afro pra ter cabelo pra cima que voa! Esses dias eu ri e pensei &#8220;beb\u00ea monstro tem muitos dedos&#8221;, eu n\u00e3o sei de quem \u00e9 essa m\u00e3o segurando a minha.&nbsp;<br>Tenho essa foto na minha sala, pra mim a pureza da menina quebra a negatividade de quem entra\/entrou com m\u00e1 inten\u00e7\u00e3o. \u00c9, eu sou egoica, meu amuleto sou eu.&nbsp;<\/p>\n\n\n\n<div class=\"wp-block-image\"><figure class=\"aligncenter size-large is-resized\"><img fetchpriority=\"high\" decoding=\"async\" src=\"http:\/\/mapati.com.br\/wp-content\/uploads\/2022\/04\/Lu__________-1024x964.jpg\" alt=\"\" class=\"wp-image-15750\" width=\"499\" height=\"469\" srcset=\"https:\/\/mapati.com.br\/blogmapati\/wp-content\/uploads\/2022\/04\/Lu__________-1024x964.jpg 1024w, https:\/\/mapati.com.br\/blogmapati\/wp-content\/uploads\/2022\/04\/Lu__________-300x282.jpg 300w, https:\/\/mapati.com.br\/blogmapati\/wp-content\/uploads\/2022\/04\/Lu__________-768x723.jpg 768w, https:\/\/mapati.com.br\/blogmapati\/wp-content\/uploads\/2022\/04\/Lu__________-1536x1445.jpg 1536w, https:\/\/mapati.com.br\/blogmapati\/wp-content\/uploads\/2022\/04\/Lu__________-2048x1927.jpg 2048w\" sizes=\"(max-width: 499px) 100vw, 499px\" \/><figcaption>Arquivo pessoal de Lumarialu Marialu<\/figcaption><\/figure><\/div>\n\n\n\n<p>Quem teve que se virar desde os 5 anos de idade n\u00e3o tem medo de humanos e de seus intentos ruins. \u00c9, tem gente que consegue fazer maldade a uma menina de 5 anos. Durante muito tempo eu me enfeiava de prop\u00f3sito &#8211; se ningu\u00e9m me achasse bonita, ningu\u00e9m me tocaria. Hoje essa menina velha tem 47 e por tantas coisas me tornei reativa em propor\u00e7\u00f5es absurdas. Eu tenho uma cara de pessoa boa, mas se me fazem qualquer coisa eu vou atr\u00e1s e me vingo, me vingo dez vezes pior.&nbsp;<\/p>\n\n\n\n<p>Talvez seja essa eu protegendo essa da foto, ela s\u00f3 tinha 4 ou 5 anos. Ao contr\u00e1rio do que pensam, crian\u00e7a n\u00e3o esquece. Entendedores e almas sens\u00edveis entender\u00e3o. A cara boa, o cabel\u00e3o, o vestido lindo e o salto \u00e9 mero disfarce ruim pra quem tentar de novo fazer mal pra menininha. Ela cresceu, sabe falar, reagir, ir \u00e0 pol\u00edcia e somente me toca quem eu quero. Ali\u00e1s tenho horror de contato f\u00edsico, n\u00e3o gosto que me abracem, eu abra\u00e7o e se o fa\u00e7o e pq amo e confio, foi vontade minha.\u00a0 Quando fui crescendo escutava &#8220;ela \u00e9 terr\u00edvel, s\u00f3 faz o que quer&#8221;. Algum ser pensante olhou nos meus olhos que exalavam \u00f3dio e vingan\u00e7a e se perguntou &#8220;quantas vezes ela fez o que n\u00e3o quis?&#8221;. Mas ningu\u00e9m olha pra crian\u00e7a, escuta crian\u00e7a.\u00a0 <\/p>\n\n\n\n<p>Acho que por isso eu fui ser professora, eu capto um olhar de crian\u00e7a e sei exatamente o que ocorre. Coisa de bruxa? Coisa de louca? N\u00e3o. Coisa de quem teve a alma ferida, era apenas um beb\u00ea, lembro disso todos os dias, e aprendeu a ler um olhar pq nunca olharam pro meu. E n\u00e3o t\u00f4 falando dessa eu com saia curta e batom vermelho.&nbsp;<\/p>\n\n\n\n<p>Dentro de mim a menina se aninha no meu cora\u00e7\u00e3o e est\u00e1 segura, ningu\u00e9m ousa olhar diferente pra ela pq, hoje, quem cuida dela e de mim sou eu. E tudo que eu cuido ningu\u00e9m fere. Talvez por isso mesmo sabendo me defender eu tenho \u00f3dio, \u00f3diooooo qdo sou injusti\u00e7ada e um FDP n\u00e3o abre a boca pra me defender, por isso me defendo mil vezes e em propor\u00e7\u00f5es descab\u00edveis; se voc\u00ea me olha feio, eu acho completamente normal eu te empurrar do d\u00e9cimo andar.&nbsp;<\/p>\n\n\n\n<p>Eu coloquei na minha cabe\u00e7a &#8220;n\u00e3o vou virar freguesa de abusadores&#8221; e eles est\u00e3o por todas as partes, levaram muito da minha inoc\u00eancia (acho que tudo), mas n\u00e3o me levaram de mim. Por isso eu me fotografo tanto? Exibicionismo? \u00c9 muito mais que isso: \u00e9 exibimento. \u00c9, n\u00e3o nego, tem muito disso. Mas \u00e0s vezes o espelho n\u00e3o \u00e9 suficiente pra eu acreditar que eu t\u00f4 viva ou pelo menos ainda pare\u00e7o respirar.&nbsp;<\/p>\n\n\n\n<div class=\"wp-block-image\"><figure class=\"aligncenter size-large is-resized\"><img decoding=\"async\" src=\"http:\/\/mapati.com.br\/wp-content\/uploads\/2022\/04\/Lu______.jpg\" alt=\"\" class=\"wp-image-15757\" width=\"448\" height=\"539\" srcset=\"https:\/\/mapati.com.br\/blogmapati\/wp-content\/uploads\/2022\/04\/Lu______.jpg 751w, https:\/\/mapati.com.br\/blogmapati\/wp-content\/uploads\/2022\/04\/Lu______-250x300.jpg 250w\" sizes=\"(max-width: 448px) 100vw, 448px\" \/><figcaption> Arquivo pessoal de Lumarialu Marialu <\/figcaption><\/figure><\/div>\n\n\n\n<p>Quem v\u00ea batom vermelho n\u00e3o enxerga a autoestima que roubaram e eu vivo como uma justiceira correndo atr\u00e1s dela todo dia, e de manh\u00e3 a menina feia acorda, toma banho, se arruma e brinca de ficar linda, meu batom vermelho sempre foi mais protesto que vaidade. Sigo, ou pare\u00e7o seguir. Est\u00e1 isso.&nbsp;<\/p>\n\n\n\n<p class=\"has-text-align-center has-normal-font-size\"> _Lumarialu Marialu_<\/p>\n","protected":false},"excerpt":{"rendered":"<p>Eu amo essa imagem, ainda viro a cabe\u00e7a pra direita qdo tiro foto, amava meu cabelo cacheado que depois ficou liso (odeio) e vivo nas lojas de produto afro pra ter cabelo pra cima que voa! Esses dias eu ri e pensei &#8220;beb\u00ea monstro tem muitos dedos&#8221;, eu n\u00e3o sei de quem \u00e9 essa m\u00e3o segurando a minha.&nbsp;Tenho essa foto na minha sala, pra mim a pureza da menina quebra a negatividade de quem entra\/entrou com m\u00e1 inten\u00e7\u00e3o. \u00c9, eu sou egoica, meu amuleto sou eu.&nbsp; Quem teve que se virar desde os 5 anos de idade n\u00e3o tem medo de humanos e de seus intentos ruins. \u00c9, tem gente que consegue fazer maldade a uma menina de 5 anos. Durante muito tempo eu me enfeiava de prop\u00f3sito &#8211; se ningu\u00e9m me achasse bonita, ningu\u00e9m me tocaria. Hoje essa menina velha tem 47 e por tantas coisas me tornei reativa em propor\u00e7\u00f5es absurdas. Eu tenho uma cara de pessoa boa, mas se me fazem qualquer coisa eu vou atr\u00e1s e me vingo, me vingo dez vezes pior.&nbsp; Talvez seja essa eu protegendo essa da foto, ela s\u00f3 tinha 4 ou 5 anos. Ao contr\u00e1rio do que pensam, crian\u00e7a n\u00e3o esquece. Entendedores e almas sens\u00edveis entender\u00e3o. A cara boa, o cabel\u00e3o, o vestido lindo e o salto \u00e9 mero disfarce ruim pra quem tentar de novo fazer mal pra menininha. Ela cresceu, sabe falar, reagir, ir \u00e0 pol\u00edcia e somente me toca quem eu quero. Ali\u00e1s tenho horror de contato f\u00edsico, n\u00e3o gosto que me abracem, eu abra\u00e7o e se o fa\u00e7o e pq amo e confio, foi vontade minha.\u00a0 Quando fui crescendo escutava &#8220;ela \u00e9 terr\u00edvel, s\u00f3 faz o que quer&#8221;. Algum ser pensante olhou nos meus olhos que exalavam \u00f3dio e vingan\u00e7a e se perguntou &#8220;quantas vezes ela fez o que n\u00e3o quis?&#8221;. Mas ningu\u00e9m olha pra crian\u00e7a, escuta crian\u00e7a.\u00a0 Acho que por isso eu fui ser professora, eu capto um olhar de crian\u00e7a e sei exatamente o que ocorre. Coisa de bruxa? Coisa de louca? N\u00e3o. Coisa de quem teve a alma ferida, era apenas um beb\u00ea, lembro disso todos os dias, e aprendeu a ler um olhar pq nunca olharam pro meu. E n\u00e3o t\u00f4 falando dessa eu com saia curta e batom vermelho.&nbsp; Dentro de mim a menina se aninha no meu cora\u00e7\u00e3o e est\u00e1 segura, ningu\u00e9m ousa olhar diferente pra ela pq, hoje, quem cuida dela e de mim sou eu. E tudo que eu cuido ningu\u00e9m fere. Talvez por isso mesmo sabendo me defender eu tenho \u00f3dio, \u00f3diooooo qdo sou injusti\u00e7ada e um FDP n\u00e3o abre a boca pra me defender, por isso me defendo mil vezes e em propor\u00e7\u00f5es descab\u00edveis; se voc\u00ea me olha feio, eu acho completamente normal eu te empurrar do d\u00e9cimo andar.&nbsp; Eu coloquei na minha cabe\u00e7a &#8220;n\u00e3o vou virar freguesa de abusadores&#8221; e eles est\u00e3o por todas as partes, levaram muito da minha inoc\u00eancia (acho que tudo), mas n\u00e3o me levaram de mim. Por isso eu me fotografo tanto? Exibicionismo? \u00c9 muito mais que isso: \u00e9 exibimento. \u00c9, n\u00e3o nego, tem muito disso. Mas \u00e0s vezes o espelho n\u00e3o \u00e9 suficiente pra eu acreditar que eu t\u00f4 viva ou pelo menos ainda pare\u00e7o respirar.&nbsp; Quem v\u00ea batom vermelho n\u00e3o enxerga a autoestima que roubaram e eu vivo como uma justiceira correndo atr\u00e1s dela todo dia, e de manh\u00e3 a menina feia acorda, toma banho, se arruma e brinca de ficar linda, meu batom vermelho sempre foi mais protesto que vaidade. Sigo, ou pare\u00e7o seguir. Est\u00e1 isso.&nbsp; _Lumarialu Marialu_<\/p>\n","protected":false},"author":2,"featured_media":15750,"comment_status":"open","ping_status":"open","sticky":false,"template":"","format":"standard","meta":{"footnotes":""},"categories":[1],"tags":[],"class_list":["post-15747","post","type-post","status-publish","format-standard","has-post-thumbnail","hentry","category-sem-categoria"],"_links":{"self":[{"href":"https:\/\/mapati.com.br\/blogmapati\/wp-json\/wp\/v2\/posts\/15747","targetHints":{"allow":["GET"]}}],"collection":[{"href":"https:\/\/mapati.com.br\/blogmapati\/wp-json\/wp\/v2\/posts"}],"about":[{"href":"https:\/\/mapati.com.br\/blogmapati\/wp-json\/wp\/v2\/types\/post"}],"author":[{"embeddable":true,"href":"https:\/\/mapati.com.br\/blogmapati\/wp-json\/wp\/v2\/users\/2"}],"replies":[{"embeddable":true,"href":"https:\/\/mapati.com.br\/blogmapati\/wp-json\/wp\/v2\/comments?post=15747"}],"version-history":[{"count":8,"href":"https:\/\/mapati.com.br\/blogmapati\/wp-json\/wp\/v2\/posts\/15747\/revisions"}],"predecessor-version":[{"id":15762,"href":"https:\/\/mapati.com.br\/blogmapati\/wp-json\/wp\/v2\/posts\/15747\/revisions\/15762"}],"wp:featuredmedia":[{"embeddable":true,"href":"https:\/\/mapati.com.br\/blogmapati\/wp-json\/wp\/v2\/media\/15750"}],"wp:attachment":[{"href":"https:\/\/mapati.com.br\/blogmapati\/wp-json\/wp\/v2\/media?parent=15747"}],"wp:term":[{"taxonomy":"category","embeddable":true,"href":"https:\/\/mapati.com.br\/blogmapati\/wp-json\/wp\/v2\/categories?post=15747"},{"taxonomy":"post_tag","embeddable":true,"href":"https:\/\/mapati.com.br\/blogmapati\/wp-json\/wp\/v2\/tags?post=15747"}],"curies":[{"name":"wp","href":"https:\/\/api.w.org\/{rel}","templated":true}]}}