{"id":15851,"date":"2022-10-25T17:29:47","date_gmt":"2022-10-25T20:29:47","guid":{"rendered":"http:\/\/mapati.com.br\/?p=15851"},"modified":"2022-10-25T17:30:32","modified_gmt":"2022-10-25T20:30:32","slug":"obsessoes-musicais-xxviii","status":"publish","type":"post","link":"https:\/\/mapati.com.br\/blogmapati\/obsessoes-musicais-xxviii\/","title":{"rendered":"Obsess\u00f5es musicais (XXVIII)"},"content":{"rendered":"\n<p class=\"has-text-align-right\"><em>Em rigor, n\u00e3o amamos pessoas; amamos ideias de pessoas e n\u00e3o toleramos que a realidade n\u00e3o esteja ao n\u00edvel dos nossos del\u00edrios. <br>&#8211; Jo\u00e3o Pereira Coutinho <\/em><\/p>\n\n\n\n<p style=\"color:#035b8e\" class=\"has-text-color\">Passamento.<\/p>\n\n\n\n<p style=\"color:#035b8e\" class=\"has-text-color\">Que palavra esquisita e t\u00e3o dura. A situa\u00e7\u00e3o ag\u00f4nica do padecente, quando se finda, convola-se no embarque, d\u00e1-se ent\u00e3o o passamento. Meu pai, mineiro, dizia: \u201cSabe o fulano (ou a fulana)? Embarcou\u201d. Na primeira vez que ouvi isso, dada minha parcial origem das Gerais, me surgira a imagem de uma gare com seus trens, chegadas e partidas.<br>Por\u00e9m n\u00e3o era bem isso, a esta\u00e7\u00e3o ferrovi\u00e1ria em verdade era um aeroporto virtual, sem radar, sem sala de controladores(as) de voo, sem bares e restaurantes caros pra caramba (h\u00e1 um candidato presidencial que recuperou a express\u00e3o). Esse local, em pobre met\u00e1fora, \u00e9 destinado a nos enviar para  as alturas, para furar as nuvens, e l\u00e1 subir, subir, subir at\u00e9 chegar \u00e0 porta do c\u00e9u &#8211; nessas jornadas a gente n\u00e3o volta \u00e0 terra firme para experimentar daqui certo al\u00edvio pelas turbul\u00eancias que ficaram na rota dos jatos.<br>Dias atr\u00e1s, passeando por S\u00e3o Paulo (dizem os cariocas que isso \u00e9 poss\u00edvel), recebi a triste not\u00edcia de que seu Manoel Ant\u00f4nio Neto houvera embarcado. Grande pra\u00e7a, o ex-sogro de meu irm\u00e3o ca\u00e7ula partira com seus 80 e pouco de idade e com quem convivi nessas \u00faltimas tr\u00eas d\u00e9cadas em situa\u00e7\u00f5es n\u00e3o raro agrad\u00e1veis, papos sempre estimulantes sem embargo de algumas diferen\u00e7as que se antepunham entre n\u00f3s dois. Nessa singradura, meu amigo Manoel, fa\u00e7a mais uma de suas gentilezas in\u00fameras: d\u00ea um abra\u00e7o por mim no meu pai, na minha m\u00e3e e no meu filho, que nos deixou ainda um menininho de 2 anos e seis meses.<br>Fora de Bras\u00edlia, como dito acima, eu n\u00e3o sabia o que dizer \u00e0 vi\u00fava e aos dois filhos \u2013 nessas circunst\u00e2ncias, ensina a sabedoria popular, deve-se ser moderado nas condol\u00eancias. At\u00e9 que ouvi minha neta de 16 anos tocando ao piano, s\u00e9ria e compenetrada, uma m\u00fasica que sempre me perturbou, <em>Fly me to the moon.<\/em><\/p>\n\n\n\n<p style=\"color:#035b8e\" class=\"has-text-color\">Filmei-a durante o recital e de conseguinte encaminhei a mat\u00e9ria a uns poucos e restritos grupos de WhatsApp, tendo o v\u00eddeo provocado emo\u00e7\u00f5es.<br>Pensei ent\u00e3o em lan\u00e7\u00e1-lo aqui. No entanto, conhecendo-a, afastei logo o alvitre pois minha neta \u00e9 reservada, um pouco sistem\u00e1tica e n\u00e3o gosta de se expor por a\u00ed. Resultou disso minha delibera\u00e7\u00e3o de transportar a m\u00fasica (a letra fica um pouco aqu\u00e9m; vide o final da postagem) para este pouco lido blog, com outro artista, digamos, mais experiente<br>Senhoras e senhores, com voc\u00eas um jovem cantor hoje com 96 anos, portanto de futuro ainda muito promissor, tal de Tony Bennett, numa c\u00e9lebre performance em show no formato unplugged, que nos levar\u00e1 para a lua.<\/p>\n\n\n\n<figure class=\"wp-block-embed-youtube aligncenter wp-block-embed is-type-video is-provider-youtube wp-embed-aspect-4-3 wp-has-aspect-ratio\"><div class=\"wp-block-embed__wrapper\">\n<iframe title=\"Tony Bennett - Fly Me to the Moon (In Other Words) (Live on MTV Unplugged)\" width=\"960\" height=\"720\" src=\"https:\/\/www.youtube.com\/embed\/VLjXbkSm8B4?feature=oembed\" frameborder=\"0\" allow=\"accelerometer; autoplay; clipboard-write; encrypted-media; gyroscope; picture-in-picture\" allowfullscreen><\/iframe>\n<\/div><\/figure>\n\n\n\n<p>N\u00e3o fosse suficiente tanta arte e sentimento, renovemos nossa curti\u00e7\u00e3o ouvindo a mesma m\u00fasica, ele bem mais velho, j\u00e1 com evidentes marcas de longa exist\u00eancia, tendo seu n\u00famero art\u00edstico apresentado pela Lady Gaga, com quem dividiu m\u00fasicas na noite. <\/p>\n\n\n\n<figure class=\"wp-block-embed-youtube aligncenter wp-block-embed is-type-video is-provider-youtube wp-embed-aspect-16-9 wp-has-aspect-ratio\"><div class=\"wp-block-embed__wrapper\">\nhttps:\/\/www.youtube.com\/watch?v=z5lCmoYBKqA\n<\/div><\/figure>\n\n\n\n<p style=\"font-size:18px\" class=\"has-text-align-center\"><strong>Me Leve Para a Lua<\/strong><\/p>\n\n\n\n<p class=\"has-text-align-center\">Me leve para a Lua<br>Me deixe brincar entre as estrelas<br>Me deixe ver como \u00e9 a primavera<br>Em J\u00fapiter e Marte<\/p>\n\n\n\n<p class=\"has-text-align-center\">Em outras palavras<br>Segure minha m\u00e3o<br>Em outras palavras<br>Amor, me beije<\/p>\n\n\n\n<p class=\"has-text-align-center\">Encha meu cora\u00e7\u00e3o com m\u00fasica<br>E me deixe cantar para sempre<br>Voc\u00ea \u00e9 tudo que desejo<br>Tudo que eu venero e adoro<\/p>\n\n\n\n<p class=\"has-text-align-center\">Em outras palavras<br>Por favor, seja sincera<br>Em outras palavras<br>Eu te amo<\/p>\n\n\n\n<p class=\"has-text-align-center\">Encha meu cora\u00e7\u00e3o com m\u00fasica<br>Me deixe cantar para sempre<br>Voc\u00ea \u00e9 tudo que desejo<br>Tudo que eu venero e adoro<\/p>\n\n\n\n<p class=\"has-text-align-center\">Em outras palavras<br>Por favor, seja sincera<br>Em outras palavras<br>Em outras palavras<br>Eu te amo<\/p>\n\n\n\n<p style=\"font-size:19px\" class=\"has-text-align-center\"><a href=\"https:\/\/pt.wikipedia.org\/wiki\/Jo%C3%A3o_Pereira_Coutinho_(jornalista)\"> #Jo\u00e3o Pereira Coutinho<\/a><br><a href=\"https:\/\/pt.wikipedia.org\/wiki\/Tony_Bennett\">#Tony Bennett<\/a><br><a href=\"https:\/\/pt.wikipedia.org\/wiki\/Lady_Gaga\">#Lady Gaga<\/a><br><a href=\"https:\/\/www.letras.mus.br\/tony-bennett\/815298\/\">#letras.mus.br\/ <\/a><\/p>\n\n\n\n<p class=\"has-text-align-right\">(355)<br><a href=\"mailto:mmsmarcos1953@hotmail.com\">mmsmarcos1953@hotmail.com<\/a><br>25\/10\/2022 <\/p>\n","protected":false},"excerpt":{"rendered":"<p>Em rigor, n\u00e3o amamos pessoas; amamos ideias de pessoas e n\u00e3o toleramos que a realidade n\u00e3o esteja ao n\u00edvel dos nossos del\u00edrios. &#8211; Jo\u00e3o Pereira Coutinho Passamento. Que palavra esquisita e t\u00e3o dura. A situa\u00e7\u00e3o ag\u00f4nica do padecente, quando se finda, convola-se no embarque, d\u00e1-se ent\u00e3o o passamento. Meu pai, mineiro, dizia: \u201cSabe o fulano (ou a fulana)? Embarcou\u201d. Na primeira vez que ouvi isso, dada minha parcial origem das Gerais, me surgira a imagem de uma gare com seus trens, chegadas e partidas.Por\u00e9m n\u00e3o era bem isso, a esta\u00e7\u00e3o ferrovi\u00e1ria em verdade era um aeroporto virtual, sem radar, sem sala de controladores(as) de voo, sem bares e restaurantes caros pra caramba (h\u00e1 um candidato presidencial que recuperou a express\u00e3o). Esse local, em pobre met\u00e1fora, \u00e9 destinado a nos enviar para as alturas, para furar as nuvens, e l\u00e1 subir, subir, subir at\u00e9 chegar \u00e0 porta do c\u00e9u &#8211; nessas jornadas a gente n\u00e3o volta \u00e0 terra firme para experimentar daqui certo al\u00edvio pelas turbul\u00eancias que ficaram na rota dos jatos.Dias atr\u00e1s, passeando por S\u00e3o Paulo (dizem os cariocas que isso \u00e9 poss\u00edvel), recebi a triste not\u00edcia de que seu Manoel Ant\u00f4nio Neto houvera embarcado. Grande pra\u00e7a, o ex-sogro de meu irm\u00e3o ca\u00e7ula partira com seus 80 e pouco de idade e com quem convivi nessas \u00faltimas tr\u00eas d\u00e9cadas em situa\u00e7\u00f5es n\u00e3o raro agrad\u00e1veis, papos sempre estimulantes sem embargo de algumas diferen\u00e7as que se antepunham entre n\u00f3s dois. Nessa singradura, meu amigo Manoel, fa\u00e7a mais uma de suas gentilezas in\u00fameras: d\u00ea um abra\u00e7o por mim no meu pai, na minha m\u00e3e e no meu filho, que nos deixou ainda um menininho de 2 anos e seis meses.Fora de Bras\u00edlia, como dito acima, eu n\u00e3o sabia o que dizer \u00e0 vi\u00fava e aos dois filhos \u2013 nessas circunst\u00e2ncias, ensina a sabedoria popular, deve-se ser moderado nas condol\u00eancias. At\u00e9 que ouvi minha neta de 16 anos tocando ao piano, s\u00e9ria e compenetrada, uma m\u00fasica que sempre me perturbou, Fly me to the moon. Filmei-a durante o recital e de conseguinte encaminhei a mat\u00e9ria a uns poucos e restritos grupos de WhatsApp, tendo o v\u00eddeo provocado emo\u00e7\u00f5es.Pensei ent\u00e3o em lan\u00e7\u00e1-lo aqui. No entanto, conhecendo-a, afastei logo o alvitre pois minha neta \u00e9 reservada, um pouco sistem\u00e1tica e n\u00e3o gosta de se expor por a\u00ed. Resultou disso minha delibera\u00e7\u00e3o de transportar a m\u00fasica (a letra fica um pouco aqu\u00e9m; vide o final da postagem) para este pouco lido blog, com outro artista, digamos, mais experienteSenhoras e senhores, com voc\u00eas um jovem cantor hoje com 96 anos, portanto de futuro ainda muito promissor, tal de Tony Bennett, numa c\u00e9lebre performance em show no formato unplugged, que nos levar\u00e1 para a lua. N\u00e3o fosse suficiente tanta arte e sentimento, renovemos nossa curti\u00e7\u00e3o ouvindo a mesma m\u00fasica, ele bem mais velho, j\u00e1 com evidentes marcas de longa exist\u00eancia, tendo seu n\u00famero art\u00edstico apresentado pela Lady Gaga, com quem dividiu m\u00fasicas na noite. Me Leve Para a Lua Me leve para a LuaMe deixe brincar entre as estrelasMe deixe ver como \u00e9 a primaveraEm J\u00fapiter e Marte Em outras palavrasSegure minha m\u00e3oEm outras palavrasAmor, me beije Encha meu cora\u00e7\u00e3o com m\u00fasicaE me deixe cantar para sempreVoc\u00ea \u00e9 tudo que desejoTudo que eu venero e adoro Em outras palavrasPor favor, seja sinceraEm outras palavrasEu te amo Encha meu cora\u00e7\u00e3o com m\u00fasicaMe deixe cantar para sempreVoc\u00ea \u00e9 tudo que desejoTudo que eu venero e adoro Em outras palavrasPor favor, seja sinceraEm outras palavrasEm outras palavrasEu te amo #Jo\u00e3o Pereira Coutinho#Tony Bennett#Lady Gaga#letras.mus.br\/ (355)mmsmarcos1953@hotmail.com25\/10\/2022<\/p>\n","protected":false},"author":2,"featured_media":15854,"comment_status":"open","ping_status":"open","sticky":false,"template":"","format":"standard","meta":{"footnotes":""},"categories":[1],"tags":[],"class_list":["post-15851","post","type-post","status-publish","format-standard","has-post-thumbnail","hentry","category-sem-categoria"],"_links":{"self":[{"href":"https:\/\/mapati.com.br\/blogmapati\/wp-json\/wp\/v2\/posts\/15851","targetHints":{"allow":["GET"]}}],"collection":[{"href":"https:\/\/mapati.com.br\/blogmapati\/wp-json\/wp\/v2\/posts"}],"about":[{"href":"https:\/\/mapati.com.br\/blogmapati\/wp-json\/wp\/v2\/types\/post"}],"author":[{"embeddable":true,"href":"https:\/\/mapati.com.br\/blogmapati\/wp-json\/wp\/v2\/users\/2"}],"replies":[{"embeddable":true,"href":"https:\/\/mapati.com.br\/blogmapati\/wp-json\/wp\/v2\/comments?post=15851"}],"version-history":[{"count":1,"href":"https:\/\/mapati.com.br\/blogmapati\/wp-json\/wp\/v2\/posts\/15851\/revisions"}],"predecessor-version":[{"id":15852,"href":"https:\/\/mapati.com.br\/blogmapati\/wp-json\/wp\/v2\/posts\/15851\/revisions\/15852"}],"wp:featuredmedia":[{"embeddable":true,"href":"https:\/\/mapati.com.br\/blogmapati\/wp-json\/wp\/v2\/media\/15854"}],"wp:attachment":[{"href":"https:\/\/mapati.com.br\/blogmapati\/wp-json\/wp\/v2\/media?parent=15851"}],"wp:term":[{"taxonomy":"category","embeddable":true,"href":"https:\/\/mapati.com.br\/blogmapati\/wp-json\/wp\/v2\/categories?post=15851"},{"taxonomy":"post_tag","embeddable":true,"href":"https:\/\/mapati.com.br\/blogmapati\/wp-json\/wp\/v2\/tags?post=15851"}],"curies":[{"name":"wp","href":"https:\/\/api.w.org\/{rel}","templated":true}]}}