{"id":15987,"date":"2023-03-04T16:39:55","date_gmt":"2023-03-04T19:39:55","guid":{"rendered":"https:\/\/mapati.com.br\/blogmapati\/?p=15987"},"modified":"2023-04-07T15:07:37","modified_gmt":"2023-04-07T18:07:37","slug":"obsessoes-musicais-xxix","status":"publish","type":"post","link":"https:\/\/mapati.com.br\/blogmapati\/obsessoes-musicais-xxix\/","title":{"rendered":"Obsess\u00f5es musicais XXIX"},"content":{"rendered":"\n<p class=\"has-text-align-right\" style=\"font-size:19px\"><em>Gastar tempo com superioridade moral, empurrando para os outros o seu suposto bom gosto, \u00e9 t\u00e3o chato quanto in\u00fatil. Enquanto voc\u00ea fica no alto do seu pedestal dando serm\u00e3o, as pessoas est\u00e3o l\u00e1 embaixo se divertindo.<\/em><br>&#8211;&nbsp;Leo Aversa \u2013<\/p>\n\n\n\n<p class=\"has-text-color\" style=\"color:#0e6fa7;font-size:18px\">N\u00e3o sou daquelas pessoas que podem ser rotuladas de carnavalesca. Ao contr\u00e1rio. Fracasso na avenida, fracasso no bloco, fracasso no bloquinho (cuidado ao cham\u00e1-lo assim em determinados locais em que se esbaldam grupo de foli\u00f5es e folionas), fracasso nos clubes (ainda existem esses bailes?).<\/p>\n\n\n\n<p class=\"has-text-color\" style=\"color:#0e6fa7;font-size:18px\">Interessante \u00e9 que, por virtude das perip\u00e9cias da Dayse de Hansa, produtora do Teatro Mapati e de milh\u00f5es de produ\u00e7\u00f5es art\u00edsticas e culturais por a\u00ed, fui jogado de modo obl\u00edquo, atrav\u00e9s da AAMA \u2013 Associa\u00e7\u00e3o Art\u00edstica Mapati, no&nbsp;Plataforma da Diversidade, projeto de Carnaval destinado ao p\u00fablico LGBTQIA+ em predomin\u00e2ncia e conclu\u00eddo nessa ter\u00e7a-feira gorda com mais de quinze mil participantes que se espalharam pelo Estacionamento 09 do Parque da Cidade de Bras\u00edlia.<\/p>\n\n\n\n<p class=\"has-text-color\" style=\"color:#0e6fa7;font-size:18px\">Ap\u00f3s o sucesso estrondoso do evento (meus emocionados agradecimentos aos\/\u00e0s organizadores\/as), iniciei minha quarta-feira de cinzas desse Carnaval da retomada, da recupera\u00e7\u00e3o, do renascimento das trevas assistindo a especial gravado h\u00e1 quase vinte anos cuja protagonista \u00e9 Maria Beth\u00e2nia. Resulta despiciendo fala\u00e7\u00e3o ou audi\u00e7\u00e3o dessa mulher m\u00edstica e visceral que, n\u00e3o bastasse ser a filha que foi e a irm\u00e3 que ainda \u00e9, deu de ser artista, em curta carreira de mais de cinco d\u00e9cadas.<\/p>\n\n\n\n<p class=\"has-text-color\" style=\"color:#0e6fa7;font-size:18px\">O que tamb\u00e9m ressaltou do document\u00e1rio passado no canal&nbsp;Bis&nbsp;foram as imagens do meu Rio de Janeiro, cidade que me vira sair amarelinho da casca de ovo no pr\u00e9-hist\u00f3rico mar\u00e7o de 1953. Aquele bondinho de Santa Tereza, com o pessoal encarapitado no estribo mesmo diante de in\u00fameros bancos de madeira vazios, arranca lembran\u00e7as e faz sofrer quem \u00e9 da Cidade Maravilhosa &#8211; sem detrimento da \u201corigem\u201d na Cidade C\u00e9u, porque este blogueiro ub\u00edquo \u201cnasceu\u201d, acreditem, nas duas capitais.<\/p>\n\n\n\n<p class=\"has-text-color\" style=\"color:#0e6fa7;font-size:18px\">Desconhe\u00e7o a impress\u00e3o de James Taylor sobre o Quadradinho do Cerrado, se \u00e9 que em algum momento ele exprimiu algo a respeito da cidade que aterrizou no ermo. Todavia, sei, e milhares o sabem, a paix\u00e3o que o magistral cantor e compositor americano tem pela Guanabara, o antigo, o bel\u00edssimo nome da capital do Estado do Rio de Janeiro, que resiste at\u00e9 hoje emoldurando a Ba\u00eda da boca banguela na compara\u00e7\u00e3o feita pelo antrop\u00f3logo franc\u00eas Claude L\u00e9vi-Straus,&nbsp;<em>apud<\/em>&nbsp;Caetano Veloso. Esse amor foi despertado no artista dos EUA durante o c\u00e9lebre Rock in Rio de 1985, a que n\u00e3o fui e por isso me mordo de inveja toda vez que lembro do festival.<\/p>\n\n\n\n<p class=\"has-text-color\" style=\"color:#0e6fa7;font-size:18px\">Hora de calar para ouvirmos a homenagem ao balne\u00e1rio mais lindo do mundo, que tem no&nbsp;<em>backing vocal<\/em>&nbsp;o aux\u00edlio luxuoso de um jovem artista promissor:<br><br><a href=\"https:\/\/www.youtube.com\/watch?v=JWRlaYkIKgM\n\">https:\/\/www.youtube.com\/watch?v=JWRlaYkIKgM<br><\/a><br>Duvidam das qualidades do menino Bituca?<br>Ent\u00e3o, vai mais um&nbsp;<em>link<\/em>, verdadeiro b\u00f4nus pelo tempero do Nan\u00e1 Vasconcelos:<br><\/p>\n\n\n\n<p class=\"has-text-color\" style=\"color:#0e6fa7;font-size:18px\"><a rel=\"noreferrer noopener\" href=\"https:\/\/www.youtube.com\/watch?v=N4RFZC4er5M\" target=\"_blank\">https:\/\/www.youtube.com\/watch?v=N4RFZC4er5M<\/a>.<\/p>\n\n\n\n<figure class=\"wp-block-gallery has-nested-images columns-default is-cropped wp-block-gallery-1 is-layout-flex wp-block-gallery-is-layout-flex\">\n<figure class=\"wp-block-image size-large\"><img fetchpriority=\"high\" decoding=\"async\" width=\"1024\" height=\"341\" data-id=\"16003\" src=\"https:\/\/mapati.com.br\/blogmapati\/wp-content\/uploads\/2023\/03\/359_RJ-1-1024x341.jpeg\" alt=\"\" class=\"wp-image-16003\" srcset=\"https:\/\/mapati.com.br\/blogmapati\/wp-content\/uploads\/2023\/03\/359_RJ-1-1024x341.jpeg 1024w, https:\/\/mapati.com.br\/blogmapati\/wp-content\/uploads\/2023\/03\/359_RJ-1-300x100.jpeg 300w, https:\/\/mapati.com.br\/blogmapati\/wp-content\/uploads\/2023\/03\/359_RJ-1-768x256.jpeg 768w, https:\/\/mapati.com.br\/blogmapati\/wp-content\/uploads\/2023\/03\/359_RJ-1-1536x511.jpeg 1536w, https:\/\/mapati.com.br\/blogmapati\/wp-content\/uploads\/2023\/03\/359_RJ-1-2048x682.jpeg 2048w, https:\/\/mapati.com.br\/blogmapati\/wp-content\/uploads\/2023\/03\/359_RJ-1-1140x379.jpeg 1140w\" sizes=\"(max-width: 1024px) 100vw, 1024px\" \/><\/figure>\n<\/figure>\n\n\n\n<p><\/p>\n\n\n\n<h3 class=\"wp-block-heading has-text-align-center\" style=\"font-size:26px;font-style:normal;font-weight:600\"><strong><em>Apenas Um Sonho No Rio<\/em><\/strong><\/h3>\n\n\n\n<p class=\"has-text-align-center\" style=\"font-size:18px\"><em>Mais do que uma terra distante<\/em><em><br>Al\u00e9m de um mar brilhante<br>Mais do que o verde \u00famido<br>Mais do que os olhos brilhantes<\/em><em><\/em><\/p>\n\n\n\n<p class=\"has-text-align-center\" style=\"font-size:18px\"><em>Bem, eles me dizem, que \u00e9 apenas um sonho no Rio<\/em><em><br>Nada poderia ser, t\u00e3o doce quanto parece<br>Neste primeiro dia aqui<br>Eles me lembram, filho, voc\u00ea j\u00e1 esqueceu<br>Que geralmente, est\u00e1 estragado por dentro<br>E o disfarce, logo cai<\/em><em><\/em><\/p>\n\n\n\n<p class=\"has-text-align-center\" style=\"font-size:18px\"><em>Gosto estranho de uma fruta tropical<\/em><em><br>A l\u00edngua rom\u00e2ntica dos portugueses<br>Uma melodia numa flauta de madeira<br>O samba flutuando na brisa do ver\u00e3o<\/em><em><\/em><\/p>\n\n\n\n<p class=\"has-text-align-center\" style=\"font-size:18px\"><em>Est\u00e1 tudo bem, voc\u00ea pode ficar dormindo<\/em><em><br>Voc\u00ea pode fechar os olhos<br>Voc\u00ea pode confiar nas pessoas do para\u00edso<br>Para chamar o seu acompanhante<br>E lhe transmitir suas despedidas<\/em><em><\/em><\/p>\n\n\n\n<p class=\"has-text-align-center\" style=\"font-size:18px\"><em>Que noite maravilhosa, uma em um milh\u00e3o<\/em><em><br>Estrelas brasileiras de frio e de calor<br>Ah, santo Cruzeiro do Sul<br>Mais tarde, me levam pra cidade numa lata velha<br>N\u00e3o consigo mais descer do palco<br>E n\u00e3o me surpreendo, quando eles dizem<\/em><em><\/em><\/p>\n\n\n\n<p class=\"has-text-align-center\" style=\"font-size:18px\"><em>Quando a nossa m\u00e3e acordar<\/em><em><br>Andaremos ao sol<br>Quando a nossa m\u00e3e acordar<br>Cantar\u00e1 pelo sert\u00e3o<br>Quando a nossa m\u00e3e acordar<br>Todos os filhos saber\u00e3o<br>Todos os filhos saber\u00e3o<br>E regozijar\u00e3o<\/em><em><\/em><\/p>\n\n\n\n<p class=\"has-text-align-center\" style=\"font-size:18px\"><em>Alcan\u00e7ado pelos raios do sol nascente<\/em><em><br>Fugindo da arma do soldado<br>Os gritos no meio da multid\u00e3o zangada<br>O passivo, o selvagem e a crian\u00e7a faminta<br>Eu lhe digo que existe mais do que um sonho no Rio<br>Eu estava l\u00e1 naquele dia<br>E meu cora\u00e7\u00e3o voltou a viver<br>Havia mais<br>Mais do que as vozes cantando<br>Mais do que os rostos me olhando<br>E mais do que os olhos brilhando<\/em><em><\/em><\/p>\n\n\n\n<p class=\"has-text-align-center\" style=\"font-size:18px\"><em>Mas \u00e9 mais do que o olho brilhando<br>Mais do que o verde \u00famido<br>Mais do que as montanhas escondidas<br>Mais do que o Cristo de concreto<br>Mais do que uma terra distante<br>Al\u00e9m de um mar brilhante<br>Mais do que uma crian\u00e7a faminta<br>Mais como se fosse outro tempo<br>Nascido h\u00e1 um milh\u00e3o de anos<br>Mais do que um milh\u00e3o de anos<\/em><\/p>\n\n\n\n<p class=\"has-text-align-center\" style=\"font-size:21px\"><a href=\"http:\/\/leoaversa.com\/\">#Leo Aversa<\/a><br><a href=\"https:\/\/pt.wikipedia.org\/wiki\/James_Taylor\">#James Taylor<\/a><br><a href=\"https:\/\/pt.wikipedia.org\/wiki\/Milton_Nascimento\">#Milton Nascimento<\/a><br><a href=\"https:\/\/pt.wikipedia.org\/wiki\/Nan%C3%A1_Vasconcelos\">#Nan\u00e1 Vasconcelos<\/a><\/p>\n\n\n\n<p class=\"has-text-align-right\">(359)<br>04\/03\/2023<br><a rel=\"noreferrer noopener\" href=\"mailto:mmsmarcos1953@hotmail.com\" target=\"_blank\">mmsmarcos1953@hotmail.com<\/a><\/p>\n","protected":false},"excerpt":{"rendered":"<p>Gastar tempo com superioridade moral, empurrando para os outros o seu suposto bom gosto, \u00e9 t\u00e3o chato quanto in\u00fatil. Enquanto voc\u00ea fica no alto do seu pedestal dando serm\u00e3o, as pessoas est\u00e3o l\u00e1 embaixo se divertindo.&#8211;&nbsp;Leo Aversa \u2013 N\u00e3o sou daquelas pessoas que podem ser rotuladas de carnavalesca. Ao contr\u00e1rio. Fracasso na avenida, fracasso no bloco, fracasso no bloquinho (cuidado ao cham\u00e1-lo assim em determinados locais em que se esbaldam grupo de foli\u00f5es e folionas), fracasso nos clubes (ainda existem esses bailes?). Interessante \u00e9 que, por virtude das perip\u00e9cias da Dayse de Hansa, produtora do Teatro Mapati e de milh\u00f5es de produ\u00e7\u00f5es art\u00edsticas e culturais por a\u00ed, fui jogado de modo obl\u00edquo, atrav\u00e9s da AAMA \u2013 Associa\u00e7\u00e3o Art\u00edstica Mapati, no&nbsp;Plataforma da Diversidade, projeto de Carnaval destinado ao p\u00fablico LGBTQIA+ em predomin\u00e2ncia e conclu\u00eddo nessa ter\u00e7a-feira gorda com mais de quinze mil participantes que se espalharam pelo Estacionamento 09 do Parque da Cidade de Bras\u00edlia. Ap\u00f3s o sucesso estrondoso do evento (meus emocionados agradecimentos aos\/\u00e0s organizadores\/as), iniciei minha quarta-feira de cinzas desse Carnaval da retomada, da recupera\u00e7\u00e3o, do renascimento das trevas assistindo a especial gravado h\u00e1 quase vinte anos cuja protagonista \u00e9 Maria Beth\u00e2nia. Resulta despiciendo fala\u00e7\u00e3o ou audi\u00e7\u00e3o dessa mulher m\u00edstica e visceral que, n\u00e3o bastasse ser a filha que foi e a irm\u00e3 que ainda \u00e9, deu de ser artista, em curta carreira de mais de cinco d\u00e9cadas. O que tamb\u00e9m ressaltou do document\u00e1rio passado no canal&nbsp;Bis&nbsp;foram as imagens do meu Rio de Janeiro, cidade que me vira sair amarelinho da casca de ovo no pr\u00e9-hist\u00f3rico mar\u00e7o de 1953. Aquele bondinho de Santa Tereza, com o pessoal encarapitado no estribo mesmo diante de in\u00fameros bancos de madeira vazios, arranca lembran\u00e7as e faz sofrer quem \u00e9 da Cidade Maravilhosa &#8211; sem detrimento da \u201corigem\u201d na Cidade C\u00e9u, porque este blogueiro ub\u00edquo \u201cnasceu\u201d, acreditem, nas duas capitais. Desconhe\u00e7o a impress\u00e3o de James Taylor sobre o Quadradinho do Cerrado, se \u00e9 que em algum momento ele exprimiu algo a respeito da cidade que aterrizou no ermo. Todavia, sei, e milhares o sabem, a paix\u00e3o que o magistral cantor e compositor americano tem pela Guanabara, o antigo, o bel\u00edssimo nome da capital do Estado do Rio de Janeiro, que resiste at\u00e9 hoje emoldurando a Ba\u00eda da boca banguela na compara\u00e7\u00e3o feita pelo antrop\u00f3logo franc\u00eas Claude L\u00e9vi-Straus,&nbsp;apud&nbsp;Caetano Veloso. Esse amor foi despertado no artista dos EUA durante o c\u00e9lebre Rock in Rio de 1985, a que n\u00e3o fui e por isso me mordo de inveja toda vez que lembro do festival. Hora de calar para ouvirmos a homenagem ao balne\u00e1rio mais lindo do mundo, que tem no&nbsp;backing vocal&nbsp;o aux\u00edlio luxuoso de um jovem artista promissor: https:\/\/www.youtube.com\/watch?v=JWRlaYkIKgMDuvidam das qualidades do menino Bituca?Ent\u00e3o, vai mais um&nbsp;link, verdadeiro b\u00f4nus pelo tempero do Nan\u00e1 Vasconcelos: https:\/\/www.youtube.com\/watch?v=N4RFZC4er5M. Apenas Um Sonho No Rio Mais do que uma terra distanteAl\u00e9m de um mar brilhanteMais do que o verde \u00famidoMais do que os olhos brilhantes Bem, eles me dizem, que \u00e9 apenas um sonho no RioNada poderia ser, t\u00e3o doce quanto pareceNeste primeiro dia aquiEles me lembram, filho, voc\u00ea j\u00e1 esqueceuQue geralmente, est\u00e1 estragado por dentroE o disfarce, logo cai Gosto estranho de uma fruta tropicalA l\u00edngua rom\u00e2ntica dos portuguesesUma melodia numa flauta de madeiraO samba flutuando na brisa do ver\u00e3o Est\u00e1 tudo bem, voc\u00ea pode ficar dormindoVoc\u00ea pode fechar os olhosVoc\u00ea pode confiar nas pessoas do para\u00edsoPara chamar o seu acompanhanteE lhe transmitir suas despedidas Que noite maravilhosa, uma em um milh\u00e3oEstrelas brasileiras de frio e de calorAh, santo Cruzeiro do SulMais tarde, me levam pra cidade numa lata velhaN\u00e3o consigo mais descer do palcoE n\u00e3o me surpreendo, quando eles dizem Quando a nossa m\u00e3e acordarAndaremos ao solQuando a nossa m\u00e3e acordarCantar\u00e1 pelo sert\u00e3oQuando a nossa m\u00e3e acordarTodos os filhos saber\u00e3oTodos os filhos saber\u00e3oE regozijar\u00e3o Alcan\u00e7ado pelos raios do sol nascenteFugindo da arma do soldadoOs gritos no meio da multid\u00e3o zangadaO passivo, o selvagem e a crian\u00e7a famintaEu lhe digo que existe mais do que um sonho no RioEu estava l\u00e1 naquele diaE meu cora\u00e7\u00e3o voltou a viverHavia maisMais do que as vozes cantandoMais do que os rostos me olhandoE mais do que os olhos brilhando Mas \u00e9 mais do que o olho brilhandoMais do que o verde \u00famidoMais do que as montanhas escondidasMais do que o Cristo de concretoMais do que uma terra distanteAl\u00e9m de um mar brilhanteMais do que uma crian\u00e7a famintaMais como se fosse outro tempoNascido h\u00e1 um milh\u00e3o de anosMais do que um milh\u00e3o de anos #Leo Aversa#James Taylor#Milton Nascimento#Nan\u00e1 Vasconcelos (359)04\/03\/2023mmsmarcos1953@hotmail.com<\/p>\n","protected":false},"author":1,"featured_media":16005,"comment_status":"open","ping_status":"open","sticky":false,"template":"","format":"standard","meta":{"footnotes":""},"categories":[1],"tags":[],"class_list":["post-15987","post","type-post","status-publish","format-standard","has-post-thumbnail","hentry","category-sem-categoria"],"_links":{"self":[{"href":"https:\/\/mapati.com.br\/blogmapati\/wp-json\/wp\/v2\/posts\/15987","targetHints":{"allow":["GET"]}}],"collection":[{"href":"https:\/\/mapati.com.br\/blogmapati\/wp-json\/wp\/v2\/posts"}],"about":[{"href":"https:\/\/mapati.com.br\/blogmapati\/wp-json\/wp\/v2\/types\/post"}],"author":[{"embeddable":true,"href":"https:\/\/mapati.com.br\/blogmapati\/wp-json\/wp\/v2\/users\/1"}],"replies":[{"embeddable":true,"href":"https:\/\/mapati.com.br\/blogmapati\/wp-json\/wp\/v2\/comments?post=15987"}],"version-history":[{"count":16,"href":"https:\/\/mapati.com.br\/blogmapati\/wp-json\/wp\/v2\/posts\/15987\/revisions"}],"predecessor-version":[{"id":16033,"href":"https:\/\/mapati.com.br\/blogmapati\/wp-json\/wp\/v2\/posts\/15987\/revisions\/16033"}],"wp:featuredmedia":[{"embeddable":true,"href":"https:\/\/mapati.com.br\/blogmapati\/wp-json\/wp\/v2\/media\/16005"}],"wp:attachment":[{"href":"https:\/\/mapati.com.br\/blogmapati\/wp-json\/wp\/v2\/media?parent=15987"}],"wp:term":[{"taxonomy":"category","embeddable":true,"href":"https:\/\/mapati.com.br\/blogmapati\/wp-json\/wp\/v2\/categories?post=15987"},{"taxonomy":"post_tag","embeddable":true,"href":"https:\/\/mapati.com.br\/blogmapati\/wp-json\/wp\/v2\/tags?post=15987"}],"curies":[{"name":"wp","href":"https:\/\/api.w.org\/{rel}","templated":true}]}}