{"id":16022,"date":"2023-04-07T15:04:07","date_gmt":"2023-04-07T18:04:07","guid":{"rendered":"https:\/\/mapati.com.br\/blogmapati\/?p=16022"},"modified":"2023-05-31T18:35:40","modified_gmt":"2023-05-31T21:35:40","slug":"memorias-memorialistas-lxxx","status":"publish","type":"post","link":"https:\/\/mapati.com.br\/blogmapati\/memorias-memorialistas-lxxx\/","title":{"rendered":"Mem\u00f3rias\/ Memorialistas LXXX"},"content":{"rendered":"\n<p class=\"has-text-align-right\" style=\"font-size:16px\"><em>A perda resgata os sujeitos que pairavam distantes do nosso dia a dia. Quando se d\u00e1 a falta, eles se presentificam mais do que nunca, e suas lembran\u00e7as v\u00edvidas absorvem nossa energia.<\/em><br>&#8211; Vera Iaconelli &#8211;<\/p>\n\n\n\n<p class=\"has-text-align-left has-text-color\" style=\"color:#0e6fa7;font-size:16px\">Dirijo minhas vistas para o horizonte e nada de not\u00edcias sobre o estado de sa\u00fade do Luiz Fernando Ver\u00edssimo. A caminho dos 87 anos, o escritor desaparecera da m\u00eddia, h\u00e1 tempos n\u00e3o chegam novas cr\u00f4nicas de par com filmagens, entrevistas, artigos; enfim, in\u00e9ditas mat\u00e9rias jornal\u00edsticas a respeito dele. Fosse \u00e9poca da ditadura militar (j\u00e1 acabou, n\u00e9?), pensar\u00edamos que o humorista e um monte de coisas mais estaria no ex\u00edlio. Ao tempo que tor\u00e7o por sua reabilita\u00e7\u00e3o, cabe tentativa de adensar a conviv\u00eancia com a culta fam\u00edlia do Rio Grande do Sul mediante frui\u00e7\u00e3o de reminisc\u00eancias do patriarca, das quais venho me ocupando neste blog.<\/p>\n\n\n<div class=\"wp-block-image\">\n<figure class=\"aligncenter size-full is-resized\"><img fetchpriority=\"high\" decoding=\"async\" src=\"https:\/\/mapati.com.br\/blogmapati\/wp-content\/uploads\/2023\/04\/360_Luis-Fernando-Verissimo-foto-Eduardo-Nicolau-_-Estadao.jpg\" alt=\"\" class=\"wp-image-16026\" width=\"558\" height=\"595\"\/><figcaption class=\"wp-element-caption\">foto Eduardo Nicolau _ Estad\u00e3o<\/figcaption><\/figure>\n<\/div>\n\n\n<p class=\"has-text-align-left has-text-color\" style=\"color:#0e6fa7;font-size:16px\">Na quadra final de suas lembran\u00e7as (\u201cSolo de Clarineta\u201d, segundo volume), o memorialista dera de conversar com o espelho refletindo, n\u00e3o sem cr\u00edticas, acerca de sua obra ficcional.<\/p>\n\n\n\n<p class=\"has-text-align-right\" style=\"font-size:16px\"><em>\u201cQue penso de mim como escritor? Ora, depende da ocasi\u00e3o. Nos momentos escuros, minha tend\u00eancia \u00e9 considerar tudo quanto produzi at\u00e9 hoje med\u00edocre ou mesmo mau. Nas horas claras, por\u00e9m, olho com mais indulg\u00eancia para a minha pr\u00f3pria obra e concluo que, dentre os vinte e poucos livros que at\u00e9 esta data escrevia, uns tr\u00eas ou quatro possuem alguma import\u00e2ncia, e pelo menos um deles \u2013 creio que O Continente \u2013 talvez me sobreviva por algum tempo.<\/em><\/p>\n\n\n\n<p class=\"has-text-align-right\" style=\"font-size:16px\"><em>\u201c(\u2026) N\u00e3o sou um escritor inovador, n\u00e3o trouxe nenhuma contribui\u00e7\u00e3o original para a arte do romance. Tenho dito, escrito repetidamente que me considero, antes de mais nada, um contador de hist\u00f3rias. Ora nos tempos que correm, contar hist\u00f3rias parece ser aos olhos de certos cr\u00edticos o grande pecado mortal liter\u00e1rio. A chamada \u2018boa cr\u00edtica\u2019 considera a hist\u00f3ria ou est\u00f3ria, como queiram, uma forma inferior de arte. Na minha opini\u00e3o isso \u00e9 por um lado uma atitude esnobe, e por outro um equ\u00edvoco sem\u00e2ntico, segundo o qual hist\u00f3ria passa a ser um sin\u00f4nimo de anedota, enredo (\u2026).\u201d<\/em><\/p>\n\n\n\n<p class=\"has-text-align-right\" style=\"font-size:16px\"><em>\u201cDesde o minuto em que nasce, a criatura humana n\u00e3o s\u00f3 entra na Hist\u00f3ria, da qual n\u00e3o poder\u00e1 jamais livrar-se, como tamb\u00e9m come\u00e7a a sua est\u00f3ria. N\u00e3o conhe\u00e7o biografia que por mais erudita, seca e sem imagina\u00e7\u00e3o que que seja consiga fugir de contar uma est\u00f3ria.\u201d<\/em><\/p>\n\n\n\n<p class=\"has-text-align-left has-text-color\" style=\"color:#0e6fa7;font-size:16px\">Singular \u00e9 que o pai do Luis Ver\u00edssimo, \u00e0 propor\u00e7\u00e3o que desenrolava seu mergulho no passado com foco nos anos de 1970, trazia a valor presente suas an\u00e1lises e observa\u00e7\u00f5es, digamos, sobre literatura. Real\u00e7a-lhe a import\u00e2ncia, diz das experi\u00eancias contempor\u00e2neas heterodoxas e esquisitas no manejo das palavras e em meu ju\u00edzo decreta, de passagem mas com presci\u00eancia (afinal, s\u00e3o quase cinquenta anos), a vulnerabilidade, a inoper\u00e2ncia do ChatGPT, ferramenta intrigante e instigante que no entretanto, ao menos no est\u00e1gio atual, n\u00e3o logra \u201cexprimir o n\u00e3o exprim\u00edvel\u201d, da\u00ed ser falida da condi\u00e7\u00e3o de ancoragem na \u201csintaxe psicol\u00f3gica\u201d.<\/p>\n\n\n\n<p class=\"has-text-align-right has-black-color has-text-color\" style=\"font-size:16px\"><em>\u201cNota-se tamb\u00e9m hoje em dia uma grande preocupa\u00e7\u00e3o com a busca de novos meios de express\u00e3o verbal. Nunca a linguagem liter\u00e1ria foi t\u00e3o importante como em nosso tempo. Fazem-se com as palavras e suas combina\u00e7\u00f5es sint\u00e1ticas as mais abstrusas e estranhas experi\u00eancias. Estou certo tamb\u00e9m de que nesse setor minha contribui\u00e7\u00e3o tem sido pobre ou nula. N\u00e3o ignoro, por\u00e9m, que para tentar descrever o indescrit\u00edvel, exprimir o inexprim\u00edvel, transmitir ao leitor certos estados de esp\u00edrito particulares \u2013 ang\u00fastias, alucina\u00e7\u00f5es, sonhos, del\u00edrios e mesmo certos pensamentos e sentimentos sutis do cotidiano \u2013 o escritor \u00e9 compelido a esquecer a sintaxe gramatical oficial e recorrer \u00e0 sintaxe psicol\u00f3gica. (No Brasil ningu\u00e9m faz isso melhor que Clarice Lispector e Guimar\u00e3es Rosa, na minha opini\u00e3o duas figuras de estatura internacional.)<\/em><\/p>\n\n\n\n<p class=\"has-text-align-right has-black-color has-text-color\" style=\"font-size:16px\"><em>\u201cMas a\u00ed temos um terreno perigoso que s\u00f3 os realmente grandes podem trilhar, pois nunca estamos livres do perigo de ver as palavras usadas n\u00e3o como um meio de comunica\u00e7\u00e3o entre o autor e o leitor, mas sim como pe\u00e7as dum jogo esot\u00e9rico, herm\u00e9tico e, portanto, como um fim em si mesmas. Creio que o enigma da vida \u00e9 j\u00e1 t\u00e3o complicado, que o escritor n\u00e3o deve criar em torno dele outro enigma, nem mesmo de natureza verbal. A poesia, essa sim, \u00e9 o reino das palavras, o campo pr\u00f3prio para experi\u00eancias imag\u00edsticas, metaf\u00f3ricas, em suma, para toda essa metaf\u00edsica ou alquimia da linguagem. E estados de alma existem que nem a poesia consegue descrever ou sugerir, e \u00e9 nesse ponto que a m\u00fasica pode vir em seu socorro (\u2026).\u201d<\/em><\/p>\n\n\n\n<p class=\"has-text-align-left has-text-color\" style=\"color:#0e6fa7;font-size:16px\">A l\u00edrica depress\u00e3o p\u00f3s coito referida pelo escritor genial dos pampas n\u00e3o raro \u00e9 experimentada peculiarmente pela turma que cria (n\u00e3o \u00e9 procria), os artistas e as artistas da escrita, da m\u00fasica, da dan\u00e7a, do cinema, do teatro, das artes pl\u00e1sticas, da fotografia, que, ao fim de suas produ\u00e7\u00f5es, resultam perdidos neste mundo de eterno padecer, decorrente do cancelamento ou mesmo da gl\u00f3ria.<\/p>\n\n\n\n<p class=\"has-text-align-right\" style=\"font-size:16px\"><em>\u201cEm geral, quando termino um livro encontro-me numa confus\u00e3o de sentimentos, num misto de alegria, al\u00edvio e essa vaga tristeza que vem ap\u00f3s o ato do amor f\u00edsico satisfeita a carne. Relendo a obra mais tarde, quase sempre penso assim: \u2018N\u00e3o era bem isto que eu queria fazer.\u2019<\/em><\/p>\n\n\n\n<p class=\"has-text-align-right\" style=\"font-size:16px\"><em>\u201cChegamos assim a um assunto que eu gostaria de discutir com mais vagar. Sou habitualmente apontado como um escritor er\u00f3tico ou mesmo pornogr\u00e1fico.\u201d<\/em><\/p>\n\n\n\n<p class=\"has-text-align-left has-text-color\" style=\"color:#0e6fa7;font-size:16px\">Vai ser conhecida logo, logo a discuss\u00e3o desse aspecto (do e sobre o Erico Ver\u00edssimo).<\/p>\n\n\n\n<p class=\"has-text-align-center\" style=\"font-size:18px\"><a rel=\"noreferrer noopener\" href=\"https:\/\/pt.wikipedia.org\/wiki\/Vera_Iaconelli\" target=\"_blank\">#<\/a><a href=\"https:\/\/pt.wikipedia.org\/wiki\/Vera_Iaconelli\">Vera Iaconelli<\/a><br><a href=\"https:\/\/pt.wikipedia.org\/wiki\/Luis_Fernando_Verissimo\">#Luis Fernando Ver\u00edssimo<\/a><br><a href=\"https:\/\/pt.wikipedia.org\/wiki\/Erico_Verissimo\">#\u00c9rico Ver\u00edssimo<br><\/a><a href=\"https:\/\/pt.wikipedia.org\/wiki\/Solo_de_Clarineta\">#Solo de Clarineta segundo volume<\/a><br><a href=\"https:\/\/pt.wikipedia.org\/wiki\/ChatGPT\">#ChatGPT<\/a><\/p>\n\n\n\n<p class=\"has-text-align-right\" style=\"font-size:16px\">07\/04\/2023<br>(360)<br>mmsmarcos1953@hotmail.com<\/p>\n","protected":false},"excerpt":{"rendered":"<p>A perda resgata os sujeitos que pairavam distantes do nosso dia a dia. Quando se d\u00e1 a falta, eles se presentificam mais do que nunca, e suas lembran\u00e7as v\u00edvidas absorvem nossa energia.&#8211; Vera Iaconelli &#8211; Dirijo minhas vistas para o horizonte e nada de not\u00edcias sobre o estado de sa\u00fade do Luiz Fernando Ver\u00edssimo. A caminho dos 87 anos, o escritor desaparecera da m\u00eddia, h\u00e1 tempos n\u00e3o chegam novas cr\u00f4nicas de par com filmagens, entrevistas, artigos; enfim, in\u00e9ditas mat\u00e9rias jornal\u00edsticas a respeito dele. Fosse \u00e9poca da ditadura militar (j\u00e1 acabou, n\u00e9?), pensar\u00edamos que o humorista e um monte de coisas mais estaria no ex\u00edlio. Ao tempo que tor\u00e7o por sua reabilita\u00e7\u00e3o, cabe tentativa de adensar a conviv\u00eancia com a culta fam\u00edlia do Rio Grande do Sul mediante frui\u00e7\u00e3o de reminisc\u00eancias do patriarca, das quais venho me ocupando neste blog. Na quadra final de suas lembran\u00e7as (\u201cSolo de Clarineta\u201d, segundo volume), o memorialista dera de conversar com o espelho refletindo, n\u00e3o sem cr\u00edticas, acerca de sua obra ficcional. \u201cQue penso de mim como escritor? Ora, depende da ocasi\u00e3o. Nos momentos escuros, minha tend\u00eancia \u00e9 considerar tudo quanto produzi at\u00e9 hoje med\u00edocre ou mesmo mau. Nas horas claras, por\u00e9m, olho com mais indulg\u00eancia para a minha pr\u00f3pria obra e concluo que, dentre os vinte e poucos livros que at\u00e9 esta data escrevia, uns tr\u00eas ou quatro possuem alguma import\u00e2ncia, e pelo menos um deles \u2013 creio que O Continente \u2013 talvez me sobreviva por algum tempo. \u201c(\u2026) N\u00e3o sou um escritor inovador, n\u00e3o trouxe nenhuma contribui\u00e7\u00e3o original para a arte do romance. Tenho dito, escrito repetidamente que me considero, antes de mais nada, um contador de hist\u00f3rias. Ora nos tempos que correm, contar hist\u00f3rias parece ser aos olhos de certos cr\u00edticos o grande pecado mortal liter\u00e1rio. A chamada \u2018boa cr\u00edtica\u2019 considera a hist\u00f3ria ou est\u00f3ria, como queiram, uma forma inferior de arte. Na minha opini\u00e3o isso \u00e9 por um lado uma atitude esnobe, e por outro um equ\u00edvoco sem\u00e2ntico, segundo o qual hist\u00f3ria passa a ser um sin\u00f4nimo de anedota, enredo (\u2026).\u201d \u201cDesde o minuto em que nasce, a criatura humana n\u00e3o s\u00f3 entra na Hist\u00f3ria, da qual n\u00e3o poder\u00e1 jamais livrar-se, como tamb\u00e9m come\u00e7a a sua est\u00f3ria. N\u00e3o conhe\u00e7o biografia que por mais erudita, seca e sem imagina\u00e7\u00e3o que que seja consiga fugir de contar uma est\u00f3ria.\u201d Singular \u00e9 que o pai do Luis Ver\u00edssimo, \u00e0 propor\u00e7\u00e3o que desenrolava seu mergulho no passado com foco nos anos de 1970, trazia a valor presente suas an\u00e1lises e observa\u00e7\u00f5es, digamos, sobre literatura. Real\u00e7a-lhe a import\u00e2ncia, diz das experi\u00eancias contempor\u00e2neas heterodoxas e esquisitas no manejo das palavras e em meu ju\u00edzo decreta, de passagem mas com presci\u00eancia (afinal, s\u00e3o quase cinquenta anos), a vulnerabilidade, a inoper\u00e2ncia do ChatGPT, ferramenta intrigante e instigante que no entretanto, ao menos no est\u00e1gio atual, n\u00e3o logra \u201cexprimir o n\u00e3o exprim\u00edvel\u201d, da\u00ed ser falida da condi\u00e7\u00e3o de ancoragem na \u201csintaxe psicol\u00f3gica\u201d. \u201cNota-se tamb\u00e9m hoje em dia uma grande preocupa\u00e7\u00e3o com a busca de novos meios de express\u00e3o verbal. Nunca a linguagem liter\u00e1ria foi t\u00e3o importante como em nosso tempo. Fazem-se com as palavras e suas combina\u00e7\u00f5es sint\u00e1ticas as mais abstrusas e estranhas experi\u00eancias. Estou certo tamb\u00e9m de que nesse setor minha contribui\u00e7\u00e3o tem sido pobre ou nula. N\u00e3o ignoro, por\u00e9m, que para tentar descrever o indescrit\u00edvel, exprimir o inexprim\u00edvel, transmitir ao leitor certos estados de esp\u00edrito particulares \u2013 ang\u00fastias, alucina\u00e7\u00f5es, sonhos, del\u00edrios e mesmo certos pensamentos e sentimentos sutis do cotidiano \u2013 o escritor \u00e9 compelido a esquecer a sintaxe gramatical oficial e recorrer \u00e0 sintaxe psicol\u00f3gica. (No Brasil ningu\u00e9m faz isso melhor que Clarice Lispector e Guimar\u00e3es Rosa, na minha opini\u00e3o duas figuras de estatura internacional.) \u201cMas a\u00ed temos um terreno perigoso que s\u00f3 os realmente grandes podem trilhar, pois nunca estamos livres do perigo de ver as palavras usadas n\u00e3o como um meio de comunica\u00e7\u00e3o entre o autor e o leitor, mas sim como pe\u00e7as dum jogo esot\u00e9rico, herm\u00e9tico e, portanto, como um fim em si mesmas. Creio que o enigma da vida \u00e9 j\u00e1 t\u00e3o complicado, que o escritor n\u00e3o deve criar em torno dele outro enigma, nem mesmo de natureza verbal. A poesia, essa sim, \u00e9 o reino das palavras, o campo pr\u00f3prio para experi\u00eancias imag\u00edsticas, metaf\u00f3ricas, em suma, para toda essa metaf\u00edsica ou alquimia da linguagem. E estados de alma existem que nem a poesia consegue descrever ou sugerir, e \u00e9 nesse ponto que a m\u00fasica pode vir em seu socorro (\u2026).\u201d A l\u00edrica depress\u00e3o p\u00f3s coito referida pelo escritor genial dos pampas n\u00e3o raro \u00e9 experimentada peculiarmente pela turma que cria (n\u00e3o \u00e9 procria), os artistas e as artistas da escrita, da m\u00fasica, da dan\u00e7a, do cinema, do teatro, das artes pl\u00e1sticas, da fotografia, que, ao fim de suas produ\u00e7\u00f5es, resultam perdidos neste mundo de eterno padecer, decorrente do cancelamento ou mesmo da gl\u00f3ria. \u201cEm geral, quando termino um livro encontro-me numa confus\u00e3o de sentimentos, num misto de alegria, al\u00edvio e essa vaga tristeza que vem ap\u00f3s o ato do amor f\u00edsico satisfeita a carne. Relendo a obra mais tarde, quase sempre penso assim: \u2018N\u00e3o era bem isto que eu queria fazer.\u2019 \u201cChegamos assim a um assunto que eu gostaria de discutir com mais vagar. Sou habitualmente apontado como um escritor er\u00f3tico ou mesmo pornogr\u00e1fico.\u201d Vai ser conhecida logo, logo a discuss\u00e3o desse aspecto (do e sobre o Erico Ver\u00edssimo). #Vera Iaconelli#Luis Fernando Ver\u00edssimo#\u00c9rico Ver\u00edssimo#Solo de Clarineta segundo volume#ChatGPT 07\/04\/2023(360)mmsmarcos1953@hotmail.com<\/p>\n","protected":false},"author":1,"featured_media":16031,"comment_status":"open","ping_status":"open","sticky":false,"template":"","format":"standard","meta":{"footnotes":""},"categories":[1],"tags":[],"class_list":["post-16022","post","type-post","status-publish","format-standard","has-post-thumbnail","hentry","category-sem-categoria"],"_links":{"self":[{"href":"https:\/\/mapati.com.br\/blogmapati\/wp-json\/wp\/v2\/posts\/16022","targetHints":{"allow":["GET"]}}],"collection":[{"href":"https:\/\/mapati.com.br\/blogmapati\/wp-json\/wp\/v2\/posts"}],"about":[{"href":"https:\/\/mapati.com.br\/blogmapati\/wp-json\/wp\/v2\/types\/post"}],"author":[{"embeddable":true,"href":"https:\/\/mapati.com.br\/blogmapati\/wp-json\/wp\/v2\/users\/1"}],"replies":[{"embeddable":true,"href":"https:\/\/mapati.com.br\/blogmapati\/wp-json\/wp\/v2\/comments?post=16022"}],"version-history":[{"count":27,"href":"https:\/\/mapati.com.br\/blogmapati\/wp-json\/wp\/v2\/posts\/16022\/revisions"}],"predecessor-version":[{"id":16136,"href":"https:\/\/mapati.com.br\/blogmapati\/wp-json\/wp\/v2\/posts\/16022\/revisions\/16136"}],"wp:featuredmedia":[{"embeddable":true,"href":"https:\/\/mapati.com.br\/blogmapati\/wp-json\/wp\/v2\/media\/16031"}],"wp:attachment":[{"href":"https:\/\/mapati.com.br\/blogmapati\/wp-json\/wp\/v2\/media?parent=16022"}],"wp:term":[{"taxonomy":"category","embeddable":true,"href":"https:\/\/mapati.com.br\/blogmapati\/wp-json\/wp\/v2\/categories?post=16022"},{"taxonomy":"post_tag","embeddable":true,"href":"https:\/\/mapati.com.br\/blogmapati\/wp-json\/wp\/v2\/tags?post=16022"}],"curies":[{"name":"wp","href":"https:\/\/api.w.org\/{rel}","templated":true}]}}