{"id":1611,"date":"2016-07-29T22:10:09","date_gmt":"2016-07-29T22:10:09","guid":{"rendered":"http:\/\/mapati.com.br\/blog\/?p=1611"},"modified":"2016-07-29T22:10:09","modified_gmt":"2016-07-29T22:10:09","slug":"historias-do-teatro-brasiliense-v","status":"publish","type":"post","link":"https:\/\/mapati.com.br\/blogmapati\/historias-do-teatro-brasiliense-v\/","title":{"rendered":"Hist\u00f3rias do teatro brasiliense (V)"},"content":{"rendered":"<p>E prosseguimos na cabine de Fernando Pinheiro Villar e de Eliezer Faleiros de Carvalho, historiadores do teatro de Bras\u00edlia. Nosso trem para na esta\u00e7\u00e3o e o alto falante anuncia:<\/p>\n<p style=\"padding-left: 90px;\"><span style=\"font-family: 'trebuchet ms', geneva, sans-serif;\"><em>\u201cO in\u00edcio da d\u00e9cada de 1970 apresenta um pequeno movimento que vai se intensificando com o passar dos anos, ainda com uma forte marca\u00e7\u00e3o da censura. O teatro de Bras\u00edlia na d\u00e9cada de 1970 foi feito por uma gera\u00e7\u00e3o de \u2018n\u00e3o brasilienses-brasilienses\u2019, pessoas que come\u00e7am a se identificar como brasilienses e que trazem para a cidade e\/ou mesmo t\u00eam em Bras\u00edlia sua forma\u00e7\u00e3o profissional.\u201d<\/em><\/span><\/p>\n<p>\u00c0 medida que avan\u00e7armos pelos trilhos, iremos informar sobre os pontos culturais de nossa cidade e os passageiros e passageiras \u00a0embarcados em nosso comboio, podendo \u201ctranscrever a transcri\u00e7\u00e3o\u201d de trechos de alguns depoimentos.<\/p>\n<p>Eis a primeira fuma\u00e7a art\u00edstica, n\u00e3o por causa do escapamento do caminh\u00e3o-palco do Mapati, sen\u00e3o pelo fato de a pe\u00e7a teatral <em>O auto da Lapinha M\u00e1gica<\/em> ter aberto a temporada no primeiro ano do per\u00edodo decendial em foco.<\/p>\n<p style=\"padding-left: 90px;\"><span style=\"font-family: 'trebuchet ms', geneva, sans-serif;\"><em>\u201cA produ\u00e7\u00e3o merece destaque por ser de um autor de Bras\u00edlia, Luiz Gutemberg (que tamb\u00e9m dirigiu o trabalho) e por ter figurinos feitos por Athos Bulc\u00e3o. O espet\u00e1culo acontecia em um caminh\u00e3o e percorria o Distrito Federal, sendo uma forma de divulga\u00e7\u00e3o do teatro para todas as cidades sat\u00e9lites e entorno. Ainda nesse ano o ent\u00e3o ICA torna-se IAA (Instituto de Artes e Arquitetura), no qual foram criados os Departamentos de Arquitetura, de Artes Visuais e Cinema e o de M\u00fasica.\u201d<\/em><\/span><\/p>\n<p>Quanto \u00e0s artes c\u00eanicas no segmento religioso, os autores falam da cria\u00e7\u00e3o, por Irene Carvalho, do TEB \u2013 Teatro Esp\u00edrita de Bras\u00edlia, que, <em>\u201capesar de estar ligado \u00e0 doutrina esp\u00edrita e de apresentar textos psicografados\u201d<\/em>, carimba sua participa\u00e7\u00e3o no seduzir p\u00fablico ecl\u00e9tico em suas apresenta\u00e7\u00f5es, <em>\u201cconseguindo manter sua estrutura atrav\u00e9s da venda dos ingressos de suas pe\u00e7as<\/em>.\u201d Nessa mesma seara, e tamb\u00e9m no ano de 1973, os dois autores nos reportam surgimento do Grupo Via Sacra ao Vivo, de Planantina, <em>\u201cidealizado pelo padre Aleixo Szim e que tem a participa\u00e7\u00e3o fundamental de Preto Rezende\u201d<\/em>, ambos irmanados na encena\u00e7\u00e3o da paix\u00e3o de Cristo, nos prim\u00f3rdios com p\u00fablico de cem pessoas mais ou menos; hoje, milhares de espectadores.<\/p>\n<p>H\u00e1 por outra parte anota\u00e7\u00f5es a respeito da (j\u00e1 extinta) Funda\u00e7\u00e3o Cultural do DF, cujo conselho deliberativo,<em>\u201capontado por Jo\u00e3o Antonio como \u2018careta\u2019 era composto por ju\u00edzes e gente ligada \u00e0 ditadura. Jo\u00e3o relata que esses conselheiros \u2018n\u00e3o abriam espa\u00e7o para gente em absoluto, e era meio tabu se apresentar na Martins Penna, que era s\u00f3 para grandes companhias e etc. etc.\u2019\u201d<\/em><\/p>\n<p>E o livro de apontamentos e registros do teatro brasiliense segue apitando. Destaca<\/p>\n<p>os espa\u00e7os criados nessa d\u00e9cada &#8211; Teatro da Escola Parque; Bal\u00e3o de ensaio; Sala Glauce Rocha no Pr\u00e9-Universit\u00e1rio; Teatro Sesc Garagem; Teatro Galp\u00e3o, a prop\u00f3sito do qual Hugo Rodas consigna que <em>\u201cera a sala mais interessante que t\u00ednhamos fora do Teatro Nacional, que ficou fechado durante muito tempo. Era onde se criava, se experimentava. Mas tamb\u00e9m enfrentamos milh\u00f5es de hist\u00f3rias l\u00e1, porque era uma \u00e9poca de repress\u00e3o, o que era um alimento muito forte. \u00c9 um espa\u00e7o que tem uma mem\u00f3ria inacredit\u00e1vel.\u201d<\/em><\/p>\n<p>bem como os\/as professores\/as e os\/as artistas, al\u00e9m dos\/das citados\/das acima, que pontificaram na Capital da Esperan\u00e7a em 1970\/1979 &#8211; Chico Expedito, Gra\u00e7a Veloso, Nivaldo Ramos, D\u00e1cio Lima, Iara Pietricovsky, Dimer Monteiro, Renato Matos, Guilherme Reis, Keila Borges, N\u00e9io L\u00facio, T\u00e2nia Botelho, Johanne Hald-Madsen, Ricardo Torres, Murilo Eckhardt, Ben\u00e9 Setenta, G\u00ea Mart\u00fa, Graziela Rodrigues, Ary P\u00e1ra-R\u00e1ios, Helena Barcellos, B. de Paiva, Luiz Carlos Ripper, Luiz Mendon\u00e7a, L\u00facia Sander, Ana Vicentini, entre outros.<\/p>\n<figure id=\"attachment_1612\" aria-describedby=\"caption-attachment-1612\" style=\"width: 472px\" class=\"wp-caption aligncenter\"><img fetchpriority=\"high\" decoding=\"async\" class=\"size-full wp-image-1612\" src=\"http:\/\/2017.mapati.com.br\/wp-content\/uploads\/2016\/07\/201_claudio_santoro1.jpg\" alt=\"http:\/\/revistacult.uol.com.br\/home\/2010\/09\/150-espacos-culturais\/\" width=\"472\" height=\"294\" srcset=\"https:\/\/mapati.com.br\/blogmapati\/wp-content\/uploads\/2016\/07\/201_claudio_santoro1.jpg 472w, https:\/\/mapati.com.br\/blogmapati\/wp-content\/uploads\/2016\/07\/201_claudio_santoro1-300x187.jpg 300w, https:\/\/mapati.com.br\/blogmapati\/wp-content\/uploads\/2016\/07\/201_claudio_santoro1-200x125.jpg 200w, https:\/\/mapati.com.br\/blogmapati\/wp-content\/uploads\/2016\/07\/201_claudio_santoro1-400x249.jpg 400w\" sizes=\"(max-width: 472px) 100vw, 472px\" \/><figcaption id=\"caption-attachment-1612\" class=\"wp-caption-text\"><span style=\"font-size: 8pt;\">http:\/\/revistacult.uol.com.br\/home\/2010\/09\/150-espacos-culturais\/<\/span><\/figcaption><\/figure>\n<p style=\"text-align: right;\">29 de julho de 2016<\/p>\n<p style=\"text-align: right;\">(201)<\/p>\n<p style=\"text-align: right;\"><span style=\"color: #0000ff;\"><a style=\"color: #0000ff;\" href=\"mailto:mmsmarcos1953@hotmail.com\">mmsmarcos1953@hotmail.com<\/a><\/span><\/p>\n","protected":false},"excerpt":{"rendered":"<p>E prosseguimos na cabine de Fernando Pinheiro Villar e de Eliezer Faleiros de Carvalho, historiadores do teatro de Bras\u00edlia. Nosso trem para na esta\u00e7\u00e3o e o alto falante anuncia: \u201cO in\u00edcio da d\u00e9cada de 1970 apresenta um pequeno movimento que vai se intensificando com o passar dos anos, ainda com uma forte marca\u00e7\u00e3o da censura. O teatro de Bras\u00edlia na d\u00e9cada de 1970 foi feito por uma gera\u00e7\u00e3o de \u2018n\u00e3o brasilienses-brasilienses\u2019, pessoas que come\u00e7am a se identificar como brasilienses e que trazem para a cidade e\/ou mesmo t\u00eam em Bras\u00edlia sua forma\u00e7\u00e3o profissional.\u201d \u00c0 medida que avan\u00e7armos pelos trilhos, iremos informar sobre os pontos culturais de nossa cidade e os passageiros e passageiras \u00a0embarcados em nosso comboio, podendo \u201ctranscrever a transcri\u00e7\u00e3o\u201d de trechos de alguns depoimentos. Eis a primeira fuma\u00e7a art\u00edstica, n\u00e3o por causa do escapamento do caminh\u00e3o-palco do Mapati, sen\u00e3o pelo fato de a pe\u00e7a teatral O auto da Lapinha M\u00e1gica ter aberto a temporada no primeiro ano do per\u00edodo decendial em foco. \u201cA produ\u00e7\u00e3o merece destaque por ser de um autor de Bras\u00edlia, Luiz Gutemberg (que tamb\u00e9m dirigiu o trabalho) e por ter figurinos feitos por Athos Bulc\u00e3o. O espet\u00e1culo acontecia em um caminh\u00e3o e percorria o Distrito Federal, sendo uma forma de divulga\u00e7\u00e3o do teatro para todas as cidades sat\u00e9lites e entorno. Ainda nesse ano o ent\u00e3o ICA torna-se IAA (Instituto de Artes e Arquitetura), no qual foram criados os Departamentos de Arquitetura, de Artes Visuais e Cinema e o de M\u00fasica.\u201d Quanto \u00e0s artes c\u00eanicas no segmento religioso, os autores falam da cria\u00e7\u00e3o, por Irene Carvalho, do TEB \u2013 Teatro Esp\u00edrita de Bras\u00edlia, que, \u201capesar de estar ligado \u00e0 doutrina esp\u00edrita e de apresentar textos psicografados\u201d, carimba sua participa\u00e7\u00e3o no seduzir p\u00fablico ecl\u00e9tico em suas apresenta\u00e7\u00f5es, \u201cconseguindo manter sua estrutura atrav\u00e9s da venda dos ingressos de suas pe\u00e7as.\u201d Nessa mesma seara, e tamb\u00e9m no ano de 1973, os dois autores nos reportam surgimento do Grupo Via Sacra ao Vivo, de Planantina, \u201cidealizado pelo padre Aleixo Szim e que tem a participa\u00e7\u00e3o fundamental de Preto Rezende\u201d, ambos irmanados na encena\u00e7\u00e3o da paix\u00e3o de Cristo, nos prim\u00f3rdios com p\u00fablico de cem pessoas mais ou menos; hoje, milhares de espectadores. H\u00e1 por outra parte anota\u00e7\u00f5es a respeito da (j\u00e1 extinta) Funda\u00e7\u00e3o Cultural do DF, cujo conselho deliberativo,\u201capontado por Jo\u00e3o Antonio como \u2018careta\u2019 era composto por ju\u00edzes e gente ligada \u00e0 ditadura. Jo\u00e3o relata que esses conselheiros \u2018n\u00e3o abriam espa\u00e7o para gente em absoluto, e era meio tabu se apresentar na Martins Penna, que era s\u00f3 para grandes companhias e etc. etc.\u2019\u201d E o livro de apontamentos e registros do teatro brasiliense segue apitando. Destaca os espa\u00e7os criados nessa d\u00e9cada &#8211; Teatro da Escola Parque; Bal\u00e3o de ensaio; Sala Glauce Rocha no Pr\u00e9-Universit\u00e1rio; Teatro Sesc Garagem; Teatro Galp\u00e3o, a prop\u00f3sito do qual Hugo Rodas consigna que \u201cera a sala mais interessante que t\u00ednhamos fora do Teatro Nacional, que ficou fechado durante muito tempo. Era onde se criava, se experimentava. Mas tamb\u00e9m enfrentamos milh\u00f5es de hist\u00f3rias l\u00e1, porque era uma \u00e9poca de repress\u00e3o, o que era um alimento muito forte. \u00c9 um espa\u00e7o que tem uma mem\u00f3ria inacredit\u00e1vel.\u201d bem como os\/as professores\/as e os\/as artistas, al\u00e9m dos\/das citados\/das acima, que pontificaram na Capital da Esperan\u00e7a em 1970\/1979 &#8211; Chico Expedito, Gra\u00e7a Veloso, Nivaldo Ramos, D\u00e1cio Lima, Iara Pietricovsky, Dimer Monteiro, Renato Matos, Guilherme Reis, Keila Borges, N\u00e9io L\u00facio, T\u00e2nia Botelho, Johanne Hald-Madsen, Ricardo Torres, Murilo Eckhardt, Ben\u00e9 Setenta, G\u00ea Mart\u00fa, Graziela Rodrigues, Ary P\u00e1ra-R\u00e1ios, Helena Barcellos, B. de Paiva, Luiz Carlos Ripper, Luiz Mendon\u00e7a, L\u00facia Sander, Ana Vicentini, entre outros. 29 de julho de 2016 (201) mmsmarcos1953@hotmail.com<\/p>\n","protected":false},"author":1,"featured_media":0,"comment_status":"open","ping_status":"open","sticky":false,"template":"","format":"standard","meta":{"footnotes":""},"categories":[1],"tags":[],"class_list":["post-1611","post","type-post","status-publish","format-standard","hentry","category-sem-categoria"],"_links":{"self":[{"href":"https:\/\/mapati.com.br\/blogmapati\/wp-json\/wp\/v2\/posts\/1611","targetHints":{"allow":["GET"]}}],"collection":[{"href":"https:\/\/mapati.com.br\/blogmapati\/wp-json\/wp\/v2\/posts"}],"about":[{"href":"https:\/\/mapati.com.br\/blogmapati\/wp-json\/wp\/v2\/types\/post"}],"author":[{"embeddable":true,"href":"https:\/\/mapati.com.br\/blogmapati\/wp-json\/wp\/v2\/users\/1"}],"replies":[{"embeddable":true,"href":"https:\/\/mapati.com.br\/blogmapati\/wp-json\/wp\/v2\/comments?post=1611"}],"version-history":[{"count":0,"href":"https:\/\/mapati.com.br\/blogmapati\/wp-json\/wp\/v2\/posts\/1611\/revisions"}],"wp:attachment":[{"href":"https:\/\/mapati.com.br\/blogmapati\/wp-json\/wp\/v2\/media?parent=1611"}],"wp:term":[{"taxonomy":"category","embeddable":true,"href":"https:\/\/mapati.com.br\/blogmapati\/wp-json\/wp\/v2\/categories?post=1611"},{"taxonomy":"post_tag","embeddable":true,"href":"https:\/\/mapati.com.br\/blogmapati\/wp-json\/wp\/v2\/tags?post=1611"}],"curies":[{"name":"wp","href":"https:\/\/api.w.org\/{rel}","templated":true}]}}