{"id":1615,"date":"2016-08-05T01:03:12","date_gmt":"2016-08-05T01:03:12","guid":{"rendered":"http:\/\/mapati.com.br\/blog\/?p=1615"},"modified":"2016-08-05T01:03:12","modified_gmt":"2016-08-05T01:03:12","slug":"poemas-de-uma-carioca-desgarrada-xix","status":"publish","type":"post","link":"https:\/\/mapati.com.br\/blogmapati\/poemas-de-uma-carioca-desgarrada-xix\/","title":{"rendered":"Poemas de uma carioca desgarrada (XIX)"},"content":{"rendered":"<p>O poema abaixo n\u00e3o me situa, n\u00e3o me d\u00e1 abrigo.<\/p>\n<p>Nada compreendo da linguagem militar. Antes, tenho meus traumas da era em que a caserna n\u00e3o se restringia \u00e0 caserna &#8211; seus dom\u00ednios, seus lindes se estendiam por todo o pa\u00eds, ame ou deixe-o, fora liberdade.<\/p>\n<p>No recesso da linguagem po\u00e9tica, sou nessa mirada um ignorante absoluto.<\/p>\n<p>De outro lado, na prosa, sou um pouco prosa. Agora mesmo, me transportei para a Montanha M\u00e1gica, obra das mais importantes do s\u00e9culo passado e na qual Thomas Mann, o fant\u00e1stico autor alem\u00e3o agarrado ao Brasil, consigna n\u00e3o raro anfractuosidades.<\/p>\n<p style=\"text-align: center;\"><strong><span style=\"font-family: 'trebuchet ms', geneva, sans-serif;\"><em><u>BARBAC\u00c3<\/u><\/em><\/span><\/strong><\/p>\n<p style=\"text-align: center;\"><span style=\"font-family: 'trebuchet ms', geneva, sans-serif;\"><em>Artif\u00edcio<br \/>\n<\/em><\/span><span style=\"font-family: 'trebuchet ms', geneva, sans-serif;\"><em>Como no fict\u00edcio<br \/>\n<\/em><\/span><span style=\"font-family: 'trebuchet ms', geneva, sans-serif;\"><em>Assim, sem feiti\u00e7o<br \/>\n<\/em><\/span><span style=\"font-family: 'trebuchet ms', geneva, sans-serif;\"><em>Como se sumido<br \/>\n<\/em><\/span><span style=\"font-family: 'trebuchet ms', geneva, sans-serif;\"><em>No que j\u00e1 n\u00e3o era preciso<\/em><\/span><\/p>\n<p style=\"text-align: center;\"><span style=\"font-family: 'trebuchet ms', geneva, sans-serif;\"><em>Esse eu, procuro<br \/>\n<\/em><\/span><span style=\"font-family: 'trebuchet ms', geneva, sans-serif;\"><em>No claro e<br \/>\n<\/em><\/span><span style=\"font-family: 'trebuchet ms', geneva, sans-serif;\"><em>At\u00e9 no escuro<br \/>\n<\/em><\/span><span style=\"font-family: 'trebuchet ms', geneva, sans-serif;\"><em>Do dia<br \/>\n<\/em><\/span><span style=\"font-family: 'trebuchet ms', geneva, sans-serif;\"><em>Na noite<br \/>\n<\/em><\/span><span style=\"font-family: 'trebuchet ms', geneva, sans-serif;\"><em>Sem guia<br \/>\n<\/em><\/span><span style=\"font-family: 'trebuchet ms', geneva, sans-serif;\"><em>Sem lua<br \/>\n<\/em><\/span><span style=\"font-family: 'trebuchet ms', geneva, sans-serif;\"><em>Na rua<br \/>\n<\/em><\/span><span style=\"font-family: 'trebuchet ms', geneva, sans-serif;\"><em>Sem pira<br \/>\n<\/em><\/span><span style=\"font-family: 'trebuchet ms', geneva, sans-serif;\"><em>T\u00e3o pura<br \/>\n<\/em><\/span><span style=\"font-family: 'trebuchet ms', geneva, sans-serif;\"><em>T\u00e3o fria.<\/em><\/span><\/p>\n<p style=\"text-align: center;\"><span style=\"font-family: 'trebuchet ms', geneva, sans-serif;\"><em>Crua.<\/em><\/span><\/p>\n<p style=\"text-align: center;\"><span style=\"font-family: 'trebuchet ms', geneva, sans-serif;\"><em>Sem gira<br \/>\n<\/em><\/span><span style=\"font-family: 'trebuchet ms', geneva, sans-serif;\"><em>Sem curva<br \/>\n<\/em><\/span><span style=\"font-family: 'trebuchet ms', geneva, sans-serif;\"><em>Na reta<br \/>\n<\/em><\/span><span style=\"font-family: 'trebuchet ms', geneva, sans-serif;\"><em>Careta<\/em><\/span><\/p>\n<p style=\"text-align: center;\"><span style=\"font-family: 'trebuchet ms', geneva, sans-serif;\"><em>Louca<\/em><\/span><\/p>\n<p style=\"text-align: center;\"><span style=\"font-family: 'trebuchet ms', geneva, sans-serif;\"><em>Crian\u00e7a<br \/>\n<\/em><\/span><span style=\"font-family: 'trebuchet ms', geneva, sans-serif;\"><em>Sem \u00e2nsia<br \/>\n<\/em><\/span><span style=\"font-family: 'trebuchet ms', geneva, sans-serif;\"><em>Sem luta<br \/>\n<\/em><\/span><span style=\"font-family: 'trebuchet ms', geneva, sans-serif;\"><em>Que nem santa<br \/>\n<\/em><\/span><span style=\"font-family: 'trebuchet ms', geneva, sans-serif;\"><em>Que nem puta<\/em><\/span><\/p>\n<p style=\"text-align: center;\"><span style=\"font-family: 'trebuchet ms', geneva, sans-serif;\"><em>Com for\u00e7a tamanha<br \/>\n<\/em><\/span><span style=\"font-family: 'trebuchet ms', geneva, sans-serif;\"><em>Sem vontade nenhuma<br \/>\n<\/em><\/span><span style=\"font-family: 'trebuchet ms', geneva, sans-serif;\"><em>Toda vestida<\/em><\/span><\/p>\n<p style=\"text-align: center;\"><span style=\"font-family: 'trebuchet ms', geneva, sans-serif;\"><em>Completamente nua<\/em><\/span><\/p>\n<p style=\"text-align: center;\"><span style=\"font-family: 'trebuchet ms', geneva, sans-serif;\"><em>De todo mundo<br \/>\n<\/em><\/span><span style=\"font-family: 'trebuchet ms', geneva, sans-serif;\"><em>Somente sua.<\/em><\/span><\/p>\n<p style=\"text-align: center;\"><span style=\"font-family: 'trebuchet ms', geneva, sans-serif;\"><em>___<\/em><strong><em>Norma Martins<br \/>\n<\/em><\/strong><\/span><span style=\"font-family: 'trebuchet ms', geneva, sans-serif;\"><strong><em>__bHz __<\/em><\/strong><\/span><\/p>\n<figure id=\"attachment_1616\" aria-describedby=\"caption-attachment-1616\" style=\"width: 639px\" class=\"wp-caption aligncenter\"><img fetchpriority=\"high\" decoding=\"async\" class=\" wp-image-1616\" src=\"http:\/\/2017.mapati.com.br\/wp-content\/uploads\/2016\/08\/202_trinca.jpg\" alt=\"http:\/\/www.contemporare.com.br\/blog\/page\/20\/\" width=\"639\" height=\"456\" srcset=\"https:\/\/mapati.com.br\/blogmapati\/wp-content\/uploads\/2016\/08\/202_trinca.jpg 500w, https:\/\/mapati.com.br\/blogmapati\/wp-content\/uploads\/2016\/08\/202_trinca-300x214.jpg 300w, https:\/\/mapati.com.br\/blogmapati\/wp-content\/uploads\/2016\/08\/202_trinca-200x143.jpg 200w, https:\/\/mapati.com.br\/blogmapati\/wp-content\/uploads\/2016\/08\/202_trinca-400x286.jpg 400w\" sizes=\"(max-width: 639px) 100vw, 639px\" \/><figcaption id=\"caption-attachment-1616\" class=\"wp-caption-text\"><span style=\"font-size: 8pt;\">http:\/\/www.contemporare.com.br\/blog\/page\/20\/<\/span><\/figcaption><\/figure>\n<p style=\"text-align: center;\"><span style=\"font-family: 'trebuchet ms', geneva, sans-serif;\"><strong><em>\u00a0<\/em><\/strong><\/span><\/p>\n<p style=\"text-align: right;\">04\/08\/2016<\/p>\n<p style=\"text-align: right;\">(202)<\/p>\n<p style=\"text-align: right;\"><span style=\"color: #0000ff;\"><a style=\"color: #0000ff;\" href=\"mailto:mmsmarcos1953@hotmail.com\">mmsmarcos1953@hotmail.com<\/a><\/span><\/p>\n","protected":false},"excerpt":{"rendered":"<p>O poema abaixo n\u00e3o me situa, n\u00e3o me d\u00e1 abrigo. Nada compreendo da linguagem militar. Antes, tenho meus traumas da era em que a caserna n\u00e3o se restringia \u00e0 caserna &#8211; seus dom\u00ednios, seus lindes se estendiam por todo o pa\u00eds, ame ou deixe-o, fora liberdade. No recesso da linguagem po\u00e9tica, sou nessa mirada um ignorante absoluto. De outro lado, na prosa, sou um pouco prosa. Agora mesmo, me transportei para a Montanha M\u00e1gica, obra das mais importantes do s\u00e9culo passado e na qual Thomas Mann, o fant\u00e1stico autor alem\u00e3o agarrado ao Brasil, consigna n\u00e3o raro anfractuosidades. BARBAC\u00c3 Artif\u00edcio Como no fict\u00edcio Assim, sem feiti\u00e7o Como se sumido No que j\u00e1 n\u00e3o era preciso Esse eu, procuro No claro e At\u00e9 no escuro Do dia Na noite Sem guia Sem lua Na rua Sem pira T\u00e3o pura T\u00e3o fria. Crua. Sem gira Sem curva Na reta Careta Louca Crian\u00e7a Sem \u00e2nsia Sem luta Que nem santa Que nem puta Com for\u00e7a tamanha Sem vontade nenhuma Toda vestida Completamente nua De todo mundo Somente sua. ___Norma Martins __bHz __ \u00a0 04\/08\/2016 (202) mmsmarcos1953@hotmail.com<\/p>\n","protected":false},"author":1,"featured_media":0,"comment_status":"open","ping_status":"open","sticky":false,"template":"","format":"standard","meta":{"footnotes":""},"categories":[1],"tags":[],"class_list":["post-1615","post","type-post","status-publish","format-standard","hentry","category-sem-categoria"],"_links":{"self":[{"href":"https:\/\/mapati.com.br\/blogmapati\/wp-json\/wp\/v2\/posts\/1615","targetHints":{"allow":["GET"]}}],"collection":[{"href":"https:\/\/mapati.com.br\/blogmapati\/wp-json\/wp\/v2\/posts"}],"about":[{"href":"https:\/\/mapati.com.br\/blogmapati\/wp-json\/wp\/v2\/types\/post"}],"author":[{"embeddable":true,"href":"https:\/\/mapati.com.br\/blogmapati\/wp-json\/wp\/v2\/users\/1"}],"replies":[{"embeddable":true,"href":"https:\/\/mapati.com.br\/blogmapati\/wp-json\/wp\/v2\/comments?post=1615"}],"version-history":[{"count":0,"href":"https:\/\/mapati.com.br\/blogmapati\/wp-json\/wp\/v2\/posts\/1615\/revisions"}],"wp:attachment":[{"href":"https:\/\/mapati.com.br\/blogmapati\/wp-json\/wp\/v2\/media?parent=1615"}],"wp:term":[{"taxonomy":"category","embeddable":true,"href":"https:\/\/mapati.com.br\/blogmapati\/wp-json\/wp\/v2\/categories?post=1615"},{"taxonomy":"post_tag","embeddable":true,"href":"https:\/\/mapati.com.br\/blogmapati\/wp-json\/wp\/v2\/tags?post=1615"}],"curies":[{"name":"wp","href":"https:\/\/api.w.org\/{rel}","templated":true}]}}