{"id":16182,"date":"2023-09-18T09:17:45","date_gmt":"2023-09-18T12:17:45","guid":{"rendered":"https:\/\/mapati.com.br\/blogmapati\/?p=16182"},"modified":"2023-10-26T21:10:21","modified_gmt":"2023-10-27T00:10:21","slug":"memorias-memorialistas-lxxxii","status":"publish","type":"post","link":"https:\/\/mapati.com.br\/blogmapati\/memorias-memorialistas-lxxxii\/","title":{"rendered":"Mem\u00f3rias\/ Memorialistas LXXXII"},"content":{"rendered":"\n<p class=\"has-text-align-right\" style=\"font-size:18px\"><em>O que \u00e9 fragmentado, irregular, sem sentido l\u00f3gico e cheio de contradi\u00e7\u00f5es, alguns anos depois, vira uma linda hist\u00f3ria, com irretoc\u00e1vel coes\u00e3o textual, na nossa exposi\u00e7\u00e3o. Nossas gl\u00f3rias e desventuras precisam de um tempo de sedimenta\u00e7\u00e3o para emergirem mais palat\u00e1veis.<\/em><br>&#8211; Leandro Karnal \u2013&nbsp;<\/p>\n\n\n\n<h2 class=\"wp-block-heading has-text-color\" style=\"color:#0e6fa7;font-size:16px;font-style:normal;font-weight:400\">N\u00e3o li toda a Biblia. Nas&nbsp;d\u00e9cadas (sete, conta de mentiroso) de minha&nbsp;sobreviv\u00eancia neste vale de l\u00e1grimas me ative em conhecer parte da obra&nbsp;secular, dedica\u00e7\u00e3o insignificante&nbsp;em termos quantitativos.<\/h2>\n\n\n\n<h2 class=\"wp-block-heading has-text-color\" style=\"color:#0e6fa7;font-size:16px;font-style:normal;font-weight:400\">E olha que, dobrando-me \u00e0 vaidade intelectual, nutro fasc\u00ednio por textos bem articulados, portugu\u00eas casti\u00e7o, os quais, em meu ju\u00edzo, v\u00e3o superar algumas vezes o pr\u00f3prio conte\u00fado do que se entremostra &#8211; na narrativa b\u00edblica em nosso caso.&nbsp;Incursionei&nbsp;pelo Novo Testamento merc\u00ea da doutrina\u00e7\u00e3o dos padres salesianos no Col\u00e9gio Dom Bosco, aqui em Bras\u00edlia, nos idos de 1965\/1967. Me inclinei timidamente para as boas novas talvez para prestigiar&nbsp;Marcos, meu xar\u00e1 e um dos quatro evangelistas.<\/h2>\n\n\n\n<h2 class=\"wp-block-heading has-text-color\" style=\"color:#0e6fa7;font-size:16px;font-style:normal;font-weight:400\">Isso, no entanto, n\u00e3o implicou que eu tivesse a virtude da f\u00e9 divina. Minha inclina\u00e7\u00e3o religiosa, digamos, ruma ao encontro de confiss\u00f5es do Erico Ver\u00edssimo e portanto com elas se identifica. Trazendo novamente \u00e0 cola\u00e7\u00e3o a sabedoria, as li\u00e7\u00f5es do fant\u00e1stico ga\u00facho, dou&nbsp;executoriedade ao meu alvitre constante&nbsp;na parte final da minha postagem neste blog, a de n\u00ba 361, de 29.05.2023.<\/h2>\n\n\n\n<p><\/p>\n\n\n<div class=\"wp-block-image\">\n<figure class=\"aligncenter size-full is-resized\"><img fetchpriority=\"high\" decoding=\"async\" width=\"599\" height=\"679\" src=\"https:\/\/mapati.com.br\/blogmapati\/wp-content\/uploads\/2023\/09\/364_biblia2.png\" alt=\"\" class=\"wp-image-16189\" style=\"width:564px;height:639px\" srcset=\"https:\/\/mapati.com.br\/blogmapati\/wp-content\/uploads\/2023\/09\/364_biblia2.png 599w, https:\/\/mapati.com.br\/blogmapati\/wp-content\/uploads\/2023\/09\/364_biblia2-265x300.png 265w\" sizes=\"(max-width: 599px) 100vw, 599px\" \/><\/figure>\n<\/div>\n\n\n<p><\/p>\n\n\n\n<h2 class=\"wp-block-heading has-text-align-right\" style=\"font-size:16px;font-style:normal;font-weight:400\"><em>\u201cTenho encontrado certa dificuldade em explicar a amigos e leitores a minha posi\u00e7\u00e3o em face de Deus. Repetirei que sou um agn\u00f3stico, isto \u00e9, um homem que n\u00e3o se encontra na posse de provas convincentes que lhe permitam negar ou afirmar a exist\u00eancia dum Criador.<\/em><\/h2>\n\n\n\n<h2 class=\"wp-block-heading has-text-align-right\" style=\"font-size:16px;font-style:normal;font-weight:400\"><em>\u201cPosso, no entanto, afirmar que n\u00e3o sou destitu\u00eddo de sentimento religioso, pois tenho uma genu\u00edna, cordial rever\u00eancia por todas as formas de vida, e um horror invenc\u00edvel \u00e0 viol\u00eancia.<\/em><em><\/em><\/h2>\n\n\n\n<h2 class=\"wp-block-heading has-text-align-right\" style=\"font-size:16px;font-style:normal;font-weight:400\"><em>\u201cSinto grande afei\u00e7\u00e3o e admira\u00e7\u00e3o pela figura hist\u00f3rica de cristo e acredito sinceramente em que, se a \u00e9tica crist\u00e3 fosse realmente posta em pr\u00e1tica, as criaturas humanas poderiam resolver os seus problemas de conviv\u00eancia num mundo que cada dia se complica mais e mais pois leva \u00e0 solid\u00e3o e \u00e0 agressividade.\u201d<\/em><\/h2>\n\n\n\n<h2 class=\"wp-block-heading has-text-color\" style=\"color:#0e6fa7;font-size:16px;font-style:normal;font-weight:400\">Desavir? Tais palavras foram ditas\/escritas h\u00e1 praticamente cinquenta anos, por\u00e9m a impress\u00e3o \u00e9 de que foram dadas a p\u00fablico ontem mesmo. Para ficar na linguagem b\u00edblica, jogue pedras quem por acaso n\u00e3o enxerga que estamos cada vez mais segregados, degredados, com o vezo de subir ao p\u00f3dio ostentando papel de atletas na disputa por medalhas em modalidade&nbsp;que enaltece brutalismo e viol\u00eancia contra o pr\u00f3prio ser humano.<\/h2>\n\n\n\n<h2 class=\"wp-block-heading has-text-color\" style=\"color:#0e6fa7;font-size:16px;font-style:normal;font-weight:400\">Nosso Ver\u00edssimo adensa um paradoxo: o agn\u00f3stico que se torna num profeta ao predizer caracter\u00edsticas de algumas igrejas neopentecostais existentes nos dias de hoje. &nbsp;<\/h2>\n\n\n\n<h2 class=\"wp-block-heading has-text-align-right\" style=\"font-size:16px;font-style:normal;font-weight:400\"><em>\u201c(&#8230;) Infelizmente o que vemos em certos c\u00edrculos religiosos \u00e9 um grande farisa\u00edsmo, um Cristianismo puramente de fachada. Citando, com a devida licen\u00e7a do autor, uma personagem de fic\u00e7\u00e3o (O Dr. Leonardo Gris de&nbsp;<\/em>O Senhor Embaixador<em>), direi que certos homens de neg\u00f3cio que se dizem piedosos conseguiram erguer uma parede de concreto entre suas igrejas e seus escrit\u00f3rios comerciais, de maneira que assim podem n\u00e3o s\u00f3 obedecer ao&nbsp; preceito b\u00edblico segundo o qual a nossa m\u00e3o direita nunca deve procurar saber o que a esquerda faz, como tamb\u00e9m lhes torna poss\u00edvel acariciar ao mesmo tempo com uma das m\u00e3os o Cordeiro de Deus e com a outra o Bezerro de Ouro. E quando algum escritor denuncia essa pr\u00e1tica hip\u00f3crita, a primeira id\u00e9ia que ocorre a esses donos do Poder \u00e9 denunciar o \u2018escriba subversivo\u2019 \u00e0 Pol\u00edcia. (\u2018Para isso pagamos impostos!\u2019)<\/em><em><\/em><\/h2>\n\n\n\n<h2 class=\"wp-block-heading has-text-align-right\" style=\"font-size:16px;font-style:normal;font-weight:400\"><em>\u201cN\u00e3o aceito as f\u00e1bulas b\u00edblicas da Cria\u00e7\u00e3o nem id\u00e9ias como a do Para\u00edso, o pecado original, a Sant\u00edssima Trindade e outras que tais. Acima de tudo n\u00e3o acredito no Inferno e na dana\u00e7\u00e3o eterna. Creio que os crist\u00e3os que admitem essa monstruosidade est\u00e3o insultando o seu Deus, que deveria ser logicamente a encarna\u00e7\u00e3o da suprema bondade e da mais alta justi\u00e7a, isso para n\u00e3o falar na sua capacidade de perdoar. Por outro lado parece-me que aceitar o mito de que os que se comportam bem na vida terrena ganhar\u00e3o o C\u00e9u, onde permanecer\u00e3o por toda a Eternidade fantasiados de anjos, entre nuvens cor-de-rosa, tocando lira e cantando \u2013 seria fazer pouco, muito pouco da imagina\u00e7\u00e3o do Ente Superior que teve capacidade e imagina\u00e7\u00e3o para criar o Universo com tudo quanto nele h\u00e1 \u2013 o que, convenhamos, \u00e9 realmente um feito prodigioso.<\/em><em><\/em><\/h2>\n\n\n\n<h2 class=\"wp-block-heading has-text-align-right\" style=\"font-size:16px;font-style:normal;font-weight:400\"><em>\u201cN\u00e3o, meus amigos, na minha opini\u00e3o um problema da tremenda magnitude desse que envolve o mist\u00e9rio do Universo, de nossa vida e de nossa morte, merece, ou, melhor, exige uma explica\u00e7\u00e3o menos simpl\u00f3ria e pueril do que essa que as Escrituras nos oferecem como chave do grande Enigma.\u201d<\/em><\/h2>\n\n\n\n<h2 class=\"wp-block-heading has-text-color\" style=\"color:#0e6fa7;font-size:16px;font-style:normal;font-weight:400\">Se, montado no alaz\u00e3o do ceticismo, o memorialista n\u00e3o impiedoso desanca a cren\u00e7a absoluta no Ente Superior que vai referida nas Sagradas Escrituras, n\u00e3o deixa ele de capitular em face da beleza arquitet\u00f4nica dos templos e igrejas, onde avultam rituais de puro \u00eaxtase.<\/h2>\n\n\n\n<h2 class=\"wp-block-heading has-text-align-right\" style=\"font-size:16px;font-style:normal;font-weight:400\"><em>\u201cO curioso, entretanto, \u00e9 que n\u00e3o raro me comovo ante a serena grave beleza de certos templos \u2013 principalmente das velhas igrejas e mosteiros rom\u00e2nticos (Este claustr\u00f3fobo ama os claustros!). Quando visitei a Bas\u00edlica de S\u00e3o Francisco, em Assizi, senti a presen\u00e7a do Poverello. Em G\u00eanova, numa meia-noite de S\u00e1bado de Aleluia, assisti a um servi\u00e7o religioso numa antiga igreja g\u00f3tica, que me deslumbrou pela sua colorida pompa lit\u00fargica. Numa memor\u00e1vel manh\u00e3 de domingo, em Paris, na Catedral de Notre Dame, no momento em que o grande \u00f3rg\u00e3o acompanhado de fanfarras rompeu numa tocata de Bach, senti um arrepio em todo o corpo e tive a impress\u00e3o de levitar no ar numa experi\u00eancia quase m\u00edstica, que quero crer tenha sido mais de natureza est\u00e9tica do que propriamente religiosa.\u201d<\/em><\/h2>\n\n\n\n<p class=\"has-text-align-center\" style=\"font-size:20px\"><a href=\"https:\/\/pt.wikipedia.org\/wiki\/Leandro_Karnal\">#Leandro Karnal<\/a><br><a href=\"https:\/\/pt.wikipedia.org\/wiki\/Solo_de_Clarineta\">#Solo de Clarineta 2<\/a><br><a href=\"https:\/\/pt.wikipedia.org\/wiki\/%C3%89rico_Ver%C3%ADssimo\">#Erico Ver\u00edssimo<\/a><br><a href=\"https:\/\/pt.wikipedia.org\/wiki\/B%C3%ADblia\">#B\u00edblia<\/a><\/p>\n\n\n\n<h2 class=\"wp-block-heading has-text-align-right\" style=\"font-size:16px;font-style:normal;font-weight:400\">18\/09\/2023<br>(364)<br><a rel=\"noreferrer noopener\" href=\"mailto:mmsmarcos1953@hotmail.com\" target=\"_blank\">mmsmarcos1953@hotmail.com<\/a><\/h2>\n\n\n\n<p>&nbsp;&nbsp;&nbsp;&nbsp;<\/p>\n\n\n\n<p>&nbsp;&nbsp;&nbsp;&nbsp;&nbsp;&nbsp;<\/p>\n","protected":false},"excerpt":{"rendered":"<p>O que \u00e9 fragmentado, irregular, sem sentido l\u00f3gico e cheio de contradi\u00e7\u00f5es, alguns anos depois, vira uma linda hist\u00f3ria, com irretoc\u00e1vel coes\u00e3o textual, na nossa exposi\u00e7\u00e3o. Nossas gl\u00f3rias e desventuras precisam de um tempo de sedimenta\u00e7\u00e3o para emergirem mais palat\u00e1veis.&#8211; Leandro Karnal \u2013&nbsp; N\u00e3o li toda a Biblia. Nas&nbsp;d\u00e9cadas (sete, conta de mentiroso) de minha&nbsp;sobreviv\u00eancia neste vale de l\u00e1grimas me ative em conhecer parte da obra&nbsp;secular, dedica\u00e7\u00e3o insignificante&nbsp;em termos quantitativos. E olha que, dobrando-me \u00e0 vaidade intelectual, nutro fasc\u00ednio por textos bem articulados, portugu\u00eas casti\u00e7o, os quais, em meu ju\u00edzo, v\u00e3o superar algumas vezes o pr\u00f3prio conte\u00fado do que se entremostra &#8211; na narrativa b\u00edblica em nosso caso.&nbsp;Incursionei&nbsp;pelo Novo Testamento merc\u00ea da doutrina\u00e7\u00e3o dos padres salesianos no Col\u00e9gio Dom Bosco, aqui em Bras\u00edlia, nos idos de 1965\/1967. Me inclinei timidamente para as boas novas talvez para prestigiar&nbsp;Marcos, meu xar\u00e1 e um dos quatro evangelistas. Isso, no entanto, n\u00e3o implicou que eu tivesse a virtude da f\u00e9 divina. Minha inclina\u00e7\u00e3o religiosa, digamos, ruma ao encontro de confiss\u00f5es do Erico Ver\u00edssimo e portanto com elas se identifica. Trazendo novamente \u00e0 cola\u00e7\u00e3o a sabedoria, as li\u00e7\u00f5es do fant\u00e1stico ga\u00facho, dou&nbsp;executoriedade ao meu alvitre constante&nbsp;na parte final da minha postagem neste blog, a de n\u00ba 361, de 29.05.2023. \u201cTenho encontrado certa dificuldade em explicar a amigos e leitores a minha posi\u00e7\u00e3o em face de Deus. Repetirei que sou um agn\u00f3stico, isto \u00e9, um homem que n\u00e3o se encontra na posse de provas convincentes que lhe permitam negar ou afirmar a exist\u00eancia dum Criador. \u201cPosso, no entanto, afirmar que n\u00e3o sou destitu\u00eddo de sentimento religioso, pois tenho uma genu\u00edna, cordial rever\u00eancia por todas as formas de vida, e um horror invenc\u00edvel \u00e0 viol\u00eancia. \u201cSinto grande afei\u00e7\u00e3o e admira\u00e7\u00e3o pela figura hist\u00f3rica de cristo e acredito sinceramente em que, se a \u00e9tica crist\u00e3 fosse realmente posta em pr\u00e1tica, as criaturas humanas poderiam resolver os seus problemas de conviv\u00eancia num mundo que cada dia se complica mais e mais pois leva \u00e0 solid\u00e3o e \u00e0 agressividade.\u201d Desavir? Tais palavras foram ditas\/escritas h\u00e1 praticamente cinquenta anos, por\u00e9m a impress\u00e3o \u00e9 de que foram dadas a p\u00fablico ontem mesmo. Para ficar na linguagem b\u00edblica, jogue pedras quem por acaso n\u00e3o enxerga que estamos cada vez mais segregados, degredados, com o vezo de subir ao p\u00f3dio ostentando papel de atletas na disputa por medalhas em modalidade&nbsp;que enaltece brutalismo e viol\u00eancia contra o pr\u00f3prio ser humano. Nosso Ver\u00edssimo adensa um paradoxo: o agn\u00f3stico que se torna num profeta ao predizer caracter\u00edsticas de algumas igrejas neopentecostais existentes nos dias de hoje. &nbsp; \u201c(&#8230;) Infelizmente o que vemos em certos c\u00edrculos religiosos \u00e9 um grande farisa\u00edsmo, um Cristianismo puramente de fachada. Citando, com a devida licen\u00e7a do autor, uma personagem de fic\u00e7\u00e3o (O Dr. Leonardo Gris de&nbsp;O Senhor Embaixador), direi que certos homens de neg\u00f3cio que se dizem piedosos conseguiram erguer uma parede de concreto entre suas igrejas e seus escrit\u00f3rios comerciais, de maneira que assim podem n\u00e3o s\u00f3 obedecer ao&nbsp; preceito b\u00edblico segundo o qual a nossa m\u00e3o direita nunca deve procurar saber o que a esquerda faz, como tamb\u00e9m lhes torna poss\u00edvel acariciar ao mesmo tempo com uma das m\u00e3os o Cordeiro de Deus e com a outra o Bezerro de Ouro. E quando algum escritor denuncia essa pr\u00e1tica hip\u00f3crita, a primeira id\u00e9ia que ocorre a esses donos do Poder \u00e9 denunciar o \u2018escriba subversivo\u2019 \u00e0 Pol\u00edcia. (\u2018Para isso pagamos impostos!\u2019) \u201cN\u00e3o aceito as f\u00e1bulas b\u00edblicas da Cria\u00e7\u00e3o nem id\u00e9ias como a do Para\u00edso, o pecado original, a Sant\u00edssima Trindade e outras que tais. Acima de tudo n\u00e3o acredito no Inferno e na dana\u00e7\u00e3o eterna. Creio que os crist\u00e3os que admitem essa monstruosidade est\u00e3o insultando o seu Deus, que deveria ser logicamente a encarna\u00e7\u00e3o da suprema bondade e da mais alta justi\u00e7a, isso para n\u00e3o falar na sua capacidade de perdoar. Por outro lado parece-me que aceitar o mito de que os que se comportam bem na vida terrena ganhar\u00e3o o C\u00e9u, onde permanecer\u00e3o por toda a Eternidade fantasiados de anjos, entre nuvens cor-de-rosa, tocando lira e cantando \u2013 seria fazer pouco, muito pouco da imagina\u00e7\u00e3o do Ente Superior que teve capacidade e imagina\u00e7\u00e3o para criar o Universo com tudo quanto nele h\u00e1 \u2013 o que, convenhamos, \u00e9 realmente um feito prodigioso. \u201cN\u00e3o, meus amigos, na minha opini\u00e3o um problema da tremenda magnitude desse que envolve o mist\u00e9rio do Universo, de nossa vida e de nossa morte, merece, ou, melhor, exige uma explica\u00e7\u00e3o menos simpl\u00f3ria e pueril do que essa que as Escrituras nos oferecem como chave do grande Enigma.\u201d Se, montado no alaz\u00e3o do ceticismo, o memorialista n\u00e3o impiedoso desanca a cren\u00e7a absoluta no Ente Superior que vai referida nas Sagradas Escrituras, n\u00e3o deixa ele de capitular em face da beleza arquitet\u00f4nica dos templos e igrejas, onde avultam rituais de puro \u00eaxtase. \u201cO curioso, entretanto, \u00e9 que n\u00e3o raro me comovo ante a serena grave beleza de certos templos \u2013 principalmente das velhas igrejas e mosteiros rom\u00e2nticos (Este claustr\u00f3fobo ama os claustros!). Quando visitei a Bas\u00edlica de S\u00e3o Francisco, em Assizi, senti a presen\u00e7a do Poverello. Em G\u00eanova, numa meia-noite de S\u00e1bado de Aleluia, assisti a um servi\u00e7o religioso numa antiga igreja g\u00f3tica, que me deslumbrou pela sua colorida pompa lit\u00fargica. Numa memor\u00e1vel manh\u00e3 de domingo, em Paris, na Catedral de Notre Dame, no momento em que o grande \u00f3rg\u00e3o acompanhado de fanfarras rompeu numa tocata de Bach, senti um arrepio em todo o corpo e tive a impress\u00e3o de levitar no ar numa experi\u00eancia quase m\u00edstica, que quero crer tenha sido mais de natureza est\u00e9tica do que propriamente religiosa.\u201d #Leandro Karnal#Solo de Clarineta 2#Erico Ver\u00edssimo#B\u00edblia 18\/09\/2023(364)mmsmarcos1953@hotmail.com &nbsp;&nbsp;&nbsp;&nbsp; &nbsp;&nbsp;&nbsp;&nbsp;&nbsp;&nbsp;<\/p>\n","protected":false},"author":1,"featured_media":16190,"comment_status":"open","ping_status":"open","sticky":false,"template":"","format":"standard","meta":{"footnotes":""},"categories":[1],"tags":[],"class_list":["post-16182","post","type-post","status-publish","format-standard","has-post-thumbnail","hentry","category-sem-categoria"],"_links":{"self":[{"href":"https:\/\/mapati.com.br\/blogmapati\/wp-json\/wp\/v2\/posts\/16182","targetHints":{"allow":["GET"]}}],"collection":[{"href":"https:\/\/mapati.com.br\/blogmapati\/wp-json\/wp\/v2\/posts"}],"about":[{"href":"https:\/\/mapati.com.br\/blogmapati\/wp-json\/wp\/v2\/types\/post"}],"author":[{"embeddable":true,"href":"https:\/\/mapati.com.br\/blogmapati\/wp-json\/wp\/v2\/users\/1"}],"replies":[{"embeddable":true,"href":"https:\/\/mapati.com.br\/blogmapati\/wp-json\/wp\/v2\/comments?post=16182"}],"version-history":[{"count":14,"href":"https:\/\/mapati.com.br\/blogmapati\/wp-json\/wp\/v2\/posts\/16182\/revisions"}],"predecessor-version":[{"id":16215,"href":"https:\/\/mapati.com.br\/blogmapati\/wp-json\/wp\/v2\/posts\/16182\/revisions\/16215"}],"wp:featuredmedia":[{"embeddable":true,"href":"https:\/\/mapati.com.br\/blogmapati\/wp-json\/wp\/v2\/media\/16190"}],"wp:attachment":[{"href":"https:\/\/mapati.com.br\/blogmapati\/wp-json\/wp\/v2\/media?parent=16182"}],"wp:term":[{"taxonomy":"category","embeddable":true,"href":"https:\/\/mapati.com.br\/blogmapati\/wp-json\/wp\/v2\/categories?post=16182"},{"taxonomy":"post_tag","embeddable":true,"href":"https:\/\/mapati.com.br\/blogmapati\/wp-json\/wp\/v2\/tags?post=16182"}],"curies":[{"name":"wp","href":"https:\/\/api.w.org\/{rel}","templated":true}]}}