{"id":16272,"date":"2024-06-19T23:37:58","date_gmt":"2024-06-20T02:37:58","guid":{"rendered":"https:\/\/mapati.com.br\/blogmapati\/?p=16272"},"modified":"2024-06-20T12:31:29","modified_gmt":"2024-06-20T15:31:29","slug":"memorias-memorialistas-lxxxiv","status":"publish","type":"post","link":"https:\/\/mapati.com.br\/blogmapati\/memorias-memorialistas-lxxxiv\/","title":{"rendered":"Mem\u00f3rias\/Memorialistas (LXXXIV)"},"content":{"rendered":"\n<p class=\"has-text-align-right\" style=\"font-size:16px\"><em>\u00c0 medida que envelhe\u00e7o, tenho vindo a perder certezas, juntamente com o cabelo. Afinal, amadurecer talvez seja isso \u2014 perder as certezas, aprender a valorizar a d\u00favida e a viver com ela.<\/em><br>&#8211; Jos\u00e9 Eduardo Agualusa &#8211;<\/p>\n\n\n\n<p class=\"has-text-align-left has-text-color has-link-color wp-elements-cab149be632dc9d08b1e1e2f3b3b03d8\" style=\"color:#0e6fa7;font-size:16px\">Intuo j\u00e1 ter cumprido meus deveres para com o Rio Grande do Sul, onde colegas meus de trabalho se transmudaram em amigos e amigas. Uma turma, a mais numerosa, nunca deliberou sair de l\u00e1; uma outra veio dar com os costados em Bras\u00edlia e alguns anos depois se lan\u00e7ou em jornada de regresso aos pampas; e por fim os membros (hoje tamb\u00e9m se diz membras) do terceiro batalh\u00e3o, o menor contingente, que se transferiram para o Quadradinho, guardaram as bombachas nos ba\u00fas e nunca mais se desapegaram daqui, compartindo o fant\u00e1stico c\u00e9u da Capital Federal com seus filhos e filhas e decorrentemente com seus netos e netas.<\/p>\n\n\n\n<p class=\"has-text-align-left has-text-color has-link-color wp-elements-00a865512f4fc59551011724726ce832\" style=\"color:#0e6fa7;font-size:16px\">Minha pequena remessa financeira em prol da brava e valorosa gente ga\u00facha fora procedida na fase do maior desvario das \u00e1guas lamacentas. A atitude como que sequenciou as postagens que nos \u00faltimos meses eu vinha consignando neste blog acerca das mem\u00f3rias do grande Erico Ver\u00edssimo. Uma vez perpassados os dois tomos do \u201cSolo da Clarineta\u201d, sem nenhuma fuma\u00e7a de cr\u00edtica liter\u00e1ria por me faltar compet\u00eancia para tanto, reencontro o quarto volume das mem\u00f3rias do Pedro Nava, \u201cBeira Mar\u201d, do qual eu me mantinha afastado ano e meio.<\/p>\n\n\n\n<p class=\"has-text-align-left has-text-color has-link-color wp-elements-13414eb6b74fb99f5212fba24e6498b2\" style=\"color:#0e6fa7;font-size:16px\">Antes de ir \u00e0s praias da zona sul e ao centro do Rio de Janeiro nas suas recorda\u00e7\u00f5es dispostas nesse livra\u00e7o&nbsp; harm\u00f4nico com a obra toda, &nbsp;o memorialista mineiro deita li\u00e7\u00f5es sobre a Medicina.<\/p>\n\n\n\n<p class=\"has-text-align-right\" style=\"font-size:16px\"><em>\u201cDesde cedo eu estava nos leitos que nos cabiam e examinava uma a uma. Das antigas, retomava a observa\u00e7\u00e3o e anotava a evolu\u00e7\u00e3o de todos os sistemas importantes, verificava cuidadosamente o PTR, o volume urin\u00e1rio, esmiu\u00e7ava se tinham evacuado \u2013 com c\u00f3lica, com puxos? sem dor? muito? pouco? quantas vezes? muitos gases? fezes duras? moles? escuras? claras? (&#8230;).\u201d<\/em><\/p>\n\n\n\n<p class=\"has-text-align-left has-text-color has-link-color wp-elements-994131a33663b60a41d224211c27fcab\" style=\"color:#0e6fa7;font-size:16px\">Ap\u00f3s ouvir as pitorescas representa\u00e7\u00f5es que as pacientes faziam de seus males, o Nava retomava a, digamos assim, consulta.<\/p>\n\n\n\n<p class=\"has-text-align-right\" style=\"font-size:16px\"><em>\u201cA\u00ed era hora de inspecionar a doente. Face, olhos, pupilas, nariz, narinas, boca, l\u00edngua, dentes, express\u00e3o, f\u00e1cies. Posi\u00e7\u00e3o, magreza, gordura, corpo tudo, bra\u00e7os, m\u00e3os, pernas, p\u00e9s, pele, cabelos, pelos, vasos, edemas, vermelhid\u00f5es, palores, livores, suores, cicatrizes, manchas, tatuagens. Vinha depois o exame dos aparelhos. Palpa\u00e7\u00e3o do t\u00f3rax, aplica\u00e7\u00e3o da parte distal dos dedos para captar o fr\u00eamito da voz, sua distribui\u00e7\u00e3o em pontos onde ele \u00e9 mais vibrante ou menos intenso. Timbre da voz. Tonalidade. A percuss\u00e3o cent\u00edmetro por cent\u00edmetro, feita com virtuosidades de pianista: rapidez e firmeza do dedo que percute, prontid\u00e3o do percutido em ser retirado assim que sentiu o recha\u00e7o do som e, simultaneamente, a capta\u00e7\u00e3o deste pelos ouvidos. A eleg\u00e2ncia necess\u00e1ria no colocar e mover das m\u00e3os. A posi\u00e7\u00e3o do m\u00e9dico e do doente. Vinha a ausculta \u2013 primeiro s\u00f3 da inspira\u00e7\u00e3o, depois s\u00f3 da expira\u00e7\u00e3o, em seguida dos dois tempos. Anota\u00e7\u00e3o das variedades de ritmo, dura\u00e7\u00e3o de cada, marca\u00e7\u00e3o do n\u00famero de excurs\u00f5es por minuto. Os ru\u00eddos anormais e seu tempo de apari\u00e7\u00e3o. Passava-se \u00e0 repeti\u00e7\u00e3o dos mesmos recursos para o aparelho circulat\u00f3rio. Palpa\u00e7\u00e3o dos vasos do pesco\u00e7o, procura do batimento da ponta, verifica\u00e7\u00e3o do ronron felino do fr\u00eamito cat\u00e1rio, delimita\u00e7\u00e3o do contorno do cora\u00e7\u00e3o e vasos da base(&#8230;).\u201d<\/em><\/p>\n\n\n\n<p class=\"has-text-align-left has-text-color has-link-color wp-elements-d89898f50cc1d9d7207d9e6f2b234a44\" style=\"color:#0e6fa7;font-size:16px\">At\u00e9 ent\u00e3o, tudo bem. Tudo bem? Primeiro de maio deste penoso 2024, desperto em plena madrugada com fortes dores abdominais. Para quem tem s\u00edndrome do colo irrit\u00e1vel, isso n\u00e3o \u00e9 muito infrequente. Ou melhor, h\u00e1 de vez em quando desconfortos, apenas que nem sempre com intensidade, sendo certo no entanto que a pontada que me fez despertar do sono dos injustos era aguda e estipulava inadi\u00e1vel ida ao hospital.<\/p>\n\n\n\n<p class=\"has-text-align-left has-text-color has-link-color wp-elements-8588d28e915cd0c55213b76e6789ce15\" style=\"color:#0e6fa7;font-size:16px\">Foi o que fiz. Em l\u00e1 chegando, in\u00edcio de manh\u00e3 esplendorosamente radiante, passada uma meia hora fui atendido por um m\u00e9dico de rosto adolescente que me olhou detidamente (quais m\u00e9dicos hoje em dia enxergam o paciente na hora da consulta at\u00f4mica? S\u00e3o poucas perguntas que o do jaleco dirige a pacientes com enfado e olhar fixo na tela do notebook) e mandou que eu me esticasse na maca. Ali, naquele momento, sem embargo da c\u00f3lica at\u00e9 aquele momento invenc\u00edvel, pude estimar que nos seus tempos de faculdade de medicina meu jovem \u201cbombeiro de branco\u201d deve ter se arrimado, e muito, nos ensinamentos do Pedro Nava, m\u00e9dico de ambul\u00e2ncia, m\u00e9dico legista, m\u00e9dico de tudo. Se voc\u00eas n\u00e3o acreditam, detenham-se nas sofistica\u00e7\u00f5es do memorialista na descri\u00e7\u00e3o do que seja bem atender doentes.<\/p>\n\n\n\n<figure class=\"wp-block-image size-full\"><img fetchpriority=\"high\" decoding=\"async\" width=\"546\" height=\"526\" src=\"https:\/\/mapati.com.br\/blogmapati\/wp-content\/uploads\/2024\/06\/369.jpg\" alt=\"\" class=\"wp-image-16289\" srcset=\"https:\/\/mapati.com.br\/blogmapati\/wp-content\/uploads\/2024\/06\/369.jpg 546w, https:\/\/mapati.com.br\/blogmapati\/wp-content\/uploads\/2024\/06\/369-300x289.jpg 300w\" sizes=\"(max-width: 546px) 100vw, 546px\" \/><\/figure>\n\n\n\n<p><\/p>\n\n\n\n<p class=\"has-text-align-right\" style=\"font-size:16px\"><em>\u201cPassava-se ao abdome. O Ari sempre advertia. Conhece-se o m\u00e9dico pela palpa\u00e7\u00e3o do abdome. N\u00e3o \u00e9 amassar\u00a0como quem <\/em>amassa p\u00e3o<em>. No princ\u00edpio simples aplica\u00e7\u00e3o da m\u00e3o bem espalmada \u2013 calor, frio, suor, secura. Depois a palpa\u00e7\u00e3o superficial \u2013 pele, deslizamento, turg\u00eancia. O sinistro sinal de Andral. Depois os m\u00fasculos, sua resist\u00eancia, moleza, renit\u00eancia. O ventre em t\u00e1bua. Em seguida as v\u00edsceras. Os pontos dolorosos \u00e0 compreens\u00e3o, \u00e0 descompress\u00e3o. Bordo do f\u00edgado, ponta do ba\u00e7o, moleza do intestino, \u00fatero gr\u00e1vido, bexiga cheia, fecaloma; al\u00e7a sigm\u00f3ide contra\u00edda correndo sob os dedos como charuto ou rolete ou lingui\u00e7a. Os gargarejos e borgorugmas. Percuss\u00e3o, Macisses de derrame asc\u00e9tico. Timpanismos, Inspec\u00e7\u00e3o. Umbigo, vasos, as circula\u00e7\u00f5es colaterais, a Cabe\u00e7a da Medusa. Os lugares de maior aten\u00e7\u00e3o, como a regi\u00e3o do quadrante inferior direito. O ponto de Mac-Burney. O ap\u00eandice.\u201d<\/em><\/p>\n\n\n\n<p class=\"has-text-align-left has-text-color has-link-color wp-elements-bd29cc5fdfc39794af4623c9d7b52497\" style=\"color:#0e6fa7;font-size:16px\">Epa, isso me for\u00e7a a concluir essa minha hist\u00f3ria recent\u00edssima de dores f\u00edsicas, infec\u00e7\u00e3o e restabelecimento. Depois das palpadelas do\u00eddas e dos resultados do hemograma completo e da tomografia da barriga, o m\u00e9dico anunciou sem estardalha\u00e7o a urg\u00eancia de se fazer minha opera\u00e7\u00e3o de retirada do ap\u00eandice, at\u00e9 essa in\u00e9dita fraquejada meu fiel e perfeito companheiro sem nenhum sobressalto nas nossas muitas e muitas d\u00e9cadas de conviv\u00eancia pac\u00edfica. J\u00e1 eram quase 18h do malfadado Dia do Trabalho, eu viajava grogue na maca que me conduzia ao centro cir\u00fargico.<\/p>\n\n\n\n<p class=\"has-text-align-left has-text-color has-link-color wp-elements-180254b6873438c5f48797ee5b739f71\" style=\"color:#0e6fa7;font-size:16px\">Papai do C\u00e9u, a equipe m\u00e9dica senhora do meu destino se apresentava com m\u00e9dicos, m\u00e9dicas e pessoal da enfermagem mais novos ainda do que meu atendente na triagem do pronto-socorro. \u00d3bvio que minha paranoia e desconfian\u00e7as na capacidade daqueles profissionais de roupas esverdeadas me levaram a considerar que dessa eu n\u00e3o passaria, com embarque j\u00e1 providenciado, tanto que ao longe soavam as trombetas angelicais. Qual nada, no dia seguinte eu j\u00e1 de alta voltava para casa, fagueiro, encorajado e um pouco metido a besta, pela vis\u00edvel recupera\u00e7\u00e3o, exceto os solu\u00e7os meus acompanhantes por dias seguidos e que vira e mexe d\u00e3o o ar da gra\u00e7a,&nbsp;<em>hic<\/em>,&nbsp;<em>hic<\/em>.<\/p>\n\n\n\n<p class=\"has-text-align-left has-text-color has-link-color wp-elements-2e108eb52a87b9fa4967f0415172df95\" style=\"color:#0e6fa7;font-size:16px\">Minha \u201cvingan\u00e7a\u201d contra a malha m\u00e9dica (na c\u00e9lebre express\u00e3o do Jo\u00e3o Ubaldo Ribeiro) que me botou em campo de novo aflora nestes versos transcritos pelo memorialista, na linguagem Mercosul:<\/p>\n\n\n\n<p><\/p>\n\n\n\n<p class=\"has-text-align-center\"><em>El ap\u00eandice, se\u00f1ores<br>Es um organito hueco,<br>Que aunque s\u00f3lo, d\u00e9bil eco<br>De passados, esplendores,<br>tiene para los dotores<br>transcendental import\u00e2ncia,<br>porque em toda circunst\u00e2ncia,<br>lo mismo enfermo que sano,<br>proporciona al cirujano<br>consider\u00e1vel gan\u00e2ncia.<\/em><\/p>\n\n\n\n<p class=\"has-text-align-center\" style=\"font-size:20px\"><a href=\"https:\/\/pt.wikipedia.org\/wiki\/Pedro_Nava\">#Pedro Nava<\/a><br><a href=\"https:\/\/pt.wikipedia.org\/wiki\/Beira-Mar_(livro)\">#Beira-Mar, volume 4<\/a><br><a href=\"https:\/\/pt.wikipedia.org\/wiki\/Jos%C3%A9_Eduardo_Agualusa\">#Jos\u00e9 Eduardo Agualusa<\/a><\/p>\n\n\n\n<p class=\"has-text-align-right\" style=\"font-size:16px\">19\/06\/2024<br>(369)<br><a href=\"mailto:mmsmarcos1953@hotmail.com\" target=\"_blank\" rel=\"noreferrer noopener\">mmsmarcos1953@hotmail.com<\/a><\/p>\n\n\n\n\n\n<figure class=\"wp-block-gallery has-nested-images columns-default is-cropped wp-block-gallery-1 is-layout-flex wp-block-gallery-is-layout-flex\"><\/figure>\n\n\n\n<figure class=\"wp-block-gallery has-nested-images columns-default is-cropped wp-block-gallery-2 is-layout-flex wp-block-gallery-is-layout-flex\"><\/figure>\n","protected":false},"excerpt":{"rendered":"<p>\u00c0 medida que envelhe\u00e7o, tenho vindo a perder certezas, juntamente com o cabelo. Afinal, amadurecer talvez seja isso \u2014 perder as certezas, aprender a valorizar a d\u00favida e a viver com ela.&#8211; Jos\u00e9 Eduardo Agualusa &#8211; Intuo j\u00e1 ter cumprido meus deveres para com o Rio Grande do Sul, onde colegas meus de trabalho se transmudaram em amigos e amigas. Uma turma, a mais numerosa, nunca deliberou sair de l\u00e1; uma outra veio dar com os costados em Bras\u00edlia e alguns anos depois se lan\u00e7ou em jornada de regresso aos pampas; e por fim os membros (hoje tamb\u00e9m se diz membras) do terceiro batalh\u00e3o, o menor contingente, que se transferiram para o Quadradinho, guardaram as bombachas nos ba\u00fas e nunca mais se desapegaram daqui, compartindo o fant\u00e1stico c\u00e9u da Capital Federal com seus filhos e filhas e decorrentemente com seus netos e netas. Minha pequena remessa financeira em prol da brava e valorosa gente ga\u00facha fora procedida na fase do maior desvario das \u00e1guas lamacentas. A atitude como que sequenciou as postagens que nos \u00faltimos meses eu vinha consignando neste blog acerca das mem\u00f3rias do grande Erico Ver\u00edssimo. Uma vez perpassados os dois tomos do \u201cSolo da Clarineta\u201d, sem nenhuma fuma\u00e7a de cr\u00edtica liter\u00e1ria por me faltar compet\u00eancia para tanto, reencontro o quarto volume das mem\u00f3rias do Pedro Nava, \u201cBeira Mar\u201d, do qual eu me mantinha afastado ano e meio. Antes de ir \u00e0s praias da zona sul e ao centro do Rio de Janeiro nas suas recorda\u00e7\u00f5es dispostas nesse livra\u00e7o&nbsp; harm\u00f4nico com a obra toda, &nbsp;o memorialista mineiro deita li\u00e7\u00f5es sobre a Medicina. \u201cDesde cedo eu estava nos leitos que nos cabiam e examinava uma a uma. Das antigas, retomava a observa\u00e7\u00e3o e anotava a evolu\u00e7\u00e3o de todos os sistemas importantes, verificava cuidadosamente o PTR, o volume urin\u00e1rio, esmiu\u00e7ava se tinham evacuado \u2013 com c\u00f3lica, com puxos? sem dor? muito? pouco? quantas vezes? muitos gases? fezes duras? moles? escuras? claras? (&#8230;).\u201d Ap\u00f3s ouvir as pitorescas representa\u00e7\u00f5es que as pacientes faziam de seus males, o Nava retomava a, digamos assim, consulta. \u201cA\u00ed era hora de inspecionar a doente. Face, olhos, pupilas, nariz, narinas, boca, l\u00edngua, dentes, express\u00e3o, f\u00e1cies. Posi\u00e7\u00e3o, magreza, gordura, corpo tudo, bra\u00e7os, m\u00e3os, pernas, p\u00e9s, pele, cabelos, pelos, vasos, edemas, vermelhid\u00f5es, palores, livores, suores, cicatrizes, manchas, tatuagens. Vinha depois o exame dos aparelhos. Palpa\u00e7\u00e3o do t\u00f3rax, aplica\u00e7\u00e3o da parte distal dos dedos para captar o fr\u00eamito da voz, sua distribui\u00e7\u00e3o em pontos onde ele \u00e9 mais vibrante ou menos intenso. Timbre da voz. Tonalidade. A percuss\u00e3o cent\u00edmetro por cent\u00edmetro, feita com virtuosidades de pianista: rapidez e firmeza do dedo que percute, prontid\u00e3o do percutido em ser retirado assim que sentiu o recha\u00e7o do som e, simultaneamente, a capta\u00e7\u00e3o deste pelos ouvidos. A eleg\u00e2ncia necess\u00e1ria no colocar e mover das m\u00e3os. A posi\u00e7\u00e3o do m\u00e9dico e do doente. Vinha a ausculta \u2013 primeiro s\u00f3 da inspira\u00e7\u00e3o, depois s\u00f3 da expira\u00e7\u00e3o, em seguida dos dois tempos. Anota\u00e7\u00e3o das variedades de ritmo, dura\u00e7\u00e3o de cada, marca\u00e7\u00e3o do n\u00famero de excurs\u00f5es por minuto. Os ru\u00eddos anormais e seu tempo de apari\u00e7\u00e3o. Passava-se \u00e0 repeti\u00e7\u00e3o dos mesmos recursos para o aparelho circulat\u00f3rio. Palpa\u00e7\u00e3o dos vasos do pesco\u00e7o, procura do batimento da ponta, verifica\u00e7\u00e3o do ronron felino do fr\u00eamito cat\u00e1rio, delimita\u00e7\u00e3o do contorno do cora\u00e7\u00e3o e vasos da base(&#8230;).\u201d At\u00e9 ent\u00e3o, tudo bem. Tudo bem? Primeiro de maio deste penoso 2024, desperto em plena madrugada com fortes dores abdominais. Para quem tem s\u00edndrome do colo irrit\u00e1vel, isso n\u00e3o \u00e9 muito infrequente. Ou melhor, h\u00e1 de vez em quando desconfortos, apenas que nem sempre com intensidade, sendo certo no entanto que a pontada que me fez despertar do sono dos injustos era aguda e estipulava inadi\u00e1vel ida ao hospital. Foi o que fiz. Em l\u00e1 chegando, in\u00edcio de manh\u00e3 esplendorosamente radiante, passada uma meia hora fui atendido por um m\u00e9dico de rosto adolescente que me olhou detidamente (quais m\u00e9dicos hoje em dia enxergam o paciente na hora da consulta at\u00f4mica? S\u00e3o poucas perguntas que o do jaleco dirige a pacientes com enfado e olhar fixo na tela do notebook) e mandou que eu me esticasse na maca. Ali, naquele momento, sem embargo da c\u00f3lica at\u00e9 aquele momento invenc\u00edvel, pude estimar que nos seus tempos de faculdade de medicina meu jovem \u201cbombeiro de branco\u201d deve ter se arrimado, e muito, nos ensinamentos do Pedro Nava, m\u00e9dico de ambul\u00e2ncia, m\u00e9dico legista, m\u00e9dico de tudo. Se voc\u00eas n\u00e3o acreditam, detenham-se nas sofistica\u00e7\u00f5es do memorialista na descri\u00e7\u00e3o do que seja bem atender doentes. \u201cPassava-se ao abdome. O Ari sempre advertia. Conhece-se o m\u00e9dico pela palpa\u00e7\u00e3o do abdome. N\u00e3o \u00e9 amassar\u00a0como quem amassa p\u00e3o. No princ\u00edpio simples aplica\u00e7\u00e3o da m\u00e3o bem espalmada \u2013 calor, frio, suor, secura. Depois a palpa\u00e7\u00e3o superficial \u2013 pele, deslizamento, turg\u00eancia. O sinistro sinal de Andral. Depois os m\u00fasculos, sua resist\u00eancia, moleza, renit\u00eancia. O ventre em t\u00e1bua. Em seguida as v\u00edsceras. Os pontos dolorosos \u00e0 compreens\u00e3o, \u00e0 descompress\u00e3o. Bordo do f\u00edgado, ponta do ba\u00e7o, moleza do intestino, \u00fatero gr\u00e1vido, bexiga cheia, fecaloma; al\u00e7a sigm\u00f3ide contra\u00edda correndo sob os dedos como charuto ou rolete ou lingui\u00e7a. Os gargarejos e borgorugmas. Percuss\u00e3o, Macisses de derrame asc\u00e9tico. Timpanismos, Inspec\u00e7\u00e3o. Umbigo, vasos, as circula\u00e7\u00f5es colaterais, a Cabe\u00e7a da Medusa. Os lugares de maior aten\u00e7\u00e3o, como a regi\u00e3o do quadrante inferior direito. O ponto de Mac-Burney. O ap\u00eandice.\u201d Epa, isso me for\u00e7a a concluir essa minha hist\u00f3ria recent\u00edssima de dores f\u00edsicas, infec\u00e7\u00e3o e restabelecimento. Depois das palpadelas do\u00eddas e dos resultados do hemograma completo e da tomografia da barriga, o m\u00e9dico anunciou sem estardalha\u00e7o a urg\u00eancia de se fazer minha opera\u00e7\u00e3o de retirada do ap\u00eandice, at\u00e9 essa in\u00e9dita fraquejada meu fiel e perfeito companheiro sem nenhum sobressalto nas nossas muitas e muitas d\u00e9cadas de conviv\u00eancia pac\u00edfica. J\u00e1 eram quase 18h do malfadado Dia do Trabalho, eu viajava grogue na maca que me conduzia ao centro cir\u00fargico. Papai do C\u00e9u, a equipe m\u00e9dica senhora do meu destino se apresentava com m\u00e9dicos, m\u00e9dicas e pessoal da enfermagem mais novos ainda do que meu atendente na triagem do pronto-socorro. \u00d3bvio que minha paranoia e desconfian\u00e7as na capacidade daqueles profissionais de roupas esverdeadas me levaram a considerar que dessa eu n\u00e3o passaria, com embarque j\u00e1 providenciado, tanto que ao longe soavam as trombetas angelicais. Qual nada, no dia seguinte eu j\u00e1 de alta voltava para casa, fagueiro, encorajado e um pouco metido a besta, pela vis\u00edvel recupera\u00e7\u00e3o, exceto os solu\u00e7os meus acompanhantes por dias seguidos e que vira e mexe d\u00e3o o ar da gra\u00e7a,&nbsp;hic,&nbsp;hic. Minha \u201cvingan\u00e7a\u201d contra a malha m\u00e9dica (na c\u00e9lebre express\u00e3o do Jo\u00e3o Ubaldo Ribeiro) que me botou em campo de novo aflora nestes versos transcritos pelo memorialista, na linguagem Mercosul: El ap\u00eandice, se\u00f1oresEs um organito hueco,Que aunque s\u00f3lo, d\u00e9bil ecoDe passados, esplendores,tiene para los dotorestranscendental import\u00e2ncia,porque em toda circunst\u00e2ncia,lo mismo enfermo que sano,proporciona al cirujanoconsider\u00e1vel gan\u00e2ncia. #Pedro Nava#Beira-Mar, volume 4#Jos\u00e9 Eduardo Agualusa 19\/06\/2024(369)mmsmarcos1953@hotmail.com<\/p>\n","protected":false},"author":1,"featured_media":16291,"comment_status":"open","ping_status":"open","sticky":false,"template":"","format":"standard","meta":{"footnotes":""},"categories":[1],"tags":[],"class_list":["post-16272","post","type-post","status-publish","format-standard","has-post-thumbnail","hentry","category-sem-categoria"],"_links":{"self":[{"href":"https:\/\/mapati.com.br\/blogmapati\/wp-json\/wp\/v2\/posts\/16272","targetHints":{"allow":["GET"]}}],"collection":[{"href":"https:\/\/mapati.com.br\/blogmapati\/wp-json\/wp\/v2\/posts"}],"about":[{"href":"https:\/\/mapati.com.br\/blogmapati\/wp-json\/wp\/v2\/types\/post"}],"author":[{"embeddable":true,"href":"https:\/\/mapati.com.br\/blogmapati\/wp-json\/wp\/v2\/users\/1"}],"replies":[{"embeddable":true,"href":"https:\/\/mapati.com.br\/blogmapati\/wp-json\/wp\/v2\/comments?post=16272"}],"version-history":[{"count":14,"href":"https:\/\/mapati.com.br\/blogmapati\/wp-json\/wp\/v2\/posts\/16272\/revisions"}],"predecessor-version":[{"id":16299,"href":"https:\/\/mapati.com.br\/blogmapati\/wp-json\/wp\/v2\/posts\/16272\/revisions\/16299"}],"wp:featuredmedia":[{"embeddable":true,"href":"https:\/\/mapati.com.br\/blogmapati\/wp-json\/wp\/v2\/media\/16291"}],"wp:attachment":[{"href":"https:\/\/mapati.com.br\/blogmapati\/wp-json\/wp\/v2\/media?parent=16272"}],"wp:term":[{"taxonomy":"category","embeddable":true,"href":"https:\/\/mapati.com.br\/blogmapati\/wp-json\/wp\/v2\/categories?post=16272"},{"taxonomy":"post_tag","embeddable":true,"href":"https:\/\/mapati.com.br\/blogmapati\/wp-json\/wp\/v2\/tags?post=16272"}],"curies":[{"name":"wp","href":"https:\/\/api.w.org\/{rel}","templated":true}]}}