{"id":16327,"date":"2024-10-29T09:17:04","date_gmt":"2024-10-29T12:17:04","guid":{"rendered":"https:\/\/mapati.com.br\/blogmapati\/?p=16327"},"modified":"2024-10-29T18:08:16","modified_gmt":"2024-10-29T21:08:16","slug":"a-historia-e-amarela-2-pele","status":"publish","type":"post","link":"https:\/\/mapati.com.br\/blogmapati\/a-historia-e-amarela-2-pele\/","title":{"rendered":"A Hist\u00f3ria \u00e9 amarela 2 (Pel\u00e9)"},"content":{"rendered":"\n<p class=\"has-text-align-right\" style=\"font-size:16px\"><em>Para onde v\u00e3o os dias que passam? Ser\u00e1 que desaparecem como a mulher do m\u00e1gico, no circo? Contudo, a mulher do m\u00e1gico n\u00e3o desaparece, apenas muda de lugar. (&#8230;). Talvez o tempo, em vez de se parecer com uma seta, avan\u00e7ando de um territ\u00f3rio conhecido para a escurid\u00e3o do futuro, seja, afinal, circular e repetido.<\/em><br><em>&#8211;&nbsp;Jos\u00e9 Eduardo Agualusa&nbsp;\u2013<\/em><\/p>\n\n\n\n<p class=\"has-text-align-left has-text-color has-link-color wp-elements-669de29d0ae974b9fd254c56396dbbf7\" style=\"color:#0e6fa7;font-size:16px\">Jornal do Brasil, primeira metade dos anos 1980, se bem me recordo. Confessava o Mill\u00f4r Fernandes que, ao chegar \u00e0 se\u00e7\u00e3o dos(as) colunistas, lia a p\u00e1gina, n\u00e3o todo o conte\u00fado, pulava um padre aqui, um outro ali. Fosse hoje, o humorista iria caprichar no salto dos artigos assinados por pastores e pastoras, neopentecostais ou n\u00e3o.<\/p>\n\n\n\n<p class=\"has-text-align-left has-text-color has-link-color wp-elements-d6eec31858fdc7adf23cd90910fea749\" style=\"color:#0e6fa7;font-size:16px\">Nesta nossa incurs\u00e3o ainda em fase larvar na&nbsp;<em>Hist\u00f3ria \u00e9 amarela<\/em>, n\u00e3o secundaremos a VEJA nos apropriando de todas as entrevistas reproduzidas no livro que intitula esta postagem. Iremos, isto sim, transpor os obst\u00e1culos erigidos pela organiza\u00e7\u00e3o do evento h\u00edpico nos quais tamb\u00e9m se aboletam&#8230; economistas, deixando que fiquem ao vento e sem documento, numa prepara\u00e7\u00e3o processual de rito sum\u00e1rio que culminar\u00e1 em cancelamento dos seus mandatos de entrevistado(s) das P\u00e1ginas Amarelas da revista semanal.<\/p>\n\n\n\n<p class=\"has-text-align-left has-text-color has-link-color wp-elements-99f6ef439a93c263a97230dd5eac2255\" style=\"color:#0e6fa7;font-size:16px\">Um al\u00edvio n\u00e3o ser constrangido(a) a ler determinados jarg\u00f5es. Por exemplo:&nbsp;<em>tiro no p\u00e9<\/em>,&nbsp;<em>metas de infla\u00e7\u00e3o<\/em>,<em>&nbsp;dever de casa<\/em>,&nbsp;<em>grau de investimento<\/em>,<em>&nbsp;reforma administrativa<\/em>,&nbsp;<em>d\u00e9ficit previdenci\u00e1rio<\/em>,&nbsp;<em>precifica\u00e7\u00e3o<\/em>,<em>&nbsp;crescimento sustentado<\/em>,&nbsp;<em>voo de galinha<\/em>&nbsp;(quando o crescimento n\u00e3o est\u00e1 vinculado \u00e0s causas que o mercado professa),&nbsp;<em>bancariza\u00e7\u00e3o<\/em>,&nbsp;<em>os juros devem subir ainda mais&nbsp;<\/em>(rola sempre \u00e0s v\u00e9speras das reuni\u00f5es do Copom para legitimar engorda da Selic),&nbsp;<em>or\u00e7amento das estatais<\/em>,&nbsp;<em>barreiras \u00e0 entrada, teto de gastos<\/em>,&nbsp;<em>piso salarial<\/em>,&nbsp;<em>\u00e2ncora cambial<\/em>,&nbsp;<em>demanda aquecida<\/em>,&nbsp;<em>super\u00e1vit prim\u00e1rio<\/em>,&nbsp;<em>expectativas do mercado<\/em>.<\/p>\n\n\n\n<p class=\"has-text-align-left has-text-color has-link-color wp-elements-267f99d6dcb7d196cbd5d85b2ce02802\" style=\"color:#0e6fa7;font-size:16px\">Alcancemos a segunda camada. Observa\u00e7\u00e3o: voc\u00eas notaram como &#8220;camada&#8221; nos \u00faltimos meses n\u00e3o sai dos artigos veiculados na imprensa? Os dicion\u00e1rios d\u00e3o, como sin\u00f4nimos, classe, categoria, n\u00edvel, esfera, status, posi\u00e7\u00e3o, casta. Renitente, o voc\u00e1bulo se presta \u00e0 antropologia, \u00e0 pol\u00edtica, ao esporte, \u00e0 sociologia. Em suma, a qualquer narrativa (essa \u00e9 campe\u00e3 absoluta, reinado longo).<\/p>\n\n\n\n<p class=\"has-text-align-left has-text-color has-link-color wp-elements-a9b5beaceeabc84c1c6cd360be0fb4a5\" style=\"color:#0e6fa7;font-size:16px\">J\u00e1 estamos, pois, no segundo degrau, passou da hora de escalar uma das principais estrelas do rol de entrevistados(as) do livro em tela: Edson Arantes do Nascimento.<\/p>\n\n\n<div class=\"wp-block-image\">\n<figure class=\"aligncenter size-full is-resized\"><img fetchpriority=\"high\" decoding=\"async\" width=\"700\" height=\"982\" src=\"https:\/\/mapati.com.br\/blogmapati\/wp-content\/uploads\/2024\/10\/372_Pele2.webp\" alt=\"\" class=\"wp-image-16343\" style=\"width:492px;height:auto\" srcset=\"https:\/\/mapati.com.br\/blogmapati\/wp-content\/uploads\/2024\/10\/372_Pele2.webp 700w, https:\/\/mapati.com.br\/blogmapati\/wp-content\/uploads\/2024\/10\/372_Pele2-214x300.webp 214w\" sizes=\"(max-width: 700px) 100vw, 700px\" \/><figcaption class=\"wp-element-caption\"><em>Wikimedia Commons<\/em><\/figcaption><\/figure>\n<\/div>\n\n\n<p class=\"has-text-color has-link-color wp-elements-1a095da0984af5d13ec218a791e18fd1\" style=\"color:#0e6fa7;font-size:16px\">De modo diverso ao da primeira postagem desta s\u00e9rie, n\u00e3o haver\u00e1 refer\u00eancia \u00e0s palavras do entrevistador. Na sua introdu\u00e7\u00e3o da mat\u00e9ria, Oswaldo Amorim limitou-se a descrever o extenso, insuper\u00e1vel curr\u00edculo do entrevistado, revelando ao depois suas qualidades de bom rep\u00f3rter na formula\u00e7\u00e3o das perguntas.<\/p>\n\n\n\n<p class=\"has-text-color has-link-color wp-elements-e7f090b3d54b22d407aa077b152433d7\" style=\"color:#0e6fa7;font-size:16px\">O&nbsp;<em>Rei<\/em>&nbsp;era um docinho de coco, mas quando achava justo reagia em campo, no conforto da inexist\u00eancia do VAR, distribuindo caneladas no agressor. Ou\u00e7amos os dois entrevistados, o Edson, pai duma menina, e o Pel\u00e9, dos dribles, das arrancadas, do gol de bicicleta, do p\u00eanalti indefens\u00e1vel.<\/p>\n\n\n\n<ul class=\"wp-block-list\">\n<li style=\"font-size:16px\">Ser famoso n\u00e3o cansa. Mas cria muitos problemas. Por exemplo, dificilmente posso escolher lugar em avi\u00e3o, porque sempre aparecem pessoas pedindo aut\u00f3grafos antes mesmo de eu entrar. Resultado: na maioria das vezes, sou o \u00faltimo a me sentar;<br><br><\/li>\n\n\n\n<li style=\"font-size:16px\">Se eu tiver um filho, vou procurar encaminh\u00e1-lo e ajud\u00e1-lo ao m\u00e1ximo na carreira que ele mesmo escolher (<em>desilus\u00e3o com seu filho Edinho, goleiro do Santos, preso por tr\u00e1fico de drogas e lavagem de dinheiro<\/em>);<br><br><\/li>\n\n\n\n<li style=\"font-size:16px\">Nunca houve nada disso comigo (<em>racismo<\/em>). Em parte alguma. Certa vez, num hotel de Dacar, no Senegal, v\u00e1rias pessoas juntaram-se na porta para me ver. A dona do hotel disse que elas pareciam selvagens e um policial negro a prendeu. Mais tarde, pediram-me que intercedesse pela liberta\u00e7\u00e3o da mulher. Eu disse que n\u00e3o faria isso, pois ela ofendera gente da minha cor, que apenas queria me ver;<br><br><\/li>\n\n\n\n<li style=\"font-size:16px\">&#8230; acredito, realmente, que nenhuma pessoa deveria abandonar o seu lar. Talvez eu pense assim porque a coisa que mais adoro \u00e9 a minha fam\u00edlia (<em>tr\u00eas casamentos e sete filhos\/as, fora os namoricos com\u00a0<\/em>famosas);}<br><br><\/li>\n\n\n\n<li style=\"font-size:16px\">Qualquer jogador precisa saber qual o advers\u00e1rio que est\u00e1 enfrentando. Se o marcador \u00e9 maldoso, devemos usar maldade contra ele. Se o marcador \u00e9 duro, mas leal, tamb\u00e9m devemos usar a lealdade. Se ele \u00e9 apenas violento, quando surgem as bolas divididas eu entro preparado para ganhar o lance. O revide, por\u00e9m, acontece numa hora de descontrole. Al\u00e9m disso, d\u00e1 expuls\u00e3o de campo;<br><br><\/li>\n\n\n\n<li style=\"font-size:16px\">Eu rezo normalmente todos os dias. Mas rezo tamb\u00e9m antes de entrar em campo. Sou cat\u00f3lico, e a minha f\u00e9 serve para me estimular nos momentos mais dif\u00edceis;<br><br><\/li>\n\n\n\n<li style=\"font-size:16px\">Estou certo de que o jogador brasileiro j\u00e1 v\u00ea o futebol como profiss\u00e3o. Ele sente tudo o que pode ganhar com o esporte. Hoje (<em>lembremos, novembro de 1969<\/em>) o jogador j\u00e1 se dedica muito mais ao seu trabalho de futebolista. Al\u00e9m disso, sabe como agir fora do esporte. Eu, por exemplo, lucro muito mais com a publicidade do que com a bola;<br><br><\/li>\n\n\n\n<li style=\"font-size:16px\">Eu j\u00e1 fui pobre e bastante feliz, gra\u00e7as a Deus. A felicidade n\u00e3o depende da riqueza. O dinheiro \u00e9 apenas uma parte da vida;<br><br><\/li>\n\n\n\n<li style=\"font-size:16px\">Sempre evitei que comentassem isso (<em>caridade<\/em>). Aqueles que precisam de ajuda ficariam chocados se eu me aproveitasse deles para fazer publicidade;<br><br><\/li>\n\n\n\n<li style=\"font-size:16px\">O gol, para mim, \u00e9 um momento de explos\u00e3o. Eu sinto isso desde garoto;<br><br><\/li>\n\n\n\n<li style=\"font-size:16px\">Eu sempre quis ser aviador. Mas j\u00e1 estou cansado de tantas viagens. Prefiro ser ator. Eu me sinto muito bem trabalhando na TV;<br><br><\/li>\n\n\n\n<li style=\"font-size:16px\">Eu quero ser pai de um menino.&nbsp;<\/li>\n<\/ul>\n\n\n\n<p class=\"has-text-align-center has-medium-font-size\"><a href=\"https:\/\/pt.wikipedia.org\/wiki\/Jos%C3%A9_Eduardo_Agualusa\">#Jos\u00e9 Eduardo Agualusa<\/a><br><a href=\"https:\/\/pt.wikipedia.org\/wiki\/Pel%C3%A9\">#Pel\u00e9<\/a><br><a href=\"https:\/\/pt.wikipedia.org\/wiki\/Veja\">#Revista Veja<\/a><br><a href=\"https:\/\/veja.abril.com.br\/paginas-amarelas\">#P\u00e1ginas Amarelas<\/a><br><a href=\"#Jornalista Oswaldo Amorim\">#Jornalista Oswaldo Amorim&nbsp;<\/a><\/p>\n\n\n\n<p class=\"has-text-align-right\">29\/10\/2024<br>(372)<br><a href=\"mailto:mmsmarcos1953@hotmail.com\" target=\"_blank\" rel=\"noreferrer noopener\">mmsmarcos1953@hotmail.com<\/a><\/p>\n","protected":false},"excerpt":{"rendered":"<p>Para onde v\u00e3o os dias que passam? Ser\u00e1 que desaparecem como a mulher do m\u00e1gico, no circo? Contudo, a mulher do m\u00e1gico n\u00e3o desaparece, apenas muda de lugar. (&#8230;). Talvez o tempo, em vez de se parecer com uma seta, avan\u00e7ando de um territ\u00f3rio conhecido para a escurid\u00e3o do futuro, seja, afinal, circular e repetido.&#8211;&nbsp;Jos\u00e9 Eduardo Agualusa&nbsp;\u2013 Jornal do Brasil, primeira metade dos anos 1980, se bem me recordo. Confessava o Mill\u00f4r Fernandes que, ao chegar \u00e0 se\u00e7\u00e3o dos(as) colunistas, lia a p\u00e1gina, n\u00e3o todo o conte\u00fado, pulava um padre aqui, um outro ali. Fosse hoje, o humorista iria caprichar no salto dos artigos assinados por pastores e pastoras, neopentecostais ou n\u00e3o. Nesta nossa incurs\u00e3o ainda em fase larvar na&nbsp;Hist\u00f3ria \u00e9 amarela, n\u00e3o secundaremos a VEJA nos apropriando de todas as entrevistas reproduzidas no livro que intitula esta postagem. Iremos, isto sim, transpor os obst\u00e1culos erigidos pela organiza\u00e7\u00e3o do evento h\u00edpico nos quais tamb\u00e9m se aboletam&#8230; economistas, deixando que fiquem ao vento e sem documento, numa prepara\u00e7\u00e3o processual de rito sum\u00e1rio que culminar\u00e1 em cancelamento dos seus mandatos de entrevistado(s) das P\u00e1ginas Amarelas da revista semanal. Um al\u00edvio n\u00e3o ser constrangido(a) a ler determinados jarg\u00f5es. Por exemplo:&nbsp;tiro no p\u00e9,&nbsp;metas de infla\u00e7\u00e3o,&nbsp;dever de casa,&nbsp;grau de investimento,&nbsp;reforma administrativa,&nbsp;d\u00e9ficit previdenci\u00e1rio,&nbsp;precifica\u00e7\u00e3o,&nbsp;crescimento sustentado,&nbsp;voo de galinha&nbsp;(quando o crescimento n\u00e3o est\u00e1 vinculado \u00e0s causas que o mercado professa),&nbsp;bancariza\u00e7\u00e3o,&nbsp;os juros devem subir ainda mais&nbsp;(rola sempre \u00e0s v\u00e9speras das reuni\u00f5es do Copom para legitimar engorda da Selic),&nbsp;or\u00e7amento das estatais,&nbsp;barreiras \u00e0 entrada, teto de gastos,&nbsp;piso salarial,&nbsp;\u00e2ncora cambial,&nbsp;demanda aquecida,&nbsp;super\u00e1vit prim\u00e1rio,&nbsp;expectativas do mercado. Alcancemos a segunda camada. Observa\u00e7\u00e3o: voc\u00eas notaram como &#8220;camada&#8221; nos \u00faltimos meses n\u00e3o sai dos artigos veiculados na imprensa? Os dicion\u00e1rios d\u00e3o, como sin\u00f4nimos, classe, categoria, n\u00edvel, esfera, status, posi\u00e7\u00e3o, casta. Renitente, o voc\u00e1bulo se presta \u00e0 antropologia, \u00e0 pol\u00edtica, ao esporte, \u00e0 sociologia. Em suma, a qualquer narrativa (essa \u00e9 campe\u00e3 absoluta, reinado longo). J\u00e1 estamos, pois, no segundo degrau, passou da hora de escalar uma das principais estrelas do rol de entrevistados(as) do livro em tela: Edson Arantes do Nascimento. De modo diverso ao da primeira postagem desta s\u00e9rie, n\u00e3o haver\u00e1 refer\u00eancia \u00e0s palavras do entrevistador. Na sua introdu\u00e7\u00e3o da mat\u00e9ria, Oswaldo Amorim limitou-se a descrever o extenso, insuper\u00e1vel curr\u00edculo do entrevistado, revelando ao depois suas qualidades de bom rep\u00f3rter na formula\u00e7\u00e3o das perguntas. O&nbsp;Rei&nbsp;era um docinho de coco, mas quando achava justo reagia em campo, no conforto da inexist\u00eancia do VAR, distribuindo caneladas no agressor. Ou\u00e7amos os dois entrevistados, o Edson, pai duma menina, e o Pel\u00e9, dos dribles, das arrancadas, do gol de bicicleta, do p\u00eanalti indefens\u00e1vel. #Jos\u00e9 Eduardo Agualusa#Pel\u00e9#Revista Veja#P\u00e1ginas Amarelas#Jornalista Oswaldo Amorim&nbsp; 29\/10\/2024(372)mmsmarcos1953@hotmail.com<\/p>\n","protected":false},"author":1,"featured_media":16335,"comment_status":"open","ping_status":"open","sticky":false,"template":"","format":"standard","meta":{"footnotes":""},"categories":[1],"tags":[],"class_list":["post-16327","post","type-post","status-publish","format-standard","has-post-thumbnail","hentry","category-sem-categoria"],"_links":{"self":[{"href":"https:\/\/mapati.com.br\/blogmapati\/wp-json\/wp\/v2\/posts\/16327","targetHints":{"allow":["GET"]}}],"collection":[{"href":"https:\/\/mapati.com.br\/blogmapati\/wp-json\/wp\/v2\/posts"}],"about":[{"href":"https:\/\/mapati.com.br\/blogmapati\/wp-json\/wp\/v2\/types\/post"}],"author":[{"embeddable":true,"href":"https:\/\/mapati.com.br\/blogmapati\/wp-json\/wp\/v2\/users\/1"}],"replies":[{"embeddable":true,"href":"https:\/\/mapati.com.br\/blogmapati\/wp-json\/wp\/v2\/comments?post=16327"}],"version-history":[{"count":12,"href":"https:\/\/mapati.com.br\/blogmapati\/wp-json\/wp\/v2\/posts\/16327\/revisions"}],"predecessor-version":[{"id":16352,"href":"https:\/\/mapati.com.br\/blogmapati\/wp-json\/wp\/v2\/posts\/16327\/revisions\/16352"}],"wp:featuredmedia":[{"embeddable":true,"href":"https:\/\/mapati.com.br\/blogmapati\/wp-json\/wp\/v2\/media\/16335"}],"wp:attachment":[{"href":"https:\/\/mapati.com.br\/blogmapati\/wp-json\/wp\/v2\/media?parent=16327"}],"wp:term":[{"taxonomy":"category","embeddable":true,"href":"https:\/\/mapati.com.br\/blogmapati\/wp-json\/wp\/v2\/categories?post=16327"},{"taxonomy":"post_tag","embeddable":true,"href":"https:\/\/mapati.com.br\/blogmapati\/wp-json\/wp\/v2\/tags?post=16327"}],"curies":[{"name":"wp","href":"https:\/\/api.w.org\/{rel}","templated":true}]}}