{"id":16387,"date":"2025-01-29T22:07:52","date_gmt":"2025-01-30T01:07:52","guid":{"rendered":"https:\/\/mapati.com.br\/blogmapati\/?p=16387"},"modified":"2025-01-29T22:07:53","modified_gmt":"2025-01-30T01:07:53","slug":"retiro-o-que-eu-disse","status":"publish","type":"post","link":"https:\/\/mapati.com.br\/blogmapati\/retiro-o-que-eu-disse\/","title":{"rendered":"Retiro o que eu disse"},"content":{"rendered":"\n<p class=\"has-text-align-right\"><em>Quando trabalhava com personagens, uma coisa que me agradava era quando ele ganhava vida pr\u00f3pria. Parece clich\u00ea de autora de quadrinhos, mas \u00e9 verdade, acontece. Quando ele reflete de uma maneira completa e harmoniosa, quando h\u00e1 sintonia entre criadora e criatura, acontece de ele te surpreender. Quando voc\u00ea percebe, j\u00e1 fez. E voc\u00ea pensa: &#8220;De onde\u00a0 saiu \u2002isso?<\/em><br>&#8211; Laerte &#8211;<\/p>\n\n\n\n<p class=\"has-text-color has-link-color wp-elements-ce18155446d62be5dc0eab5ccff50f9a\" style=\"color:#0e6fa7;font-size:16px\">O nome \u00e9 \u00f3timo, embute confiss\u00e3o e arrependimento. \u00c9 sob esse r\u00f3tulo que a dupla de atores Nelson Freitas e Stepan Nercessian idealizou&nbsp;<em>poadcast<\/em>&nbsp;para receber personalidades das \u00e1reas do cinema, do teatro e da televis\u00e3o, que tomam assento e desempenham papel de entrevistado(a), desandando a contar as mais saborosas&nbsp;hist\u00f3rias dos bastidores da vida art\u00edstica.<\/p>\n\n\n\n<p class=\"has-text-color has-link-color wp-elements-921b02f1a3256b7029595a95bd44416b\" style=\"color:#0e6fa7;font-size:16px\">Vindo \u00e0 luz em outubro de 2024, o programa foca no passado e sem embargo lan\u00e7a luzes no futuro ao dar aulas multidisciplinares para quem pretende seguir nessa carreira de ator\/atriz, na maioria das vezes pouco promissora, muitas promiss\u00f3rias para sustentar uma produ\u00e7\u00e3o, a justificar o que meu pai vez em quando observava e eu parafraseio: ora cal\u00e7a de veludo, ora bumbum de fora (aqui, n\u00e3o \u00e9 show de&nbsp;<em>strip<\/em>, \u00e9 met\u00e1fora da indefect\u00edvel falta de grana da classe &#8211; nos \u00faltimos tempos, agravada pelo contrato por trabalho certo, folha de pagamento minguada, o anel que tu me deste era vidro e se quebrou).<\/p>\n\n\n\n<p class=\"has-text-color has-link-color wp-elements-8b49f0f7bfa02463921760107cfd438b\" style=\"color:#0e6fa7;font-size:16px\">Rodada \u00e0s quintas-feiras em est\u00fadio &#8220;nababesco&#8221;, envidra\u00e7ado &#8211; o p\u00fablico \u00e0s vezes para e d\u00e1 tchauzinho -, num shopping de Jacarepagu\u00e1 (bairro da zona oeste do Rio de Janeiro, longe pra karila do centro da cidade), a iniciativa tem o declarado e merit\u00f3rio objetivo de angariar recursos financeiros em prol do tamb\u00e9m situado em Jacarepagu\u00e1 Retiro dos Artistas, advindo da\u00ed, desse trocadilho, a pertin\u00eancia do nome do programa.<\/p>\n\n\n\n<p class=\"has-text-color has-link-color wp-elements-91ca9f9c2a2522bfc1a2ae6efcfed51f\" style=\"color:#0e6fa7;font-size:16px\">Durante a transmiss\u00e3o, s\u00e3o reiterados os pedidos dos dois apresentadores para que apontemos nosso celular para o QR Code na tela de modo a enviar quantias destinadas \u00e0 manuten\u00e7\u00e3o do relevant\u00edssimo espa\u00e7o de conviv\u00eancia e guarida para quem, j\u00e1 na \u00faltima quadra da vida, n\u00e3o consegue morar sozinho, seja por precisar ter companhia de algu\u00e9m em casa, seja por hipossufici\u00eancia financeira. Esse lar coletivo, disposto como se fora uma vila de casa, n\u00e3o \u00e9 um asilo como a gente conhece e despreza. O &#8220;Retiro&#8221; vem sendo presidido pelo Stepan h\u00e1 mais de vinte e dois anos, que ademais andou um bom tempo \u00e0 frente do sindicato dos artistas da ex-Guanabara, e pretendo visit\u00e1-lo em abril pr\u00f3ximo, quando completarei a bilion\u00e9sima oitava viagem a minha terra.<\/p>\n\n\n\n<p class=\"has-text-color has-link-color wp-elements-0d0e6d390c440efb1c9e268cf1ababe6\" style=\"color:#0e6fa7;font-size:16px\">O clima \u00e9 de galhofa (epa! o Stepan tirou o t\u00eanis e assim ficar\u00e1 at\u00e9 o final), um apresentador esculachando o outro quase que o tempo todo, por\u00e9m \u00e9 evidente que ambos se gostam e se admiram, decerto dois colegas e amigos de longa data. Tratam com total respeito e, n\u00e3o raro, admira\u00e7\u00e3o, todos(as) os(as) artistas que at\u00e9 o momento compareceram para dar entrevistas e contar suas realiza\u00e7\u00f5es e perip\u00e9cias, a grande maioria contempor\u00e2nea entre si, numa dedu\u00e7\u00e3o l\u00f3gica turma do 50+ at\u00e9 ao 70+.<\/p>\n\n\n\n<p class=\"has-text-color has-link-color wp-elements-4087c8dfc957aca033cc5102660fad14\" style=\"color:#0e6fa7;font-size:16px\">N\u00e3o se impressionem negativamente, o programa&nbsp;n\u00e3o \u00e9 bolorento, estacionado no passado, nada disso. As narrativas se desenrolam com tanta verve, humor desbragado, nos levando a prever que ir\u00e1 durar muito, apesar de que o Nelson n\u00e3o passa minuto sem dizer que a atra\u00e7\u00e3o tem seis ouvintes, que a respeito dela s\u00f3 se fala em outra coisa e que n\u00e3o d\u00e1 para n\u00e3o perd\u00ea-la.&nbsp;&nbsp;<\/p>\n\n\n\n<p class=\"has-text-color has-link-color wp-elements-d2c21c3471b76cfbddcb184becf312dd\" style=\"color:#0e6fa7;font-size:16px\">Em ordem alfab\u00e9tica, e n\u00e3o por data de entrada em cena, seguem os personagens (e os&nbsp;<em>links<\/em>) que apareceram por l\u00e1 nesses quase tr\u00eas meses, salvante alguma omiss\u00e3o minha. Divirtam-se.<\/p>\n\n\n\n<p class=\"has-text-align-center\" style=\"font-size:19px\"><a href=\"https:\/\/www.youtube.com\/@NelsonFreitasOficial\">#Retiro o que eu disse<\/a><br><a href=\"https:\/\/pt.wikipedia.org\/wiki\/Laerte_Coutinho\">#Laerte<\/a><br><a href=\"https:\/\/retirodosartistas.org.br\/\">#Retiro dos Artistas<\/a><br><a href=\"https:\/\/pt.wikipedia.org\/wiki\/Nelson_Freitas\">#Nelson Freitas<\/a><br><a href=\"https:\/\/pt.wikipedia.org\/wiki\/Stepan_Nercessian\">#Stepan Nercessian<\/a><\/p>\n\n\n\n<p><strong><em>Programa inicial<\/em><\/strong><\/p>\n\n\n\n<figure class=\"wp-block-embed is-type-video is-provider-youtube wp-block-embed-youtube wp-embed-aspect-16-9 wp-has-aspect-ratio\"><div class=\"wp-block-embed__wrapper\">\n<iframe title=\"Nelson Freitas e Stepan Nercessian relembram hist\u00f3rias que marcaram a TV\" width=\"960\" height=\"540\" src=\"https:\/\/www.youtube.com\/embed\/tp0nbr1HI7o?feature=oembed\" frameborder=\"0\" allow=\"accelerometer; autoplay; clipboard-write; encrypted-media; gyroscope; picture-in-picture; web-share\" referrerpolicy=\"strict-origin-when-cross-origin\" allowfullscreen><\/iframe>\n<\/div><\/figure>\n\n\n\n<p><strong><em>Alexandre Regis<\/em><\/strong><\/p>\n\n\n\n<figure class=\"wp-block-embed is-type-video is-provider-youtube wp-block-embed-youtube wp-embed-aspect-16-9 wp-has-aspect-ratio\"><div class=\"wp-block-embed__wrapper\">\n<iframe title=\"Alexandre Regis, o menino prod\u00edgio da TV Brasileira | Retiro O Que Eu Disse\" width=\"960\" height=\"540\" src=\"https:\/\/www.youtube.com\/embed\/fwT5P2ZvD7U?feature=oembed\" frameborder=\"0\" allow=\"accelerometer; autoplay; clipboard-write; encrypted-media; gyroscope; picture-in-picture; web-share\" referrerpolicy=\"strict-origin-when-cross-origin\" allowfullscreen><\/iframe>\n<\/div><\/figure>\n\n\n\n<p><strong><em>Anselmo Vasconcelos<\/em><\/strong><\/p>\n\n\n\n<figure class=\"wp-block-embed is-type-video is-provider-youtube wp-block-embed-youtube wp-embed-aspect-16-9 wp-has-aspect-ratio\"><div class=\"wp-block-embed__wrapper\">\n<iframe title=\"Anselmo Vasconcelos, um Don Quixote na dramaturgia | Retiro O Que Eu Disse\" width=\"960\" height=\"540\" src=\"https:\/\/www.youtube.com\/embed\/K1cmpmvLEOo?feature=oembed\" frameborder=\"0\" allow=\"accelerometer; autoplay; clipboard-write; encrypted-media; gyroscope; picture-in-picture; web-share\" referrerpolicy=\"strict-origin-when-cross-origin\" allowfullscreen><\/iframe>\n<\/div><\/figure>\n\n\n\n<p><strong><em>Aur\u00e9lio de Simoni<\/em><\/strong><\/p>\n\n\n\n<figure class=\"wp-block-embed is-type-video is-provider-youtube wp-block-embed-youtube wp-embed-aspect-16-9 wp-has-aspect-ratio\"><div class=\"wp-block-embed__wrapper\">\n<iframe title=\"Aur\u00e9lio de Simone: O mestre das luzes que ilumina o teatro brasileiro | Retiro O Que Eu Disse\" width=\"960\" height=\"540\" src=\"https:\/\/www.youtube.com\/embed\/D5t-nqRBt1w?feature=oembed\" frameborder=\"0\" allow=\"accelerometer; autoplay; clipboard-write; encrypted-media; gyroscope; picture-in-picture; web-share\" referrerpolicy=\"strict-origin-when-cross-origin\" allowfullscreen><\/iframe>\n<\/div><\/figure>\n\n\n\n<p><strong><em>Fabiana Karla<\/em><\/strong><\/p>\n\n\n\n<figure class=\"wp-block-embed is-type-video is-provider-youtube wp-block-embed-youtube wp-embed-aspect-16-9 wp-has-aspect-ratio\"><div class=\"wp-block-embed__wrapper\">\n<iframe title=\"DESENROLA CARRETEL!!! Fabiana Karla relembra Lucicreide e os desafios da carreira\" width=\"960\" height=\"540\" src=\"https:\/\/www.youtube.com\/embed\/9pMRVpRwisQ?feature=oembed\" frameborder=\"0\" allow=\"accelerometer; autoplay; clipboard-write; encrypted-media; gyroscope; picture-in-picture; web-share\" referrerpolicy=\"strict-origin-when-cross-origin\" allowfullscreen><\/iframe>\n<\/div><\/figure>\n\n\n\n<p><strong><em>Jaime Leibovitch<\/em><\/strong><\/p>\n\n\n\n<figure class=\"wp-block-embed is-type-video is-provider-youtube wp-block-embed-youtube wp-embed-aspect-16-9 wp-has-aspect-ratio\"><div class=\"wp-block-embed__wrapper\">\n<iframe title=\"Jaime Leibovitz: Vida, Arte e acolhimento no Retiro dos Artistas | Retiro O Que Eu Disse\" width=\"960\" height=\"540\" src=\"https:\/\/www.youtube.com\/embed\/MdfNKgw0_dc?feature=oembed\" frameborder=\"0\" allow=\"accelerometer; autoplay; clipboard-write; encrypted-media; gyroscope; picture-in-picture; web-share\" referrerpolicy=\"strict-origin-when-cross-origin\" allowfullscreen><\/iframe>\n<\/div><\/figure>\n\n\n\n<p><strong><em>Kadu Moliterno<\/em><\/strong><\/p>\n\n\n\n<figure class=\"wp-block-embed is-type-video is-provider-youtube wp-block-embed-youtube wp-embed-aspect-16-9 wp-has-aspect-ratio\"><div class=\"wp-block-embed__wrapper\">\n<iframe title=\"Kadu Moliterno: O her\u00f3i das telas e dos palcos e sua jornada inesquec\u00edvel | Retiro O Que Eu Disse\" width=\"960\" height=\"540\" src=\"https:\/\/www.youtube.com\/embed\/gpgBpL2Go9c?start=647&#038;feature=oembed\" frameborder=\"0\" allow=\"accelerometer; autoplay; clipboard-write; encrypted-media; gyroscope; picture-in-picture; web-share\" referrerpolicy=\"strict-origin-when-cross-origin\" allowfullscreen><\/iframe>\n<\/div><\/figure>\n\n\n\n<p><strong><em>Luciana Coutinho<\/em><\/strong><\/p>\n\n\n\n<figure class=\"wp-block-embed is-type-video is-provider-youtube wp-block-embed-youtube wp-embed-aspect-16-9 wp-has-aspect-ratio\"><div class=\"wp-block-embed__wrapper\">\n<iframe title=\"Luciana Coutinho - O Talento e a Beleza que marcaram a TV | Retiro O Que Eu Disse\" width=\"960\" height=\"540\" src=\"https:\/\/www.youtube.com\/embed\/dUFVY8SfTG0?feature=oembed\" frameborder=\"0\" allow=\"accelerometer; autoplay; clipboard-write; encrypted-media; gyroscope; picture-in-picture; web-share\" referrerpolicy=\"strict-origin-when-cross-origin\" allowfullscreen><\/iframe>\n<\/div><\/figure>\n\n\n\n<p><strong><em>Mait\u00ea Proen\u00e7a<\/em><\/strong><\/p>\n\n\n\n<figure class=\"wp-block-embed is-type-video is-provider-youtube wp-block-embed-youtube wp-embed-aspect-16-9 wp-has-aspect-ratio\"><div class=\"wp-block-embed__wrapper\">\n<iframe title=\"Mait\u00ea Proen\u00e7a e sua trajet\u00f3ria maravilhosa nos palcos da vida | Retiro O Que Eu Disse\" width=\"960\" height=\"540\" src=\"https:\/\/www.youtube.com\/embed\/ApB5431XL_E?start=1257&#038;feature=oembed\" frameborder=\"0\" allow=\"accelerometer; autoplay; clipboard-write; encrypted-media; gyroscope; picture-in-picture; web-share\" referrerpolicy=\"strict-origin-when-cross-origin\" allowfullscreen><\/iframe>\n<\/div><\/figure>\n\n\n\n<p><strong><em>Raul Gazzola<\/em><\/strong><\/p>\n\n\n\n<figure class=\"wp-block-embed is-type-video is-provider-youtube wp-block-embed-youtube wp-embed-aspect-16-9 wp-has-aspect-ratio\"><div class=\"wp-block-embed__wrapper\">\n<iframe title=\"Raul Gazolla e seu in\u00edcio de carreira inusitado | Retiro O Que Eu Disse\" width=\"960\" height=\"540\" src=\"https:\/\/www.youtube.com\/embed\/yrhxZUZlUho?feature=oembed\" frameborder=\"0\" allow=\"accelerometer; autoplay; clipboard-write; encrypted-media; gyroscope; picture-in-picture; web-share\" referrerpolicy=\"strict-origin-when-cross-origin\" allowfullscreen><\/iframe>\n<\/div><\/figure>\n\n\n\n<p><strong><em>Sylvia Massari<\/em><\/strong><\/p>\n\n\n\n<figure class=\"wp-block-embed is-type-video is-provider-youtube wp-block-embed-youtube wp-embed-aspect-16-9 wp-has-aspect-ratio\"><div class=\"wp-block-embed__wrapper\">\n<iframe title=\"Sylvia Massari: o talento e a voz de uma grande estrela | Retiro O Que Eu Disse\" width=\"960\" height=\"540\" src=\"https:\/\/www.youtube.com\/embed\/6FlbYieJ52g?feature=oembed\" frameborder=\"0\" allow=\"accelerometer; autoplay; clipboard-write; encrypted-media; gyroscope; picture-in-picture; web-share\" referrerpolicy=\"strict-origin-when-cross-origin\" allowfullscreen><\/iframe>\n<\/div><\/figure>\n\n\n\n<p>00\/01\/2025<br>(375)<br><a href=\"mailto:mmsmarcos1953@hotmail.com\" target=\"_blank\" rel=\"noreferrer noopener\">mmsmarcos1953@hotmail.com<\/a><\/p>\n","protected":false},"excerpt":{"rendered":"<p>Quando trabalhava com personagens, uma coisa que me agradava era quando ele ganhava vida pr\u00f3pria. Parece clich\u00ea de autora de quadrinhos, mas \u00e9 verdade, acontece. Quando ele reflete de uma maneira completa e harmoniosa, quando h\u00e1 sintonia entre criadora e criatura, acontece de ele te surpreender. Quando voc\u00ea percebe, j\u00e1 fez. E voc\u00ea pensa: &#8220;De onde\u00a0 saiu \u2002isso?&#8211; Laerte &#8211; O nome \u00e9 \u00f3timo, embute confiss\u00e3o e arrependimento. \u00c9 sob esse r\u00f3tulo que a dupla de atores Nelson Freitas e Stepan Nercessian idealizou&nbsp;poadcast&nbsp;para receber personalidades das \u00e1reas do cinema, do teatro e da televis\u00e3o, que tomam assento e desempenham papel de entrevistado(a), desandando a contar as mais saborosas&nbsp;hist\u00f3rias dos bastidores da vida art\u00edstica. Vindo \u00e0 luz em outubro de 2024, o programa foca no passado e sem embargo lan\u00e7a luzes no futuro ao dar aulas multidisciplinares para quem pretende seguir nessa carreira de ator\/atriz, na maioria das vezes pouco promissora, muitas promiss\u00f3rias para sustentar uma produ\u00e7\u00e3o, a justificar o que meu pai vez em quando observava e eu parafraseio: ora cal\u00e7a de veludo, ora bumbum de fora (aqui, n\u00e3o \u00e9 show de&nbsp;strip, \u00e9 met\u00e1fora da indefect\u00edvel falta de grana da classe &#8211; nos \u00faltimos tempos, agravada pelo contrato por trabalho certo, folha de pagamento minguada, o anel que tu me deste era vidro e se quebrou). Rodada \u00e0s quintas-feiras em est\u00fadio &#8220;nababesco&#8221;, envidra\u00e7ado &#8211; o p\u00fablico \u00e0s vezes para e d\u00e1 tchauzinho -, num shopping de Jacarepagu\u00e1 (bairro da zona oeste do Rio de Janeiro, longe pra karila do centro da cidade), a iniciativa tem o declarado e merit\u00f3rio objetivo de angariar recursos financeiros em prol do tamb\u00e9m situado em Jacarepagu\u00e1 Retiro dos Artistas, advindo da\u00ed, desse trocadilho, a pertin\u00eancia do nome do programa. Durante a transmiss\u00e3o, s\u00e3o reiterados os pedidos dos dois apresentadores para que apontemos nosso celular para o QR Code na tela de modo a enviar quantias destinadas \u00e0 manuten\u00e7\u00e3o do relevant\u00edssimo espa\u00e7o de conviv\u00eancia e guarida para quem, j\u00e1 na \u00faltima quadra da vida, n\u00e3o consegue morar sozinho, seja por precisar ter companhia de algu\u00e9m em casa, seja por hipossufici\u00eancia financeira. Esse lar coletivo, disposto como se fora uma vila de casa, n\u00e3o \u00e9 um asilo como a gente conhece e despreza. O &#8220;Retiro&#8221; vem sendo presidido pelo Stepan h\u00e1 mais de vinte e dois anos, que ademais andou um bom tempo \u00e0 frente do sindicato dos artistas da ex-Guanabara, e pretendo visit\u00e1-lo em abril pr\u00f3ximo, quando completarei a bilion\u00e9sima oitava viagem a minha terra. O clima \u00e9 de galhofa (epa! o Stepan tirou o t\u00eanis e assim ficar\u00e1 at\u00e9 o final), um apresentador esculachando o outro quase que o tempo todo, por\u00e9m \u00e9 evidente que ambos se gostam e se admiram, decerto dois colegas e amigos de longa data. Tratam com total respeito e, n\u00e3o raro, admira\u00e7\u00e3o, todos(as) os(as) artistas que at\u00e9 o momento compareceram para dar entrevistas e contar suas realiza\u00e7\u00f5es e perip\u00e9cias, a grande maioria contempor\u00e2nea entre si, numa dedu\u00e7\u00e3o l\u00f3gica turma do 50+ at\u00e9 ao 70+. N\u00e3o se impressionem negativamente, o programa&nbsp;n\u00e3o \u00e9 bolorento, estacionado no passado, nada disso. As narrativas se desenrolam com tanta verve, humor desbragado, nos levando a prever que ir\u00e1 durar muito, apesar de que o Nelson n\u00e3o passa minuto sem dizer que a atra\u00e7\u00e3o tem seis ouvintes, que a respeito dela s\u00f3 se fala em outra coisa e que n\u00e3o d\u00e1 para n\u00e3o perd\u00ea-la.&nbsp;&nbsp; Em ordem alfab\u00e9tica, e n\u00e3o por data de entrada em cena, seguem os personagens (e os&nbsp;links) que apareceram por l\u00e1 nesses quase tr\u00eas meses, salvante alguma omiss\u00e3o minha. Divirtam-se. #Retiro o que eu disse#Laerte#Retiro dos Artistas#Nelson Freitas#Stepan Nercessian Programa inicial Alexandre Regis Anselmo Vasconcelos Aur\u00e9lio de Simoni Fabiana Karla Jaime Leibovitch Kadu Moliterno Luciana Coutinho Mait\u00ea Proen\u00e7a Raul Gazzola Sylvia Massari 00\/01\/2025(375)mmsmarcos1953@hotmail.com<\/p>\n","protected":false},"author":1,"featured_media":16390,"comment_status":"open","ping_status":"open","sticky":false,"template":"","format":"standard","meta":{"footnotes":""},"categories":[1],"tags":[],"class_list":["post-16387","post","type-post","status-publish","format-standard","has-post-thumbnail","hentry","category-sem-categoria"],"_links":{"self":[{"href":"https:\/\/mapati.com.br\/blogmapati\/wp-json\/wp\/v2\/posts\/16387","targetHints":{"allow":["GET"]}}],"collection":[{"href":"https:\/\/mapati.com.br\/blogmapati\/wp-json\/wp\/v2\/posts"}],"about":[{"href":"https:\/\/mapati.com.br\/blogmapati\/wp-json\/wp\/v2\/types\/post"}],"author":[{"embeddable":true,"href":"https:\/\/mapati.com.br\/blogmapati\/wp-json\/wp\/v2\/users\/1"}],"replies":[{"embeddable":true,"href":"https:\/\/mapati.com.br\/blogmapati\/wp-json\/wp\/v2\/comments?post=16387"}],"version-history":[{"count":2,"href":"https:\/\/mapati.com.br\/blogmapati\/wp-json\/wp\/v2\/posts\/16387\/revisions"}],"predecessor-version":[{"id":16391,"href":"https:\/\/mapati.com.br\/blogmapati\/wp-json\/wp\/v2\/posts\/16387\/revisions\/16391"}],"wp:featuredmedia":[{"embeddable":true,"href":"https:\/\/mapati.com.br\/blogmapati\/wp-json\/wp\/v2\/media\/16390"}],"wp:attachment":[{"href":"https:\/\/mapati.com.br\/blogmapati\/wp-json\/wp\/v2\/media?parent=16387"}],"wp:term":[{"taxonomy":"category","embeddable":true,"href":"https:\/\/mapati.com.br\/blogmapati\/wp-json\/wp\/v2\/categories?post=16387"},{"taxonomy":"post_tag","embeddable":true,"href":"https:\/\/mapati.com.br\/blogmapati\/wp-json\/wp\/v2\/tags?post=16387"}],"curies":[{"name":"wp","href":"https:\/\/api.w.org\/{rel}","templated":true}]}}