{"id":16414,"date":"2025-03-24T14:11:50","date_gmt":"2025-03-24T17:11:50","guid":{"rendered":"https:\/\/mapati.com.br\/blogmapati\/?p=16414"},"modified":"2025-03-24T19:35:37","modified_gmt":"2025-03-24T22:35:37","slug":"take-me-back-to-piaui","status":"publish","type":"post","link":"https:\/\/mapati.com.br\/blogmapati\/take-me-back-to-piaui\/","title":{"rendered":"Take Me Back To Piau\u00ed"},"content":{"rendered":"\n<p class=\"has-text-align-right has-black-color has-text-color has-link-color wp-elements-6492e8f062b18d1f522b134df58029e3\" style=\"font-size:16px\"><em>Mem\u00f3ria e tempo s\u00e3o antag\u00f4nicos. As lembran\u00e7as s\u00e3o selecionadas, claro; mais do que isso, distorcidas. Mas \u00e9 assim que sentimos as emo\u00e7\u00f5es, formamos o car\u00e1ter e temperamos a vida.<\/em><br><em>&#8211; Paulo Pestana &#8211;<\/em><\/p>\n\n\n\n<p class=\"has-text-color has-link-color wp-elements-d2f41bc236b86a372951ca834e81c023\" style=\"color:#0e6fa7;font-size:16px\">S\u00e3o quase inesgot\u00e1veis as mat\u00e9rias que sa\u00edram nos ve\u00edculos de imprensa a prop\u00f3sito do&nbsp;<em>Ainda estou aqui,<\/em>&nbsp;abordagens as mais diversas, insuspeitadas. De par com a est\u00e9tica desse filme oscarizado, o p\u00fablico veio a tomar ci\u00eancia de registros sobre os figurinos p\u00f3s da Fernanda Torres durante p\u00e9riplo pelo mundo, entrecruzando oceanos, rasgando os c\u00e9us dos Estados Unidos em busca do mercantilizado mas importante trof\u00e9u do cinema.<\/p>\n\n\n\n<p class=\"has-text-color has-link-color wp-elements-123a681e846113c91238b3beed9e58c5\" style=\"color:#0e6fa7;font-size:16px\">Conhecemos em min\u00facias a vida da personagem incorporada por essa puta atriz &#8211; a brasileira, n\u00e3o a menina americana escolhida pelo j\u00fari da patota corporativista parametrizada por c\u00e2nones trazidos pelos(as) profissionais ditos(as) marginalizados(as) que produziram e realizaram o filme a final vencedor. Sabe-se quase tudo. Marido tragicamente desaparecido induz aparecimento de uma nova mulher que toma a frente no intuito de resolver todos os problemas de uma fam\u00edlia dilacerada. Fomos premiados com uma fic\u00e7\u00e3o que vira realidade e vice-versa, na medida em que, num movimento semelhante ao acontecido em\u00a0<em>A Rosa P\u00farpura do Cairo<\/em>, dirigido por Wood Allen, a Eunice Paiva rompe a tela de filme em branco e preto e chega ao nosso plano colorido &#8211; quer dizer, nem t\u00e3o colorido assim.\u00a0<\/p>\n\n\n\n<p class=\"has-text-color has-link-color wp-elements-2f07136756c4e3d88d0d06aa42f85ccf\" style=\"color:#0e6fa7;font-size:16px\">Em paralelo com seus atos de resist\u00eancia (tomara o &#8220;resili\u00eancia&#8221; v\u00e1 integrar l\u00edngua morta), a ent\u00e3o vi\u00fava tem sua vida dissecada em todas as plagas. Por dever de of\u00edcio ou n\u00e3o, resolveu-se que era de bom aviso pesquisar e compartir com terceiros a trajet\u00f3ria dessa verdadeira hero\u00edna. Se tem bambu, tem flecha (coitado do S\u00e3o Sebasti\u00e3o, padroeiro do meu Rio de Janeiro). A cada momento surge um escrito, um apontamento in\u00e9dito acerca da trajet\u00f3ria de membros da fam\u00edlia. H\u00e1 poucos dias, foi divulgada uma reportagem a respeito de pr\u00e9dios em S\u00e3o Paulo constru\u00eddos pelo engenheiro Rubens Paiva, a qual n\u00e3o li, por\u00e9m devia.<\/p>\n\n\n\n<p class=\"has-text-color has-link-color wp-elements-5ff210250731eb4a72d3222650de78f1\" style=\"color:#0e6fa7;font-size:16px\">Remergulhando no &#8220;Ainda&#8221;, j\u00e1 tem at\u00e9 apelido carinhoso, pulularam coment\u00e1rios de todo jaez. Analisaram-se os itens b\u00e1sicos, n\u00e3o nesta ordem: roteiro, enredo, dire\u00e7\u00e3o, interpreta\u00e7\u00e3o, fotografia, produ\u00e7\u00e3o, trilha sonora. \u00c9 aqui, nesse particular, que sem trocadilho eu embatuco. Falaram das m\u00fasicas, inclusive uma do Roberto e Erasmo Carlos, n\u00e3o das melhores da dupla, por\u00e9m at\u00e9 hoje n\u00e3o vi refer\u00eancia alguma a&nbsp;<em>Take Me Back To Piau\u00ed<\/em>.&nbsp;&nbsp;<\/p>\n\n\n\n<p class=\"has-text-color has-link-color wp-elements-51cc1492b46a65ed9142275706d9f183\" style=\"color:#0e6fa7;font-size:16px\">Conjugar essa m\u00fasica com o filme, que saca\u00e7\u00e3o. O Juca Chaves, que, quando velho, deu uma endireitada, ofertara essa obra h\u00e1 mais de meio s\u00e9culo. De conseguinte, o diretor Walter Salles, &#8220;Quem sai aos seus n\u00e3o degenera&#8221;, a endossa e j\u00e1 neste nosso tempo produz cena antol\u00f3gica, sobrepujando de certa maneira a \u00e9poca tenebrosa. O Rubens Paiva transcende em 1971, v\u00edtima da covardia e da maldade patol\u00f3gica e eu estacionado no meu \u00faltimo ano de alienad\u00e3o, pois no subsequente 1972 ingressava na universidade para nunca mais me despolitizar. E nada mais apropriado do que a cena das crian\u00e7as dan\u00e7ando acho que na sala, numa postura enquadr\u00e1vel no &#8220;n\u00f3s vamos sorrir; sorriam&#8221;. Na tela do cinema, e com a ressalva de que tenho grandes amigos e amigas piauienses, descem os cr\u00e9ditos, quando aproveito para assinalar em conclus\u00e3o: o Juquinha no limite do sarcasmo e o corinho arrebentando na picardia.<br><br><a href=\"https:\/\/www.youtube.com\/watch?v=ApW0Gggu2ZU\" target=\"_blank\" rel=\"noreferrer noopener\">https:\/\/www.youtube.com\/watch?v=ApW0Gggu2ZU<\/a><\/p>\n\n\n\n<p class=\"has-text-align-center has-black-color has-text-color has-link-color wp-elements-e8539b9f622b5dfbb2ea4125b7843502\" style=\"font-size:18px\"><strong>Take Me Back To Piau\u00ed<\/strong><\/p>\n\n\n\n<p class=\"has-text-align-center has-black-color has-text-color has-link-color wp-elements-7c31a9784c836b8463adc1815d695dfc\" style=\"font-size:17px\"><em>Hey hey, dee dee, take me back to Piau\u00ed<br>Hey hey, dee dee, take me back to Piau\u00ed<\/em><\/p>\n\n\n\n<p class=\"has-text-align-center has-black-color has-text-color has-link-color wp-elements-7c31a9784c836b8463adc1815d695dfc\" style=\"font-size:17px\"><em>Hey hey, dee dee, take me back to Piau\u00ed<br>Hey hey, dee dee, take me back to Piau\u00ed<\/em><\/p>\n\n\n\n<p class=\"has-text-align-center has-black-color has-text-color has-link-color wp-elements-c744808f870878e0706787b82115934d\" style=\"font-size:17px\"><em>Adeus Paris tropical, adeus Brigite Bardot<br>O champanhe me fez mal, caviar j\u00e1 me enjoou<br>Simonal que estava certo, na raz\u00e3o do patropi<br>Eu tamb\u00e9m que sou esperto vou viver no Piau\u00ed<\/em><\/p>\n\n\n\n<p class=\"has-text-align-center has-black-color has-text-color has-link-color wp-elements-7c31a9784c836b8463adc1815d695dfc\" style=\"font-size:17px\"><em>Hey hey, dee dee, take me back to Piau\u00ed<br>Hey hey, dee dee, take me back to Piau\u00ed<\/em><\/p>\n\n\n\n<p class=\"has-text-align-center has-black-color has-text-color has-link-color wp-elements-85b8716bb5a9f7cfd521116473d9ef8a\" style=\"font-size:17px\"><em>Na minha terra tem Chacrinha<br>Que \u00e9 louco como ningu\u00e9m<br>Tem Juca, tem Teixeirinha<br>Tem dona Hebe tamb\u00e9m<br>Tem ma\u00e7\u00e3, laranja e figo<br>Banana quem n\u00e3o comeu<br>Manga n\u00e3o, manga \u00e9 um perigo<br>Quem provou quase morreu<\/em><\/p>\n\n\n\n<p class=\"has-text-align-center has-black-color has-text-color has-link-color wp-elements-7c31a9784c836b8463adc1815d695dfc\" style=\"font-size:17px\"><em>Hey hey, dee dee, take me back to Piau\u00ed<br>Hey hey, dee dee, take me back to Piau\u00ed<\/em><\/p>\n\n\n\n<p class=\"has-text-align-center has-black-color has-text-color has-link-color wp-elements-af99636e10fa44056409f80420da8826\" style=\"font-size:17px\"><em>Mudo meu ponto de vista<br>Mudando de profiss\u00e3o<br>Pois a moda agora \u00e9 artista<br>Ser j\u00fari em televis\u00e3o<br>Tomar banho s\u00f3 de cuia<br>Comer jaca todo m\u00eas<br>Aleluia, aleluia vou morrer na BR-3<\/em><\/p>\n\n\n\n<p class=\"has-text-align-center has-black-color has-text-color has-link-color wp-elements-6ee941b29807eb714276d9e19d76a1fd\" style=\"font-size:17px\"><em>Hey hey, dee dee, take me back to Piau\u00ed (Everybody)<br>Hey hey, dee dee, take me back to Piau\u00ed<\/em><\/p>\n\n\n\n<p class=\"has-text-align-center has-black-color has-text-color has-link-color wp-elements-b86ecb5cbce2b2b0490b189b49319030\" style=\"font-size:17px\"><em>Hey hey, dee dee, take me back to Piau\u00ed (Meu Deus, meu Deus)<br>Hey hey, dee dee, take me back to Piau\u00ed (Take me back to Piau\u00ed)<\/em><\/p>\n\n\n\n<p class=\"has-text-align-center has-black-color has-text-color has-link-color wp-elements-7c31a9784c836b8463adc1815d695dfc\" style=\"font-size:17px\"><em>Hey hey, dee dee, take me back to Piau\u00ed<br>Hey hey, dee dee, take me back to Piau\u00ed<\/em><\/p>\n\n\n\n<p class=\"has-text-align-center\" style=\"font-size:19px\"><a href=\"https:\/\/www.correiobraziliense.com.br\/cidades-df\/2024\/03\/6817245-sob-forte-comocao-amigos-e-familiares-se-despedem-de-paulo-pestana.html\">#Paulo Pestana<\/a><br><a href=\"https:\/\/pt.wikipedia.org\/wiki\/Ainda_Estou_Aqui_(filme_de_2024)\">#Ainda estou aqui<\/a><br><a href=\"https:\/\/pt.wikipedia.org\/wiki\/Fernanda_Torres\">#Fernanda Torres<\/a><br><a href=\"https:\/\/pt.wikipedia.org\/wiki\/Juca_Chaves\">#Juca Chaves<\/a><\/p>\n\n\n\n<p class=\"has-text-align-right has-text-color has-link-color wp-elements-90451a1ea16365453e536421bc149380\" style=\"color:#0e6fa7;font-size:16px\">24\/03\/2025<br>(377)<br><a href=\"mailto:mmsmarcos1953@hotmail.com\" target=\"_blank\" rel=\"noreferrer noopener\">mmsmarcos1953@hotmail.com<\/a><\/p>\n","protected":false},"excerpt":{"rendered":"<p>Mem\u00f3ria e tempo s\u00e3o antag\u00f4nicos. As lembran\u00e7as s\u00e3o selecionadas, claro; mais do que isso, distorcidas. Mas \u00e9 assim que sentimos as emo\u00e7\u00f5es, formamos o car\u00e1ter e temperamos a vida.&#8211; Paulo Pestana &#8211; S\u00e3o quase inesgot\u00e1veis as mat\u00e9rias que sa\u00edram nos ve\u00edculos de imprensa a prop\u00f3sito do&nbsp;Ainda estou aqui,&nbsp;abordagens as mais diversas, insuspeitadas. De par com a est\u00e9tica desse filme oscarizado, o p\u00fablico veio a tomar ci\u00eancia de registros sobre os figurinos p\u00f3s da Fernanda Torres durante p\u00e9riplo pelo mundo, entrecruzando oceanos, rasgando os c\u00e9us dos Estados Unidos em busca do mercantilizado mas importante trof\u00e9u do cinema. Conhecemos em min\u00facias a vida da personagem incorporada por essa puta atriz &#8211; a brasileira, n\u00e3o a menina americana escolhida pelo j\u00fari da patota corporativista parametrizada por c\u00e2nones trazidos pelos(as) profissionais ditos(as) marginalizados(as) que produziram e realizaram o filme a final vencedor. Sabe-se quase tudo. Marido tragicamente desaparecido induz aparecimento de uma nova mulher que toma a frente no intuito de resolver todos os problemas de uma fam\u00edlia dilacerada. Fomos premiados com uma fic\u00e7\u00e3o que vira realidade e vice-versa, na medida em que, num movimento semelhante ao acontecido em\u00a0A Rosa P\u00farpura do Cairo, dirigido por Wood Allen, a Eunice Paiva rompe a tela de filme em branco e preto e chega ao nosso plano colorido &#8211; quer dizer, nem t\u00e3o colorido assim.\u00a0 Em paralelo com seus atos de resist\u00eancia (tomara o &#8220;resili\u00eancia&#8221; v\u00e1 integrar l\u00edngua morta), a ent\u00e3o vi\u00fava tem sua vida dissecada em todas as plagas. Por dever de of\u00edcio ou n\u00e3o, resolveu-se que era de bom aviso pesquisar e compartir com terceiros a trajet\u00f3ria dessa verdadeira hero\u00edna. Se tem bambu, tem flecha (coitado do S\u00e3o Sebasti\u00e3o, padroeiro do meu Rio de Janeiro). A cada momento surge um escrito, um apontamento in\u00e9dito acerca da trajet\u00f3ria de membros da fam\u00edlia. H\u00e1 poucos dias, foi divulgada uma reportagem a respeito de pr\u00e9dios em S\u00e3o Paulo constru\u00eddos pelo engenheiro Rubens Paiva, a qual n\u00e3o li, por\u00e9m devia. Remergulhando no &#8220;Ainda&#8221;, j\u00e1 tem at\u00e9 apelido carinhoso, pulularam coment\u00e1rios de todo jaez. Analisaram-se os itens b\u00e1sicos, n\u00e3o nesta ordem: roteiro, enredo, dire\u00e7\u00e3o, interpreta\u00e7\u00e3o, fotografia, produ\u00e7\u00e3o, trilha sonora. \u00c9 aqui, nesse particular, que sem trocadilho eu embatuco. Falaram das m\u00fasicas, inclusive uma do Roberto e Erasmo Carlos, n\u00e3o das melhores da dupla, por\u00e9m at\u00e9 hoje n\u00e3o vi refer\u00eancia alguma a&nbsp;Take Me Back To Piau\u00ed.&nbsp;&nbsp; Conjugar essa m\u00fasica com o filme, que saca\u00e7\u00e3o. O Juca Chaves, que, quando velho, deu uma endireitada, ofertara essa obra h\u00e1 mais de meio s\u00e9culo. De conseguinte, o diretor Walter Salles, &#8220;Quem sai aos seus n\u00e3o degenera&#8221;, a endossa e j\u00e1 neste nosso tempo produz cena antol\u00f3gica, sobrepujando de certa maneira a \u00e9poca tenebrosa. O Rubens Paiva transcende em 1971, v\u00edtima da covardia e da maldade patol\u00f3gica e eu estacionado no meu \u00faltimo ano de alienad\u00e3o, pois no subsequente 1972 ingressava na universidade para nunca mais me despolitizar. E nada mais apropriado do que a cena das crian\u00e7as dan\u00e7ando acho que na sala, numa postura enquadr\u00e1vel no &#8220;n\u00f3s vamos sorrir; sorriam&#8221;. Na tela do cinema, e com a ressalva de que tenho grandes amigos e amigas piauienses, descem os cr\u00e9ditos, quando aproveito para assinalar em conclus\u00e3o: o Juquinha no limite do sarcasmo e o corinho arrebentando na picardia. https:\/\/www.youtube.com\/watch?v=ApW0Gggu2ZU Take Me Back To Piau\u00ed Hey hey, dee dee, take me back to Piau\u00edHey hey, dee dee, take me back to Piau\u00ed Hey hey, dee dee, take me back to Piau\u00edHey hey, dee dee, take me back to Piau\u00ed Adeus Paris tropical, adeus Brigite BardotO champanhe me fez mal, caviar j\u00e1 me enjoouSimonal que estava certo, na raz\u00e3o do patropiEu tamb\u00e9m que sou esperto vou viver no Piau\u00ed Hey hey, dee dee, take me back to Piau\u00edHey hey, dee dee, take me back to Piau\u00ed Na minha terra tem ChacrinhaQue \u00e9 louco como ningu\u00e9mTem Juca, tem TeixeirinhaTem dona Hebe tamb\u00e9mTem ma\u00e7\u00e3, laranja e figoBanana quem n\u00e3o comeuManga n\u00e3o, manga \u00e9 um perigoQuem provou quase morreu Hey hey, dee dee, take me back to Piau\u00edHey hey, dee dee, take me back to Piau\u00ed Mudo meu ponto de vistaMudando de profiss\u00e3oPois a moda agora \u00e9 artistaSer j\u00fari em televis\u00e3oTomar banho s\u00f3 de cuiaComer jaca todo m\u00easAleluia, aleluia vou morrer na BR-3 Hey hey, dee dee, take me back to Piau\u00ed (Everybody)Hey hey, dee dee, take me back to Piau\u00ed Hey hey, dee dee, take me back to Piau\u00ed (Meu Deus, meu Deus)Hey hey, dee dee, take me back to Piau\u00ed (Take me back to Piau\u00ed) Hey hey, dee dee, take me back to Piau\u00edHey hey, dee dee, take me back to Piau\u00ed #Paulo Pestana#Ainda estou aqui#Fernanda Torres#Juca Chaves 24\/03\/2025(377)mmsmarcos1953@hotmail.com<\/p>\n","protected":false},"author":1,"featured_media":16421,"comment_status":"open","ping_status":"open","sticky":false,"template":"","format":"standard","meta":{"footnotes":""},"categories":[1],"tags":[],"class_list":["post-16414","post","type-post","status-publish","format-standard","has-post-thumbnail","hentry","category-sem-categoria"],"_links":{"self":[{"href":"https:\/\/mapati.com.br\/blogmapati\/wp-json\/wp\/v2\/posts\/16414","targetHints":{"allow":["GET"]}}],"collection":[{"href":"https:\/\/mapati.com.br\/blogmapati\/wp-json\/wp\/v2\/posts"}],"about":[{"href":"https:\/\/mapati.com.br\/blogmapati\/wp-json\/wp\/v2\/types\/post"}],"author":[{"embeddable":true,"href":"https:\/\/mapati.com.br\/blogmapati\/wp-json\/wp\/v2\/users\/1"}],"replies":[{"embeddable":true,"href":"https:\/\/mapati.com.br\/blogmapati\/wp-json\/wp\/v2\/comments?post=16414"}],"version-history":[{"count":10,"href":"https:\/\/mapati.com.br\/blogmapati\/wp-json\/wp\/v2\/posts\/16414\/revisions"}],"predecessor-version":[{"id":16428,"href":"https:\/\/mapati.com.br\/blogmapati\/wp-json\/wp\/v2\/posts\/16414\/revisions\/16428"}],"wp:featuredmedia":[{"embeddable":true,"href":"https:\/\/mapati.com.br\/blogmapati\/wp-json\/wp\/v2\/media\/16421"}],"wp:attachment":[{"href":"https:\/\/mapati.com.br\/blogmapati\/wp-json\/wp\/v2\/media?parent=16414"}],"wp:term":[{"taxonomy":"category","embeddable":true,"href":"https:\/\/mapati.com.br\/blogmapati\/wp-json\/wp\/v2\/categories?post=16414"},{"taxonomy":"post_tag","embeddable":true,"href":"https:\/\/mapati.com.br\/blogmapati\/wp-json\/wp\/v2\/tags?post=16414"}],"curies":[{"name":"wp","href":"https:\/\/api.w.org\/{rel}","templated":true}]}}