{"id":16430,"date":"2025-05-03T13:04:03","date_gmt":"2025-05-03T16:04:03","guid":{"rendered":"https:\/\/mapati.com.br\/blogmapati\/?p=16430"},"modified":"2025-05-05T08:06:02","modified_gmt":"2025-05-05T11:06:02","slug":"a-historia-e-amarela-6-madonna","status":"publish","type":"post","link":"https:\/\/mapati.com.br\/blogmapati\/a-historia-e-amarela-6-madonna\/","title":{"rendered":"A Hist\u00f3ria \u00e9 amarela 6 (Madonna)"},"content":{"rendered":"\n<p class=\"has-black-color has-text-color has-link-color wp-elements-ffc54b73e8879c5898407bb70693eff2\" style=\"font-size:16px\"><em>Verdadeiramente nunca vivemos no futuro (nem no passado). Por outro lado, o que chamamos presente \u00e9 apenas o momento de interface entre a mem\u00f3ria reconfortante ou inquietante do que fomos e a antecipa\u00e7\u00e3o, auspiciosa ou&nbsp;sinistra, do que vamos&nbsp;ser.<\/em>&nbsp;<br>&#8211; Boaventura de&nbsp;Sousa&nbsp;Santos \u2013<\/p>\n\n\n\n<p class=\"has-text-align-left has-text-color has-link-color wp-elements-d425d0940d3ecebe61632a04a29f69e0\" style=\"color:#0e6fa7;font-size:16px\">A hist\u00f3ria \u00e9 amarela, e como o sol ela costuma aparecer fulgurante de manh\u00e3 e se p\u00f5e tardezinha l\u00e1 no horizonte. Panorama de quase uma semana, j\u00e1 que agora atingimos o n\u00famero 6, faltando, pois, apenas uma postagem para alcan\u00e7ar \u201c7 dias\u201d. \u00c9 todavia irregular, err\u00e1tica, n\u00e3o h\u00e1 sequ\u00eancia nessa meia d\u00fazia de postagens at\u00e9 ent\u00e3o difundidas na propor\u00e7\u00e3o em que desde o in\u00edcio, em 29\/09\/2024, intercalei assuntos que nada t\u00eam a ver com o t\u00f3pico.&nbsp;<\/p>\n\n\n\n<p class=\"has-text-color has-link-color wp-elements-16ebfb103800fbc612ddc2b28652e553\" style=\"color:#0e6fa7;font-size:16px\">Os tempos atuais s\u00e3o de Lady Gaga e seu show deste maio. As previs\u00f5es generalizadas s\u00e3o as mais otimistas, seja pela satisfa\u00e7\u00e3o do p\u00fablico que dever\u00e1 comparecer \u00e0 praia de Copacabana para o aguardado evento (cuja estrutura j\u00e1 montada \u00e9 impressionante conforme pude verificar pessoalmente em viagem ao Rio de Janeiro na semana passada), seja pelo incremento financeiro dos cofres p\u00fablicos em decorr\u00eancia da explos\u00e3o do turismo j\u00e1 praticamente assegurada.<\/p>\n\n\n\n<figure class=\"wp-block-gallery has-nested-images columns-default is-cropped wp-block-gallery-1 is-layout-flex wp-block-gallery-is-layout-flex\">\n<figure class=\"wp-block-image size-large\"><img fetchpriority=\"high\" decoding=\"async\" width=\"675\" height=\"450\" data-id=\"16433\" src=\"https:\/\/mapati.com.br\/blogmapati\/wp-content\/uploads\/2025\/05\/378_Gaga_Madonna.webp\" alt=\"\" class=\"wp-image-16433\" srcset=\"https:\/\/mapati.com.br\/blogmapati\/wp-content\/uploads\/2025\/05\/378_Gaga_Madonna.webp 675w, https:\/\/mapati.com.br\/blogmapati\/wp-content\/uploads\/2025\/05\/378_Gaga_Madonna-300x200.webp 300w\" sizes=\"(max-width: 675px) 100vw, 675px\" \/><figcaption class=\"wp-element-caption\">TMJBrazil<\/figcaption><\/figure>\n<\/figure>\n\n\n\n<p class=\"has-text-color has-link-color wp-elements-416b7ff64eabff7737a65007a1de5bb8\" style=\"color:#0e6fa7;font-size:16px\">Mas volto no tempo para falar de outra cantora americana, que ali\u00e1s arrasou no mesmo local reunindo milh\u00e3o de espectadores e expectadoras ensandecidos com sua performance musical. O mergulho n\u00e3o \u00e9 no 2024, sen\u00e3o que em 25 de novembro de 1992, h\u00e1 trinta e tr\u00eas anos, n\u00famero cabal\u00edstico.<\/p>\n\n\n\n<p class=\"has-text-color has-link-color wp-elements-58299c0a167b50c7ae75b0f70bb17dbc\" style=\"color:#0e6fa7;font-size:16px\">Antes de ceder a palavra a Madonna, vamos conhecer o que disse sobre ela o entrevistador Elio Gaspari, um dos maiores jornalistas deste pa\u00eds. \u201cAlimenta-se da intelig\u00eancia de seus cr\u00edticos. Ela transgride na exata medida em que a mandam recuar. Disseram que ela exacerbava a pr\u00f3pria sexualidade, exacerbou-a. Disseram que havia tintas sadomasoquistas em seus shows, fez um \u00e1lbum em que perto da metade das fotografias tem couros, chicotes e mutila\u00e7\u00f5es. Criou um \u2018padr\u00e3o Madonna de escandaliza\u00e7\u00e3o\u2019.\u201d&nbsp;<\/p>\n\n\n\n<p class=\"has-text-color has-link-color wp-elements-b71429dba6e2f2788598dec6a1a9991e\" style=\"color:#0e6fa7;font-size:16px\">Se algu\u00e9m duvida dessas observa\u00e7\u00f5es, retro, que preste muita aten\u00e7\u00e3o no que adiante restar\u00e1 transcrito das falas daquela que sempre e sempre barbarizou.&nbsp;<\/p>\n\n\n\n<ul class=\"wp-block-list\">\n<li style=\"font-size:16px\"><em>Eu sou censurada porque procuro mostrar a verdade, e a verdade incomoda. A ideia de me conformar n\u00e3o me passa pela cabe\u00e7a. Fa\u00e7o o que quero e vou continuar a fazer. Os artistas n\u00e3o devem se conformar;&nbsp;<\/em><\/li>\n<\/ul>\n\n\n\n<ul class=\"wp-block-list\">\n<li style=\"font-size:16px\"><em>As coisas que fa\u00e7o n\u00e3o s\u00e3o estranhas, e eu sempre fui como sou. Nunca pedi desculpas, nem vou come\u00e7ar a pedir. Pelo contr\u00e1rio, n\u00e3o vou parar minha luta (contra o racismo, o&nbsp; sexismo, a persegui\u00e7\u00e3o contra homossexuais);&nbsp;<\/em><\/li>\n<\/ul>\n\n\n\n<ul class=\"wp-block-list\">\n<li style=\"font-size:16px\"><em>Acho que h\u00e1 muita gente querendo que eu d\u00ea um mau passo, de qualquer tipo. S\u00e3o pessoas que no fundo t\u00eam medo de mim e fingem que pensam que eu vou morrer;<\/em><\/li>\n<\/ul>\n\n\n\n<ul class=\"wp-block-list\">\n<li style=\"font-size:16px\"><em>Eu tenho pena do que fazem com ela (princesa Diana). Todo mundo pega no p\u00e9 dessa mo\u00e7a. Casou com um sujeito para ter e criar filhos. Cercaram-na de tal maneira que ela vive numa situa\u00e7\u00e3o terr\u00edvel. Tudo o que se escreve sobre ela \u00e9 ruim, perverso. Deviam deix\u00e1-la em paz;<\/em><\/li>\n<\/ul>\n\n\n\n<ul class=\"wp-block-list\">\n<li style=\"font-size:16px\"><em>O falo \u00e9 associado \u00e0 masculinidade, \u00e0 for\u00e7a guerreira. Eu tenho essas caracter\u00edsticas na minha cabe\u00e7a, n\u00e3o preciso t\u00ea-las entre as pernas;&nbsp;<\/em><\/li>\n<\/ul>\n\n\n\n<p class=\"has-text-align-left has-text-color has-link-color wp-elements-04178303cc947314e954a8be5fb316bc\" style=\"color:#0e6fa7;font-size:16px\">Agora, damos uma pausa, sem por\u00e9m sair do contexto \u2013 e da entrevista em foco. Trata-se daqueles jogos de pergunta r\u00e1pida e resposta mais r\u00e1pida ainda. O ping \u00e9 o cir\u00fargico Elio Gaspari perguntando e o pong \u00e9 a tempestuosa Madonna respondendo &#8211; que, em negrito, eu tomo a liberdade de assim destacar.<\/p>\n\n\n\n<ul class=\"wp-block-list\">\n<li style=\"font-size:16px\"><em>Voc\u00ea sai de limusine pela noite pegando garotos no sul de Manhattan?&nbsp;<strong>Mentira;<\/strong><\/em><\/li>\n<\/ul>\n\n\n\n<ul class=\"wp-block-list\">\n<li style=\"font-size:16px\"><em>Voc\u00ea j\u00e1 passou uma noite com Michael Jackson, os dois nus comendo pipoca e vendo v\u00eddeo \u00e0 luz de velas?&nbsp;<strong>Mentira;<\/strong><\/em><\/li>\n<\/ul>\n\n\n\n<ul class=\"wp-block-list\">\n<li style=\"font-size:16px\"><em>Voc\u00ea j\u00e1 foi sem calcinha a um desfile de modas de Jean-Paul Gualtier e sentou-se na primeira fila, com a saia levantada?&nbsp;<strong>Mentira;<\/strong><\/em><\/li>\n<\/ul>\n\n\n\n<ul class=\"wp-block-list\">\n<li style=\"font-size:16px\"><em>Voc\u00ea \u00e9 l\u00e9sbica?&nbsp;<strong>Mentira;<\/strong><\/em><\/li>\n<\/ul>\n\n\n\n<ul class=\"wp-block-list\">\n<li style=\"font-size:16px\"><em>Voc\u00ea gosta de apanhar, de levar tapas?&nbsp;<strong>Verdade;<\/strong><\/em><\/li>\n<\/ul>\n\n\n\n<ul class=\"wp-block-list\">\n<li style=\"font-size:16px\"><em>Que sensa\u00e7\u00f5es as palmadas lhe d\u00e3o?&nbsp;<strong>N\u00e3o \u00e9 da sua conta.<\/strong><\/em><\/li>\n<\/ul>\n\n\n\n<p class=\"has-text-color has-link-color wp-elements-3bed5b464a272f4b6c443a7ed2294994\" style=\"color:#0e6fa7;font-size:16px\">Terminado o bate\/rebate, meditemos sobre a declara\u00e7\u00e3o que ponho em destaque a seguir, dada por quem em 1996 viveria no cinema Evita Peron.<\/p>\n\n\n\n<ul class=\"wp-block-list\">\n<li style=\"font-size:16px\"><em>Vou viver 300 anos.<\/em><\/li>\n<\/ul>\n\n\n\n<p class=\"has-text-align-center\" style=\"font-size:19px\"><a href=\"https:\/\/pt.wikipedia.org\/wiki\/Lady_Gaga\">#Lady Gaga<\/a><\/p>\n\n\n\n<p class=\"has-text-align-center\" style=\"font-size:19px\"><a href=\"https:\/\/pt.m.wikipedia.org\/wiki\/Madonna\">#Madonna<\/a><\/p>\n\n\n\n<p class=\"has-text-align-center\" style=\"font-size:19px\"><a href=\"https:\/\/pt.m.wikipedia.org\/wiki\/Boaventura_de_Sousa_Santos\">#Boaventura de Souza Santos<\/a><\/p>\n\n\n\n<p class=\"has-text-align-center\"><a href=\"https:\/\/veja.abril.com.br\/\">#Veja<\/a><\/p>\n\n\n\n<p class=\"has-text-align-center\"><a href=\"https:\/\/veja.abril.com.br\/paginas-amarelas\/\">#P\u00e1ginas Amarelas<\/a><\/p>\n\n\n\n<p class=\"has-text-align-right has-text-color has-link-color wp-elements-ef9eb8cb76113e1b98045e62f38959eb\" style=\"color:#0e6fa7;font-size:16px\">30\/04\/2025<br>(378)<br><a href=\"mailto:mmsmarcos1953@hotmail.com\" target=\"_blank\" rel=\"noreferrer noopener\">mmsmarcos1953@hotmail.com<\/a><\/p>\n\n\n\n<p class=\"has-text-align-right\"><\/p>\n","protected":false},"excerpt":{"rendered":"<p>Verdadeiramente nunca vivemos no futuro (nem no passado). Por outro lado, o que chamamos presente \u00e9 apenas o momento de interface entre a mem\u00f3ria reconfortante ou inquietante do que fomos e a antecipa\u00e7\u00e3o, auspiciosa ou&nbsp;sinistra, do que vamos&nbsp;ser.&nbsp;&#8211; Boaventura de&nbsp;Sousa&nbsp;Santos \u2013 A hist\u00f3ria \u00e9 amarela, e como o sol ela costuma aparecer fulgurante de manh\u00e3 e se p\u00f5e tardezinha l\u00e1 no horizonte. Panorama de quase uma semana, j\u00e1 que agora atingimos o n\u00famero 6, faltando, pois, apenas uma postagem para alcan\u00e7ar \u201c7 dias\u201d. \u00c9 todavia irregular, err\u00e1tica, n\u00e3o h\u00e1 sequ\u00eancia nessa meia d\u00fazia de postagens at\u00e9 ent\u00e3o difundidas na propor\u00e7\u00e3o em que desde o in\u00edcio, em 29\/09\/2024, intercalei assuntos que nada t\u00eam a ver com o t\u00f3pico.&nbsp; Os tempos atuais s\u00e3o de Lady Gaga e seu show deste maio. As previs\u00f5es generalizadas s\u00e3o as mais otimistas, seja pela satisfa\u00e7\u00e3o do p\u00fablico que dever\u00e1 comparecer \u00e0 praia de Copacabana para o aguardado evento (cuja estrutura j\u00e1 montada \u00e9 impressionante conforme pude verificar pessoalmente em viagem ao Rio de Janeiro na semana passada), seja pelo incremento financeiro dos cofres p\u00fablicos em decorr\u00eancia da explos\u00e3o do turismo j\u00e1 praticamente assegurada. Mas volto no tempo para falar de outra cantora americana, que ali\u00e1s arrasou no mesmo local reunindo milh\u00e3o de espectadores e expectadoras ensandecidos com sua performance musical. O mergulho n\u00e3o \u00e9 no 2024, sen\u00e3o que em 25 de novembro de 1992, h\u00e1 trinta e tr\u00eas anos, n\u00famero cabal\u00edstico. Antes de ceder a palavra a Madonna, vamos conhecer o que disse sobre ela o entrevistador Elio Gaspari, um dos maiores jornalistas deste pa\u00eds. \u201cAlimenta-se da intelig\u00eancia de seus cr\u00edticos. Ela transgride na exata medida em que a mandam recuar. Disseram que ela exacerbava a pr\u00f3pria sexualidade, exacerbou-a. Disseram que havia tintas sadomasoquistas em seus shows, fez um \u00e1lbum em que perto da metade das fotografias tem couros, chicotes e mutila\u00e7\u00f5es. Criou um \u2018padr\u00e3o Madonna de escandaliza\u00e7\u00e3o\u2019.\u201d&nbsp; Se algu\u00e9m duvida dessas observa\u00e7\u00f5es, retro, que preste muita aten\u00e7\u00e3o no que adiante restar\u00e1 transcrito das falas daquela que sempre e sempre barbarizou.&nbsp; Agora, damos uma pausa, sem por\u00e9m sair do contexto \u2013 e da entrevista em foco. Trata-se daqueles jogos de pergunta r\u00e1pida e resposta mais r\u00e1pida ainda. O ping \u00e9 o cir\u00fargico Elio Gaspari perguntando e o pong \u00e9 a tempestuosa Madonna respondendo &#8211; que, em negrito, eu tomo a liberdade de assim destacar. Terminado o bate\/rebate, meditemos sobre a declara\u00e7\u00e3o que ponho em destaque a seguir, dada por quem em 1996 viveria no cinema Evita Peron. #Lady Gaga #Madonna #Boaventura de Souza Santos #Veja #P\u00e1ginas Amarelas 30\/04\/2025(378)mmsmarcos1953@hotmail.com<\/p>\n","protected":false},"author":1,"featured_media":16431,"comment_status":"open","ping_status":"open","sticky":false,"template":"","format":"standard","meta":{"footnotes":""},"categories":[1],"tags":[],"class_list":["post-16430","post","type-post","status-publish","format-standard","has-post-thumbnail","hentry","category-sem-categoria"],"_links":{"self":[{"href":"https:\/\/mapati.com.br\/blogmapati\/wp-json\/wp\/v2\/posts\/16430","targetHints":{"allow":["GET"]}}],"collection":[{"href":"https:\/\/mapati.com.br\/blogmapati\/wp-json\/wp\/v2\/posts"}],"about":[{"href":"https:\/\/mapati.com.br\/blogmapati\/wp-json\/wp\/v2\/types\/post"}],"author":[{"embeddable":true,"href":"https:\/\/mapati.com.br\/blogmapati\/wp-json\/wp\/v2\/users\/1"}],"replies":[{"embeddable":true,"href":"https:\/\/mapati.com.br\/blogmapati\/wp-json\/wp\/v2\/comments?post=16430"}],"version-history":[{"count":7,"href":"https:\/\/mapati.com.br\/blogmapati\/wp-json\/wp\/v2\/posts\/16430\/revisions"}],"predecessor-version":[{"id":16443,"href":"https:\/\/mapati.com.br\/blogmapati\/wp-json\/wp\/v2\/posts\/16430\/revisions\/16443"}],"wp:featuredmedia":[{"embeddable":true,"href":"https:\/\/mapati.com.br\/blogmapati\/wp-json\/wp\/v2\/media\/16431"}],"wp:attachment":[{"href":"https:\/\/mapati.com.br\/blogmapati\/wp-json\/wp\/v2\/media?parent=16430"}],"wp:term":[{"taxonomy":"category","embeddable":true,"href":"https:\/\/mapati.com.br\/blogmapati\/wp-json\/wp\/v2\/categories?post=16430"},{"taxonomy":"post_tag","embeddable":true,"href":"https:\/\/mapati.com.br\/blogmapati\/wp-json\/wp\/v2\/tags?post=16430"}],"curies":[{"name":"wp","href":"https:\/\/api.w.org\/{rel}","templated":true}]}}