{"id":16498,"date":"2025-10-02T22:57:17","date_gmt":"2025-10-03T01:57:17","guid":{"rendered":"https:\/\/mapati.com.br\/blogmapati\/?p=16498"},"modified":"2025-10-03T19:10:35","modified_gmt":"2025-10-03T22:10:35","slug":"um-borges-na-esquina-do-cerrado","status":"publish","type":"post","link":"https:\/\/mapati.com.br\/blogmapati\/um-borges-na-esquina-do-cerrado\/","title":{"rendered":"Um Borges na esquina do cerrado"},"content":{"rendered":"\n<p class=\"has-text-align-right\" style=\"font-size:16px\"><em>Um samba\/Que tal um samba?\/Puxar um samba, que tal?\/Para espantar o tempo feio\/Para remediar o estrago\/Que tal um trago?\/Um desafogo, um devaneio<\/em><br>&#8211; Chico Buarque&nbsp;&#8211;<em>&nbsp;<\/em><\/p>\n\n\n\n<p class=\"has-text-align-left has-text-color has-link-color wp-elements-a0c604f046d4d557cef3b77c72abdc7d\" style=\"color:#0e6fa7;font-size:16px\">\u00c9 mais do que conhecida a cr\u00edtica segundo a qual em Bras\u00edlia n\u00e3o tem esquinas. N\u00e3o tem mesmo. E da\u00ed? Os eternos insatisfeitos, como diria meu pai, fingem n\u00e3o saber que h\u00e1 outros aspectos t\u00e3o mais sublimes e relevantes a singularizar a Capital Federal. Fico apenas com o c\u00e9u.\u00a0<\/p>\n\n\n\n<p class=\"has-text-align-left has-text-color has-link-color wp-elements-b64f21410422f1c6b47afa5a966b6212\" style=\"color:#0e6fa7;font-size:16px\">Sou carioca, nascido no Bairro Peixoto, e morador na primeira inf\u00e2ncia do sub\u00farbio de Lins de Vasconcelos e do Centro da Cidade. Numa confusa e lacunosa s\u00edntese, lembro que aportei (sem mar), no Distrito Federal, em agosto de 1962, bem depois da chegada de alguns primos e primas pelo lado paterno de minha fam\u00edlia numerosa. Anos depois, a maior parte retornou \u00e0 cidade do Rio de Janeiro, l\u00e1 se restabelecendo em car\u00e1ter permanente (eu, n\u00e3o; residi l\u00e1 em 1968 e em 1982), enquanto o restante da parentada, ou aqui se consolidou, ou foi dar com os costados temporariamente ou definitivamente em outros munic\u00edpios do Brasil &#8211; Fortaleza, S\u00e3o Jos\u00e9 dos Campos, Niter\u00f3i.\u00a0\u00a0<\/p>\n\n\n\n<p class=\"has-text-align-left has-text-color has-link-color wp-elements-7f3fa1f41309a7bc71a80747a8d75ba1\" style=\"color:#0e6fa7;font-size:16px\">Dos galhos dessa \u00e1rvore, podo um parente que brincou \u00e0 larga nessa varia\u00e7\u00e3o BSB\/RJ, tendo ademais expandido seus horizontes ao passar temporadas de meses e meses, como se nativo fora, em Salvador e Santos. Ele j\u00e1 transitou por este blog no long\u00ednquo 2013 (postagem n\u00ba 022) e no pouquinho mais recente 2018 (postagem n\u00ba 285), antes portanto do per\u00edodo de pesadelos e trevas. Na primeira passagem, apareceu como poeta do Beirute (da Asa Sul ou da Asa Norte, escolham.); na segunda, travestido de vov\u00f4 pagodeiro.\u00a0<\/p>\n\n\n\n<p class=\"has-text-align-left has-text-color has-link-color wp-elements-bab88a3da4e3438f757aa605fa7febd0\" style=\"color:#0e6fa7;font-size:16px\">Pela vertente postagem, esse meu primo de primeiro grau, 71anos rec\u00e9m completados, vem de ser novamente homenageado por mim na expectativa de que tais escritos desarticulados levem um pouco de alento a quem est\u00e1 em tratamento de sa\u00fade h\u00e1 mais de ano. E o fa\u00e7o tamb\u00e9m por virtude de seu talento, fen\u00f4meno comum na outra banda de sua fam\u00edlia materna, formada por Marcio Borges e L\u00f4 Borges, habitantes do Clube da Esquina e decerto admiradores de sua obra art\u00edstica, da qual pin\u00e7o mais uma p\u00e9rola.<\/p>\n\n\n\n<p class=\"has-text-color has-link-color wp-elements-0b17c46280f7980fbdc81d94ea9ef059\" style=\"color:#0e6fa7;font-size:16px\">For\u00e7a, Mauricio de Assis Borges, s\u00f3cio do Clube da Esquina do cerrado.<\/p>\n\n\n<div class=\"wp-block-image\">\n<figure class=\"aligncenter size-large is-resized\"><img fetchpriority=\"high\" decoding=\"async\" width=\"1024\" height=\"637\" src=\"https:\/\/mapati.com.br\/blogmapati\/wp-content\/uploads\/2025\/10\/382_Heitor-dos-Prazeres-1024x637.png\" alt=\"\" class=\"wp-image-16503\" style=\"width:639px;height:auto\" srcset=\"https:\/\/mapati.com.br\/blogmapati\/wp-content\/uploads\/2025\/10\/382_Heitor-dos-Prazeres-1024x637.png 1024w, https:\/\/mapati.com.br\/blogmapati\/wp-content\/uploads\/2025\/10\/382_Heitor-dos-Prazeres-300x187.png 300w, https:\/\/mapati.com.br\/blogmapati\/wp-content\/uploads\/2025\/10\/382_Heitor-dos-Prazeres-768x478.png 768w, https:\/\/mapati.com.br\/blogmapati\/wp-content\/uploads\/2025\/10\/382_Heitor-dos-Prazeres.png 1080w\" sizes=\"(max-width: 1024px) 100vw, 1024px\" \/><figcaption class=\"wp-element-caption\"><em>Samba no Terreiro, 1957<br>Heitor dos Prazeres<\/em><\/figcaption><\/figure>\n<\/div>\n\n\n<p class=\"has-text-align-center\" style=\"font-size:16px\"><a href=\"\nhttps:\/\/www.youtube.com\/watch?v=b2xjbXUR15k\"><br>https:\/\/www.youtube.com\/watch?v=b2xjbXUR15k<\/a><\/p>\n\n\n\n<p style=\"font-size:16px\"><\/p>\n\n\n\n<p class=\"has-text-color has-link-color wp-elements-e573694be67d01076d71e75aad65f909\" style=\"color:#0e6fa7;font-size:16px\"><\/p>\n\n\n\n<p class=\"has-text-align-center\" style=\"font-size:22px\"><strong><em>Que vida boa<\/em><\/strong><\/p>\n\n\n\n<p class=\"has-text-align-center\" style=\"font-size:16px\"><em>Eu j\u00e1 fui paraquedista<br>J\u00e1 fui bicheiro em Mau\u00e1.<br>Fugi muito da pol\u00edcia<br>E briguei em mafu\u00e1<br>Frequentei casa de artista<br>Viajei pra descansar.<br>Essa vida de sambista.<br>Deixa muito a desejar.<br>Essa vida de sambista.<br>Deixa muito a desejar.<\/em><\/p>\n\n\n\n<p class=\"has-text-align-center\" style=\"font-size:16px\"><em>Que vida boa!<br>Deus do c\u00e9u, que vida boa!<br>Quanto mais o tempo passa<br>Mais a gente fica \u00e0 toa.<\/em><\/p>\n\n\n\n<p class=\"has-text-align-center\" style=\"font-size:16px\"><em>Fui pastor adventista.<br>Fiz macumba e patu\u00e1.<br>Fui porteiro, motorista.<br>Garimpeiro no Par\u00e1.<br>Joguei ronda, joguei bisca.<br>Fiz muito dado rolar.<br>Mas tamb\u00e9m j\u00e1 fui passista.<br>Pra poder me destacar.<br>Mas tamb\u00e9m j\u00e1 fui passista.<br>Pra poder me destacar.<\/em><\/p>\n\n\n\n<p class=\"has-text-align-center\" style=\"font-size:16px\"><em>Marinheiro que se preza<br>Leva o barco devagar.<br>Pescador que perde a hora.<br>N\u00e3o acorda pra pescar.<br>Minha nega foi embora.<br>Me deixou sem me avisar.<br>Nessa noite ningu\u00e9m chora.<br>E ningu\u00e9m pode chorar<\/em><\/p>\n\n\n\n<p class=\"has-text-align-center\" style=\"font-size:16px\"><em>Que vida boa&#8230;<\/em><\/p>\n\n\n\n<p class=\"has-text-align-center\" style=\"font-size:18px\"><em><strong>&#8211; Maur\u00edcio de Assis &#8211;<\/strong><\/em><br><br><a href=\"https:\/\/pt.wikipedia.org\/wiki\/Chico_Buarque\">#Chico Buarque<\/a><br><a href=\"https:\/\/pt.wikipedia.org\/wiki\/M%C3%A1rcio_Borges\">#Marcio Borges<\/a><br><a href=\"https:\/\/pt.wikipedia.org\/wiki\/L%C3%B4_Borges#Discografia[38]\">#L\u00f4 Borges<\/a><br><a href=\"https:\/\/www.letras.mus.br\/mauricio-assis\/\">#<em>Mauricio de Assis Borges &#8211; samba &#8220;Que vida boa&#8221;<\/em><\/a><\/p>\n\n\n\n<p class=\"has-text-align-right\" style=\"font-size:16px\">02\/10\/2025<br>(382)<br><a href=\"mailto:mmsmarcos1953@hotmail.com\" target=\"_blank\" rel=\"noreferrer noopener\">mmsmarcos1953@hotmail.com<\/a><\/p>\n","protected":false},"excerpt":{"rendered":"<p>Um samba\/Que tal um samba?\/Puxar um samba, que tal?\/Para espantar o tempo feio\/Para remediar o estrago\/Que tal um trago?\/Um desafogo, um devaneio&#8211; Chico Buarque&nbsp;&#8211;&nbsp; \u00c9 mais do que conhecida a cr\u00edtica segundo a qual em Bras\u00edlia n\u00e3o tem esquinas. N\u00e3o tem mesmo. E da\u00ed? Os eternos insatisfeitos, como diria meu pai, fingem n\u00e3o saber que h\u00e1 outros aspectos t\u00e3o mais sublimes e relevantes a singularizar a Capital Federal. Fico apenas com o c\u00e9u.\u00a0 Sou carioca, nascido no Bairro Peixoto, e morador na primeira inf\u00e2ncia do sub\u00farbio de Lins de Vasconcelos e do Centro da Cidade. Numa confusa e lacunosa s\u00edntese, lembro que aportei (sem mar), no Distrito Federal, em agosto de 1962, bem depois da chegada de alguns primos e primas pelo lado paterno de minha fam\u00edlia numerosa. Anos depois, a maior parte retornou \u00e0 cidade do Rio de Janeiro, l\u00e1 se restabelecendo em car\u00e1ter permanente (eu, n\u00e3o; residi l\u00e1 em 1968 e em 1982), enquanto o restante da parentada, ou aqui se consolidou, ou foi dar com os costados temporariamente ou definitivamente em outros munic\u00edpios do Brasil &#8211; Fortaleza, S\u00e3o Jos\u00e9 dos Campos, Niter\u00f3i.\u00a0\u00a0 Dos galhos dessa \u00e1rvore, podo um parente que brincou \u00e0 larga nessa varia\u00e7\u00e3o BSB\/RJ, tendo ademais expandido seus horizontes ao passar temporadas de meses e meses, como se nativo fora, em Salvador e Santos. Ele j\u00e1 transitou por este blog no long\u00ednquo 2013 (postagem n\u00ba 022) e no pouquinho mais recente 2018 (postagem n\u00ba 285), antes portanto do per\u00edodo de pesadelos e trevas. Na primeira passagem, apareceu como poeta do Beirute (da Asa Sul ou da Asa Norte, escolham.); na segunda, travestido de vov\u00f4 pagodeiro.\u00a0 Pela vertente postagem, esse meu primo de primeiro grau, 71anos rec\u00e9m completados, vem de ser novamente homenageado por mim na expectativa de que tais escritos desarticulados levem um pouco de alento a quem est\u00e1 em tratamento de sa\u00fade h\u00e1 mais de ano. E o fa\u00e7o tamb\u00e9m por virtude de seu talento, fen\u00f4meno comum na outra banda de sua fam\u00edlia materna, formada por Marcio Borges e L\u00f4 Borges, habitantes do Clube da Esquina e decerto admiradores de sua obra art\u00edstica, da qual pin\u00e7o mais uma p\u00e9rola. For\u00e7a, Mauricio de Assis Borges, s\u00f3cio do Clube da Esquina do cerrado. https:\/\/www.youtube.com\/watch?v=b2xjbXUR15k Que vida boa Eu j\u00e1 fui paraquedistaJ\u00e1 fui bicheiro em Mau\u00e1.Fugi muito da pol\u00edciaE briguei em mafu\u00e1Frequentei casa de artistaViajei pra descansar.Essa vida de sambista.Deixa muito a desejar.Essa vida de sambista.Deixa muito a desejar. Que vida boa!Deus do c\u00e9u, que vida boa!Quanto mais o tempo passaMais a gente fica \u00e0 toa. Fui pastor adventista.Fiz macumba e patu\u00e1.Fui porteiro, motorista.Garimpeiro no Par\u00e1.Joguei ronda, joguei bisca.Fiz muito dado rolar.Mas tamb\u00e9m j\u00e1 fui passista.Pra poder me destacar.Mas tamb\u00e9m j\u00e1 fui passista.Pra poder me destacar. Marinheiro que se prezaLeva o barco devagar.Pescador que perde a hora.N\u00e3o acorda pra pescar.Minha nega foi embora.Me deixou sem me avisar.Nessa noite ningu\u00e9m chora.E ningu\u00e9m pode chorar Que vida boa&#8230; &#8211; Maur\u00edcio de Assis &#8211; #Chico Buarque#Marcio Borges#L\u00f4 Borges#Mauricio de Assis Borges &#8211; samba &#8220;Que vida boa&#8221; 02\/10\/2025(382)mmsmarcos1953@hotmail.com<\/p>\n","protected":false},"author":1,"featured_media":16509,"comment_status":"open","ping_status":"open","sticky":false,"template":"","format":"standard","meta":{"footnotes":""},"categories":[1],"tags":[],"class_list":["post-16498","post","type-post","status-publish","format-standard","has-post-thumbnail","hentry","category-sem-categoria"],"_links":{"self":[{"href":"https:\/\/mapati.com.br\/blogmapati\/wp-json\/wp\/v2\/posts\/16498","targetHints":{"allow":["GET"]}}],"collection":[{"href":"https:\/\/mapati.com.br\/blogmapati\/wp-json\/wp\/v2\/posts"}],"about":[{"href":"https:\/\/mapati.com.br\/blogmapati\/wp-json\/wp\/v2\/types\/post"}],"author":[{"embeddable":true,"href":"https:\/\/mapati.com.br\/blogmapati\/wp-json\/wp\/v2\/users\/1"}],"replies":[{"embeddable":true,"href":"https:\/\/mapati.com.br\/blogmapati\/wp-json\/wp\/v2\/comments?post=16498"}],"version-history":[{"count":9,"href":"https:\/\/mapati.com.br\/blogmapati\/wp-json\/wp\/v2\/posts\/16498\/revisions"}],"predecessor-version":[{"id":16514,"href":"https:\/\/mapati.com.br\/blogmapati\/wp-json\/wp\/v2\/posts\/16498\/revisions\/16514"}],"wp:featuredmedia":[{"embeddable":true,"href":"https:\/\/mapati.com.br\/blogmapati\/wp-json\/wp\/v2\/media\/16509"}],"wp:attachment":[{"href":"https:\/\/mapati.com.br\/blogmapati\/wp-json\/wp\/v2\/media?parent=16498"}],"wp:term":[{"taxonomy":"category","embeddable":true,"href":"https:\/\/mapati.com.br\/blogmapati\/wp-json\/wp\/v2\/categories?post=16498"},{"taxonomy":"post_tag","embeddable":true,"href":"https:\/\/mapati.com.br\/blogmapati\/wp-json\/wp\/v2\/tags?post=16498"}],"curies":[{"name":"wp","href":"https:\/\/api.w.org\/{rel}","templated":true}]}}