{"id":1681,"date":"2016-09-15T16:40:09","date_gmt":"2016-09-15T16:40:09","guid":{"rendered":"http:\/\/mapati.com.br\/blog\/?p=1681"},"modified":"2016-09-15T16:40:09","modified_gmt":"2016-09-15T16:40:09","slug":"empoderamento-pela-solidao-ii","status":"publish","type":"post","link":"https:\/\/mapati.com.br\/blogmapati\/empoderamento-pela-solidao-ii\/","title":{"rendered":"Empoderamento pela solid\u00e3o (II)"},"content":{"rendered":"<p style=\"text-align: right;\"><span style=\"font-family: 'trebuchet ms', geneva, sans-serif; font-size: 12pt;\"><em>Penso com mais frio n&#8217;alma ainda na solid\u00e3o total<br \/>\ndos poucos minutos que ter\u00e3o restado<br \/>\nao poeta Hart Crane,<br \/>\nquando, no auge da neurastenia,<br \/>\ndepois de se ter jogado ao mar,<br \/>\nnuma viagem de regresso do M\u00e9xico<br \/>\npara os Estados Unidos, viu sobre si mesmo<br \/>\na imensa noite do oceano imenso \u00e0 sua volta,<br \/>\ne ao longe as luzes do navio que se afastava. O que se ter\u00e3o dito<br \/>\no poeta e a eternidade<br \/>\nnesses poucos instantes<br \/>\nem que ele, quem sabe banhado de poesia total,<br \/>\nboiou a esmo sobre a negra massa l\u00edquida,<br \/>\n\u00e0 espera do abandono?<\/em><\/span><\/p>\n<p style=\"text-align: right;\"><span style=\"font-family: 'trebuchet ms', geneva, sans-serif; font-size: 12pt;\"><em>(Vinicius de Moraes)<\/em><\/span><\/p>\n<p>Me despe\u00e7o da Seira Beira &#8211; por ora e j\u00e1 com saudades, pois sou um solit\u00e1rio\u00a0acovardado.<\/p>\n<p>Greta Garbo, quem diria, acabou no Iraj\u00e1. Isso faz parte da realidade. Na fic\u00e7\u00e3o, elaboraram que Hilda Hirst sa\u00edra de sua ch\u00e1cara no interior de S\u00e3o Paulo para morrer num hospital de Campinas.<\/p>\n<p>Pera\u00ed, \u00e9 o contr\u00e1rio. A atriz sueca n\u00e3o terminara seus dias no bairro suburbano do Rio de Janeiro (era s\u00f3 uma pe\u00e7a de teatro) e a escritora e poeta brasileira, moradora da fazenda de sua fam\u00edlia por quase quatro d\u00e9cadas, despedira-se da gente na cidade paulista dos times Guarani e Ponte Preta.<\/p>\n<p>Eram ambas, se assim posso me exprimir, escancaradamente reclusas. E ningu\u00e9m se surpreenderia com os coment\u00e1rios que as duas artistas externariam diante das recomenda\u00e7\u00f5es \u201cfuncionais\u201d dadas por dois homens a Tati Bernardi.<\/p>\n<p style=\"padding-left: 90px;\"><span style=\"font-family: 'trebuchet ms', geneva, sans-serif;\"><em>\u201cNo meio do papanicolau, meu ginecologista, casado h\u00e1 mais de 30 anos, me perguntou quando eu pararia com os romances frugais e teria um filho, uma fam\u00edlia. Ele, me escavando por dentro, disse a seguinte e maravilhosa frase: \u2018Tem que tomar cuidado pra n\u00e3o acabar sozinha\u2019. Sa\u00ed de l\u00e1 com uma receita de antidepressivo e uma aula sobre o que \u00e9 ser funcional. Pessoas funcionais n\u00e3o \u2018acabam sozinhas\u2019, ele disse.<\/em><\/span><\/p>\n<p style=\"padding-left: 90px;\"><span style=\"font-family: 'trebuchet ms', geneva, sans-serif;\"><em>\u201cNo gastro, meses depois, aconteceu algo muito parecido. Eu queria todos os rem\u00e9dios do mundo para queima\u00e7\u00e3o, azia, refluxo, mas ele queria apenas saber o motivo de \u2018uma mo\u00e7a bonita dessa idade n\u00e3o estar casada e com filhos\u2019. Eu expliquei que fam\u00edlia \u00e9 essa entidade que planeja \u2018onde vamos passar o Ano Novo\u2019 com oito meses de anteced\u00eancia e que tudo nessa frase me apavora. Sa\u00ed de l\u00e1 com uma receita de antidepressivo e uma aula sobre o que \u00e9 ser funcional. Pessoas funcionais n\u00e3o t\u00eam fobia de comemorar o ano novo em praias da moda com milhares de outras pessoas funcionais que, quase sempre, s\u00f3 conversam coisas meio tolas e da moda. Conversar coisas tolas, inclusive, faz um bem danado e, por isso, \u00e9 umas das prioridades dos funcionais. O funcional tem como base fundante estar bem. Se voc\u00ea tem como base fundante estar mal, voc\u00ea n\u00e3o \u00e9 um funcional.\u201d<\/em><\/span><\/p>\n<figure id=\"attachment_1685\" aria-describedby=\"caption-attachment-1685\" style=\"width: 395px\" class=\"wp-caption alignleft\"><img fetchpriority=\"high\" decoding=\"async\" class=\" wp-image-1685\" src=\"http:\/\/2017.mapati.com.br\/wp-content\/uploads\/2016\/09\/209_tatibernardi.jpg\" alt=\"http:\/\/photos1.blogger.com\/blogger\/6764\/564\/400\/Virtuvian%20Woman.0.jpg\" width=\"395\" height=\"506\" srcset=\"https:\/\/mapati.com.br\/blogmapati\/wp-content\/uploads\/2016\/09\/209_tatibernardi.jpg 482w, https:\/\/mapati.com.br\/blogmapati\/wp-content\/uploads\/2016\/09\/209_tatibernardi-234x300.jpg 234w, https:\/\/mapati.com.br\/blogmapati\/wp-content\/uploads\/2016\/09\/209_tatibernardi-200x256.jpg 200w, https:\/\/mapati.com.br\/blogmapati\/wp-content\/uploads\/2016\/09\/209_tatibernardi-400x513.jpg 400w\" sizes=\"(max-width: 395px) 100vw, 395px\" \/><figcaption id=\"caption-attachment-1685\" class=\"wp-caption-text\"><span style=\"font-size: 8pt;\">http:\/\/photos1.blogger.com\/blogger\/6764\/564\/400\/Virtuvian%20Woman.0.jpg<\/span><\/figcaption><\/figure>\n<p>Profissionais que desbordaram dos limites de uma simples consulta de suas especialidades m\u00e9dicas, eles talvez n\u00e3o tivessem no\u00e7\u00e3o de que a paciente estava combalida do ponto de vista cl\u00ednico mas vendia sa\u00fade no aspecto psicol\u00f3gico. Colunista da Folha de S\u00e3o Paulo, a Tati era a outra mulher que eu anunciara na postagem anterior do empoderamento (feminino). Na mesma toada da Seira Beira, a Tati \u00e9 braba pra caramba, al\u00e9m de n\u00e3o se aproximar do nome nem da ideologia da Tatiana (\u2018Tati\u2019) Bitati, a personagem burguesa do Ver\u00edssimo.<\/p>\n<p>Experimentem alguma alus\u00e3o a Marco Polo, o homem que cruzou boa parte deste mundo; digam que o sonho de voc\u00eas \u00e9 entrar numa ag\u00eancia de viagens e atravessar o oceano num transatl\u00e2ntico; espalhem por a\u00ed que nada supera em emo\u00e7\u00e3o percorrer a Rodovia da morte ou se aventurar pela Transilv\u00e2nia. Voc\u00eas v\u00e3o ouvir, \u00e0 medida que forem lendo, que:<\/p>\n<p style=\"padding-left: 90px;\"><span style=\"font-family: 'trebuchet ms', geneva, sans-serif;\"><em>\u201cQuando digo a qualquer psiquiatra que \u2018n\u00e3o curto exatamente viajar\u2019 \u00e9 como se eu apertasse o play de uma m\u00fasica chata, um hit de ver\u00e3o, com um \u00fanico refr\u00e3o que diz: au-au-au voc\u00ea n\u00e3o \u00e9 funcional! Pessoas funcionais amam viajar, amam juntar uma turma enorme e viajar, amam praias lotadas, estradas e bares cheios. Amam festas de casamento e festas de Ano Novo e amam, sobretudo, casar e desejar \u2018feliz Ano Novo\u2019 quando \u00e9 anivers\u00e1rio de algu\u00e9m.<\/em><\/span><\/p>\n<p>Concluindo suas diatribes (esclare\u00e7o que n\u00e3o pincei todas as passagens do artigo), a Tati tece elogio aos doidos que em realidade nada t\u00eam de doidos e desfere a \u00faltima lapada na dupla de doutores arautos da funcionalidade.<\/p>\n<p style=\"padding-left: 90px;\"><span style=\"font-family: 'trebuchet ms', geneva, sans-serif;\"><em>\u201cPensemos assim. Se eu olhasse agora, de cima do meu pr\u00e9dio, e visse um bando de gente, voc\u00ea estaria camuflado ali no meio da manada, com sua armadura de funcional, ou voc\u00ea seria um louco, na contram\u00e3o, querendo entender sua ang\u00fastia mesmo sabendo que ela s\u00f3 se chama ang\u00fastia porque \u00e9 justamente a parte que n\u00e3o entendemos?<\/em><\/span><\/p>\n<p style=\"padding-left: 90px;\"><span style=\"font-family: 'trebuchet ms', geneva, sans-serif;\"><em>\u201cMas calma. Se voc\u00ea \u00e9 um pouco triste, um pouco tremelica o peito e d\u00e1 \u00e2nsia, um pouco \u2018s\u00f3 tinha gente chata ent\u00e3o fui embora\u2019, isso n\u00e3o \u00e9 voc\u00ea, isso \u00e9 a sua doen\u00e7a e um rem\u00e9dio pode te curar rapidamente.\u201d<\/em><\/span><\/p>\n<p style=\"text-align: right;\">15\/09\/2016<\/p>\n<p style=\"text-align: right;\">(209)<\/p>\n<p style=\"text-align: right;\"><span style=\"color: #0000ff;\"><a style=\"color: #0000ff;\" href=\"mailto:mmsmarcos1953@hotmail.com\">mmsmarcos1953@hotmail.com<\/a><\/span><\/p>\n","protected":false},"excerpt":{"rendered":"<p>Penso com mais frio n&#8217;alma ainda na solid\u00e3o total dos poucos minutos que ter\u00e3o restado ao poeta Hart Crane, quando, no auge da neurastenia, depois de se ter jogado ao mar, numa viagem de regresso do M\u00e9xico para os Estados Unidos, viu sobre si mesmo a imensa noite do oceano imenso \u00e0 sua volta, e ao longe as luzes do navio que se afastava. O que se ter\u00e3o dito o poeta e a eternidade nesses poucos instantes em que ele, quem sabe banhado de poesia total, boiou a esmo sobre a negra massa l\u00edquida, \u00e0 espera do abandono? (Vinicius de Moraes) Me despe\u00e7o da Seira Beira &#8211; por ora e j\u00e1 com saudades, pois sou um solit\u00e1rio\u00a0acovardado. Greta Garbo, quem diria, acabou no Iraj\u00e1. Isso faz parte da realidade. Na fic\u00e7\u00e3o, elaboraram que Hilda Hirst sa\u00edra de sua ch\u00e1cara no interior de S\u00e3o Paulo para morrer num hospital de Campinas. Pera\u00ed, \u00e9 o contr\u00e1rio. A atriz sueca n\u00e3o terminara seus dias no bairro suburbano do Rio de Janeiro (era s\u00f3 uma pe\u00e7a de teatro) e a escritora e poeta brasileira, moradora da fazenda de sua fam\u00edlia por quase quatro d\u00e9cadas, despedira-se da gente na cidade paulista dos times Guarani e Ponte Preta. Eram ambas, se assim posso me exprimir, escancaradamente reclusas. E ningu\u00e9m se surpreenderia com os coment\u00e1rios que as duas artistas externariam diante das recomenda\u00e7\u00f5es \u201cfuncionais\u201d dadas por dois homens a Tati Bernardi. \u201cNo meio do papanicolau, meu ginecologista, casado h\u00e1 mais de 30 anos, me perguntou quando eu pararia com os romances frugais e teria um filho, uma fam\u00edlia. Ele, me escavando por dentro, disse a seguinte e maravilhosa frase: \u2018Tem que tomar cuidado pra n\u00e3o acabar sozinha\u2019. Sa\u00ed de l\u00e1 com uma receita de antidepressivo e uma aula sobre o que \u00e9 ser funcional. Pessoas funcionais n\u00e3o \u2018acabam sozinhas\u2019, ele disse. \u201cNo gastro, meses depois, aconteceu algo muito parecido. Eu queria todos os rem\u00e9dios do mundo para queima\u00e7\u00e3o, azia, refluxo, mas ele queria apenas saber o motivo de \u2018uma mo\u00e7a bonita dessa idade n\u00e3o estar casada e com filhos\u2019. Eu expliquei que fam\u00edlia \u00e9 essa entidade que planeja \u2018onde vamos passar o Ano Novo\u2019 com oito meses de anteced\u00eancia e que tudo nessa frase me apavora. Sa\u00ed de l\u00e1 com uma receita de antidepressivo e uma aula sobre o que \u00e9 ser funcional. Pessoas funcionais n\u00e3o t\u00eam fobia de comemorar o ano novo em praias da moda com milhares de outras pessoas funcionais que, quase sempre, s\u00f3 conversam coisas meio tolas e da moda. Conversar coisas tolas, inclusive, faz um bem danado e, por isso, \u00e9 umas das prioridades dos funcionais. O funcional tem como base fundante estar bem. Se voc\u00ea tem como base fundante estar mal, voc\u00ea n\u00e3o \u00e9 um funcional.\u201d Profissionais que desbordaram dos limites de uma simples consulta de suas especialidades m\u00e9dicas, eles talvez n\u00e3o tivessem no\u00e7\u00e3o de que a paciente estava combalida do ponto de vista cl\u00ednico mas vendia sa\u00fade no aspecto psicol\u00f3gico. Colunista da Folha de S\u00e3o Paulo, a Tati era a outra mulher que eu anunciara na postagem anterior do empoderamento (feminino). Na mesma toada da Seira Beira, a Tati \u00e9 braba pra caramba, al\u00e9m de n\u00e3o se aproximar do nome nem da ideologia da Tatiana (\u2018Tati\u2019) Bitati, a personagem burguesa do Ver\u00edssimo. Experimentem alguma alus\u00e3o a Marco Polo, o homem que cruzou boa parte deste mundo; digam que o sonho de voc\u00eas \u00e9 entrar numa ag\u00eancia de viagens e atravessar o oceano num transatl\u00e2ntico; espalhem por a\u00ed que nada supera em emo\u00e7\u00e3o percorrer a Rodovia da morte ou se aventurar pela Transilv\u00e2nia. Voc\u00eas v\u00e3o ouvir, \u00e0 medida que forem lendo, que: \u201cQuando digo a qualquer psiquiatra que \u2018n\u00e3o curto exatamente viajar\u2019 \u00e9 como se eu apertasse o play de uma m\u00fasica chata, um hit de ver\u00e3o, com um \u00fanico refr\u00e3o que diz: au-au-au voc\u00ea n\u00e3o \u00e9 funcional! Pessoas funcionais amam viajar, amam juntar uma turma enorme e viajar, amam praias lotadas, estradas e bares cheios. Amam festas de casamento e festas de Ano Novo e amam, sobretudo, casar e desejar \u2018feliz Ano Novo\u2019 quando \u00e9 anivers\u00e1rio de algu\u00e9m. Concluindo suas diatribes (esclare\u00e7o que n\u00e3o pincei todas as passagens do artigo), a Tati tece elogio aos doidos que em realidade nada t\u00eam de doidos e desfere a \u00faltima lapada na dupla de doutores arautos da funcionalidade. \u201cPensemos assim. Se eu olhasse agora, de cima do meu pr\u00e9dio, e visse um bando de gente, voc\u00ea estaria camuflado ali no meio da manada, com sua armadura de funcional, ou voc\u00ea seria um louco, na contram\u00e3o, querendo entender sua ang\u00fastia mesmo sabendo que ela s\u00f3 se chama ang\u00fastia porque \u00e9 justamente a parte que n\u00e3o entendemos? \u201cMas calma. Se voc\u00ea \u00e9 um pouco triste, um pouco tremelica o peito e d\u00e1 \u00e2nsia, um pouco \u2018s\u00f3 tinha gente chata ent\u00e3o fui embora\u2019, isso n\u00e3o \u00e9 voc\u00ea, isso \u00e9 a sua doen\u00e7a e um rem\u00e9dio pode te curar rapidamente.\u201d 15\/09\/2016 (209) mmsmarcos1953@hotmail.com<\/p>\n","protected":false},"author":1,"featured_media":0,"comment_status":"open","ping_status":"open","sticky":false,"template":"","format":"standard","meta":{"footnotes":""},"categories":[1],"tags":[],"class_list":["post-1681","post","type-post","status-publish","format-standard","hentry","category-sem-categoria"],"_links":{"self":[{"href":"https:\/\/mapati.com.br\/blogmapati\/wp-json\/wp\/v2\/posts\/1681","targetHints":{"allow":["GET"]}}],"collection":[{"href":"https:\/\/mapati.com.br\/blogmapati\/wp-json\/wp\/v2\/posts"}],"about":[{"href":"https:\/\/mapati.com.br\/blogmapati\/wp-json\/wp\/v2\/types\/post"}],"author":[{"embeddable":true,"href":"https:\/\/mapati.com.br\/blogmapati\/wp-json\/wp\/v2\/users\/1"}],"replies":[{"embeddable":true,"href":"https:\/\/mapati.com.br\/blogmapati\/wp-json\/wp\/v2\/comments?post=1681"}],"version-history":[{"count":0,"href":"https:\/\/mapati.com.br\/blogmapati\/wp-json\/wp\/v2\/posts\/1681\/revisions"}],"wp:attachment":[{"href":"https:\/\/mapati.com.br\/blogmapati\/wp-json\/wp\/v2\/media?parent=1681"}],"wp:term":[{"taxonomy":"category","embeddable":true,"href":"https:\/\/mapati.com.br\/blogmapati\/wp-json\/wp\/v2\/categories?post=1681"},{"taxonomy":"post_tag","embeddable":true,"href":"https:\/\/mapati.com.br\/blogmapati\/wp-json\/wp\/v2\/tags?post=1681"}],"curies":[{"name":"wp","href":"https:\/\/api.w.org\/{rel}","templated":true}]}}