{"id":1726,"date":"2016-10-08T02:49:17","date_gmt":"2016-10-08T02:49:17","guid":{"rendered":"http:\/\/mapati.com.br\/blog\/?p=1726"},"modified":"2016-10-08T02:49:17","modified_gmt":"2016-10-08T02:49:17","slug":"bacenianas","status":"publish","type":"post","link":"https:\/\/mapati.com.br\/blogmapati\/bacenianas\/","title":{"rendered":"Bacenianas"},"content":{"rendered":"<p>Andei escrevendo l\u00e1 atr\u00e1s algumas observa\u00e7\u00f5es sobre o Banco Central, creio que numa das postagens intituladas \u201cSociologu\u00eas\u201d.<\/p>\n<p>Renovou-se-me (obrigado, MT) a vontade de contar causos assim que brilhara na tela do meu <em>note<\/em> a palavra \u201cFim\u201d. N\u00e3o era meu computador se desligando. O <em>ze-fi-ni<\/em> \u00a0arrematava o hist\u00f3rico filmete <em>Edif\u00edcio-Sede 35 anos<\/em>, divulgado na Edi\u00e7\u00e3o 373, de 3 do corrente m\u00eas, do Conex\u00e3o Real, ve\u00edculo de comunica\u00e7\u00e3o interna da autarquia, e tamb\u00e9m no Youtube, a que assisti n\u00e3o sem emo\u00e7\u00e3o.<\/p>\n<figure id=\"attachment_1727\" aria-describedby=\"caption-attachment-1727\" style=\"width: 850px\" class=\"wp-caption aligncenter\"><img fetchpriority=\"high\" decoding=\"async\" class=\"wp-image-1727\" src=\"http:\/\/2017.mapati.com.br\/wp-content\/uploads\/2016\/10\/213_bacen1.jpg\" alt=\"https:\/\/www.bcb.gov.br\/pre\/Historia\/HistoriaBC\/historia_BC.asp\" width=\"850\" height=\"571\" srcset=\"https:\/\/mapati.com.br\/blogmapati\/wp-content\/uploads\/2016\/10\/213_bacen1.jpg 943w, https:\/\/mapati.com.br\/blogmapati\/wp-content\/uploads\/2016\/10\/213_bacen1-300x202.jpg 300w, https:\/\/mapati.com.br\/blogmapati\/wp-content\/uploads\/2016\/10\/213_bacen1-768x516.jpg 768w, https:\/\/mapati.com.br\/blogmapati\/wp-content\/uploads\/2016\/10\/213_bacen1-200x134.jpg 200w, https:\/\/mapati.com.br\/blogmapati\/wp-content\/uploads\/2016\/10\/213_bacen1-400x269.jpg 400w, https:\/\/mapati.com.br\/blogmapati\/wp-content\/uploads\/2016\/10\/213_bacen1-600x403.jpg 600w, https:\/\/mapati.com.br\/blogmapati\/wp-content\/uploads\/2016\/10\/213_bacen1-800x538.jpg 800w\" sizes=\"(max-width: 850px) 100vw, 850px\" \/><figcaption id=\"caption-attachment-1727\" class=\"wp-caption-text\"><span style=\"font-size: 8pt;\">https:\/\/www.bcb.gov.br\/pre\/Historia\/HistoriaBC\/historia_BC.asp<\/span><\/figcaption><\/figure>\n<p>Estamos em abril de 1972, quando tomo posse no Bacen, oriundo do Banco do Brasil, onde nunca trabalhei. Foge \u00e0 lembran\u00e7a o nome do cargo assumido por quem completava 19 anos de vida e zero de experi\u00eancia\u00a0 profissional. De outra parte, nessa mem\u00f3ria avariada ainda resta sem n\u00e9voa a recep\u00e7\u00e3o de que o jovem fora merecedor juntamente com o outro colega contempor\u00e2neo ao seu lado, investido ao depois no papel de compadre por haver batizado a Patricia, filha mais velha do empossado e hoje autor, neste <em>blog<\/em>, de perplexidades e desatinos lingu\u00edsticos.<\/p>\n<p>O ent\u00e3o chefe da \u00e1rea de pessoal da autoridade supervisora do Sistema Financeiro Nacional, ap\u00f3s r\u00e1pido cumprimento protocolar, olhou para aquela dupla de apalermados, cada um deles com seu terno e gravata para l\u00e1 de cafona, e perguntou (ou interrogou) se faz\u00edamos faculdade e, em caso afirmativo, qual curso.<\/p>\n<p>\u201cEu fa\u00e7o Direito\u201d, balbuciei.<\/p>\n<p>\u201cEu fa\u00e7o Economia\u201d, arrematou mais convictamente o garoto que levaria a menina \u00e0 pia batismal.<\/p>\n<p>Sem mais delongas &#8211; como se num encaminhamento burocr\u00e1tico de exilados vitoriosos na suicida travessia mar\u00edtima no rumo da It\u00e1lia; sem arrimo nenhum em curso de forma\u00e7\u00e3o e ambienta\u00e7\u00e3o, implantados em 1975, o tarimbado servidor p\u00fablico deixara carimbado no meu peito o destino funcional, setor de mercado de capitais, incipiente no pa\u00eds, lotando o outro calouro no setor de c\u00e2mbio.<\/p>\n<p>Os dois servimos \u00e0 casa por mais de quatro d\u00e9cadas, mas isso eu vou contando \u00e0 medida que esse t\u00f3pico for se desenvolvendo.<\/p>\n<p>Por ora, firma-se meu compromisso de brevemente abordar minha primeira experi\u00eancia com despachos, cotas, pareceres, expedientes, cartas, of\u00edcios, entre outros documentos do arsenal burocr\u00e1tico.<\/p>\n<p><iframe title=\"Edif\u00edcio-Sede 35 anos\" width=\"960\" height=\"540\" src=\"https:\/\/www.youtube.com\/embed\/gaiPLGjngUc?feature=oembed\" frameborder=\"0\" allow=\"accelerometer; autoplay; clipboard-write; encrypted-media; gyroscope; picture-in-picture; web-share\" allowfullscreen><\/iframe><\/p>\n<p>&nbsp;<\/p>\n<p style=\"text-align: right;\">07\/10\/2016<\/p>\n<p style=\"text-align: right;\">(213)<\/p>\n<p style=\"text-align: right;\"><a href=\"mailto:mmsmarcos1953@hotmail.com\"><span style=\"color: #0000ff;\">mmsmarcos1953@hotmail.com<\/span><\/a><\/p>\n","protected":false},"excerpt":{"rendered":"<p>Andei escrevendo l\u00e1 atr\u00e1s algumas observa\u00e7\u00f5es sobre o Banco Central, creio que numa das postagens intituladas \u201cSociologu\u00eas\u201d. Renovou-se-me (obrigado, MT) a vontade de contar causos assim que brilhara na tela do meu note a palavra \u201cFim\u201d. N\u00e3o era meu computador se desligando. O ze-fi-ni \u00a0arrematava o hist\u00f3rico filmete Edif\u00edcio-Sede 35 anos, divulgado na Edi\u00e7\u00e3o 373, de 3 do corrente m\u00eas, do Conex\u00e3o Real, ve\u00edculo de comunica\u00e7\u00e3o interna da autarquia, e tamb\u00e9m no Youtube, a que assisti n\u00e3o sem emo\u00e7\u00e3o. Estamos em abril de 1972, quando tomo posse no Bacen, oriundo do Banco do Brasil, onde nunca trabalhei. Foge \u00e0 lembran\u00e7a o nome do cargo assumido por quem completava 19 anos de vida e zero de experi\u00eancia\u00a0 profissional. De outra parte, nessa mem\u00f3ria avariada ainda resta sem n\u00e9voa a recep\u00e7\u00e3o de que o jovem fora merecedor juntamente com o outro colega contempor\u00e2neo ao seu lado, investido ao depois no papel de compadre por haver batizado a Patricia, filha mais velha do empossado e hoje autor, neste blog, de perplexidades e desatinos lingu\u00edsticos. O ent\u00e3o chefe da \u00e1rea de pessoal da autoridade supervisora do Sistema Financeiro Nacional, ap\u00f3s r\u00e1pido cumprimento protocolar, olhou para aquela dupla de apalermados, cada um deles com seu terno e gravata para l\u00e1 de cafona, e perguntou (ou interrogou) se faz\u00edamos faculdade e, em caso afirmativo, qual curso. \u201cEu fa\u00e7o Direito\u201d, balbuciei. \u201cEu fa\u00e7o Economia\u201d, arrematou mais convictamente o garoto que levaria a menina \u00e0 pia batismal. Sem mais delongas &#8211; como se num encaminhamento burocr\u00e1tico de exilados vitoriosos na suicida travessia mar\u00edtima no rumo da It\u00e1lia; sem arrimo nenhum em curso de forma\u00e7\u00e3o e ambienta\u00e7\u00e3o, implantados em 1975, o tarimbado servidor p\u00fablico deixara carimbado no meu peito o destino funcional, setor de mercado de capitais, incipiente no pa\u00eds, lotando o outro calouro no setor de c\u00e2mbio. Os dois servimos \u00e0 casa por mais de quatro d\u00e9cadas, mas isso eu vou contando \u00e0 medida que esse t\u00f3pico for se desenvolvendo. Por ora, firma-se meu compromisso de brevemente abordar minha primeira experi\u00eancia com despachos, cotas, pareceres, expedientes, cartas, of\u00edcios, entre outros documentos do arsenal burocr\u00e1tico. &nbsp; 07\/10\/2016 (213) mmsmarcos1953@hotmail.com<\/p>\n","protected":false},"author":1,"featured_media":0,"comment_status":"open","ping_status":"open","sticky":false,"template":"","format":"standard","meta":{"footnotes":""},"categories":[1],"tags":[],"class_list":["post-1726","post","type-post","status-publish","format-standard","hentry","category-sem-categoria"],"_links":{"self":[{"href":"https:\/\/mapati.com.br\/blogmapati\/wp-json\/wp\/v2\/posts\/1726","targetHints":{"allow":["GET"]}}],"collection":[{"href":"https:\/\/mapati.com.br\/blogmapati\/wp-json\/wp\/v2\/posts"}],"about":[{"href":"https:\/\/mapati.com.br\/blogmapati\/wp-json\/wp\/v2\/types\/post"}],"author":[{"embeddable":true,"href":"https:\/\/mapati.com.br\/blogmapati\/wp-json\/wp\/v2\/users\/1"}],"replies":[{"embeddable":true,"href":"https:\/\/mapati.com.br\/blogmapati\/wp-json\/wp\/v2\/comments?post=1726"}],"version-history":[{"count":0,"href":"https:\/\/mapati.com.br\/blogmapati\/wp-json\/wp\/v2\/posts\/1726\/revisions"}],"wp:attachment":[{"href":"https:\/\/mapati.com.br\/blogmapati\/wp-json\/wp\/v2\/media?parent=1726"}],"wp:term":[{"taxonomy":"category","embeddable":true,"href":"https:\/\/mapati.com.br\/blogmapati\/wp-json\/wp\/v2\/categories?post=1726"},{"taxonomy":"post_tag","embeddable":true,"href":"https:\/\/mapati.com.br\/blogmapati\/wp-json\/wp\/v2\/tags?post=1726"}],"curies":[{"name":"wp","href":"https:\/\/api.w.org\/{rel}","templated":true}]}}