{"id":1787,"date":"2016-11-03T23:43:13","date_gmt":"2016-11-03T23:43:13","guid":{"rendered":"http:\/\/mapati.com.br\/blog\/?p=1787"},"modified":"2016-11-03T23:43:13","modified_gmt":"2016-11-03T23:43:13","slug":"historias-do-teatro-brasiliense-vi","status":"publish","type":"post","link":"https:\/\/mapati.com.br\/blogmapati\/historias-do-teatro-brasiliense-vi\/","title":{"rendered":"Hist\u00f3rias do teatro brasiliense (VI)"},"content":{"rendered":"<p>H\u00e1 consenso de que os anos 80 n\u00e3o s\u00f3 terminaram, foram a d\u00e9cada perdida. Para mim, significaram muito: trouxeram ao mundo meu filho, Tiago, o meu Velha, em 1981, e o levaram em 1983, uma dor enorme, infinita, permanente.<\/p>\n<p>Igualmente, ningu\u00e9m discute mais, virou um dogma, n\u00f3s, do ocidente, n\u00e3o sabermos lidar com esse sentimento de perda. Verdade que temos experimentado melhoras, existem muitos <em>sites<\/em> (dou como exemplo o \u201cvamosdiscutiroluto\u201d) que abordam esse assunto sem nenhuma limita\u00e7\u00e3o ou constrangimento. Fala-se ali de tudo o que se relaciona com a morte e os mais decididos e corajosos se sentem \u00e0 vontade para o evisceramento seguido de al\u00edvio ao concluir o relato, n\u00e3o raro minucioso e emocionado, acerca do passamento de entes da fam\u00edlia ou de pessoas pr\u00f3ximas ou amigas.<\/p>\n<p>Este cap\u00edtulo, eu o abandonara em julho p.p., retomando agora a tarefa porque o t\u00f3pico precisar\u00e1 de continuidade at\u00e9 nossos dias, quando ir\u00e1 perecer fatal e logicamente porque tempo pret\u00e9rito.<\/p>\n<p style=\"padding-left: 60px;\"><span style=\"font-family: 'trebuchet ms', geneva, sans-serif;\"><em>\u201cNos oitenta muito mais que montagem de autores de fora, se destacam as cria\u00e7\u00f5es coletivas, realizadas por v\u00e1rios grupos. Com a experimenta\u00e7\u00e3o inicial dos setenta, v\u00e1rias pessoas come\u00e7am a configurar uma linguagem particular e vinculada com a identidade local e com um maior amadurecimento. O panorama teatral come\u00e7a a se estabilizar e essa d\u00e9cada aponta em seus trabalhos v\u00e1rias caracter\u00edsticas da \u2018brasilianidade\u2019.<\/em><\/span><\/p>\n<p style=\"padding-left: 60px;\"><span style=\"font-family: 'trebuchet ms', geneva, sans-serif;\"><em>\u201cCarro\u00e7a e Katharsis iniciam a d\u00e9cada de 1980 ganhando o Pr\u00eamio Mambembe, por dois anos consecutivos, respectivamente com os espet\u00e1culos,\u00a0<\/em>Capital da Esperan\u00e7a<em> (1980) dirigido por Humberto Pedrancini e <\/em>A raiz do pau encarnado<em> (1981), dirigido por Chico Expedito. Esse pr\u00eamio era oferecido aos melhores espet\u00e1culos de cada regi\u00e3o brasileira, subsidiando<\/em> tours<em> nacionais.\u201d<\/em><\/span><\/p>\n<p>Quem se d\u00e1 ao trabalho de viajar em cima, n\u00e3o da Carro\u00e7a acima, mas deste blog, sabe que toda essa minha conta\u00e7\u00e3o encontra-se arrimada no livro Hist\u00f3ria do Teatro Brasiliense, de Fernando Pinheiro Villar e Eliezer Faleiros de Carvalho, sem o qual nossas c\u00eanicas ficariam ainda mais carentes de mem\u00f3ria (car\u00eancia de recursos financeiros \u00e9 outra hist\u00f3ria e quase o mesmo drama).<\/p>\n<p>Mais uma vez, vou pegando os condimentos no pote de picles para cita\u00e7\u00e3o das passagens em que a dupla de autores do belo registro rememora os artistas e as artistas cujo \u201cnascimento\u201d ocorrera na d\u00e9cada tida por malfadada.<\/p>\n<p style=\"padding-left: 60px;\"><span style=\"font-family: 'trebuchet ms', geneva, sans-serif;\"><em>\u201cAl\u00e9m do Mambemb\u00e3o um outro projeto que merece destaque (&#8230;) no in\u00edcio da d\u00e9cada de 1980 foi o Projeto Plat\u00e9ia. Esse projeto levava apresenta\u00e7\u00f5pes e oficinas para gupos teatrais iniciantes fortalecendo a forma\u00e7\u00e3o desses grupos, que eram sempre ligados \u00e0 escolas e associa\u00e7\u00f5es comunit\u00e1rias. Um grupo de bastante destaque surgido desse projeto foi o Grupo Retalhos no qual personagens importantes como Chico Sim\u00f5es e Jos\u00e9 Regino iniciaram sua trajet\u00f3ria teatral. Outro grupo formado tamb\u00e9m por esse projeto foi o grupo Trapo (1982) que deu origem \u00e0 Cia. Bagagem de Bonecos dirigida por Airton Maciano e Marco Augusto. O Bagagem atua desde o ano de 1984 com sede no Gama, com v\u00e1rios espet\u00e1culos em seu repert\u00f3rio, al\u00e9m de confeccionar bonecos e adere\u00e7os.\u201d<\/em><\/span><\/p>\n<p>Tem mais gente que nessa \u00e9poca estreou no peda\u00e7o (essa \u00e9 nova), cujos nomes e trajet\u00f3ria inicial ser\u00e3o referenciados em breve.<\/p>\n<figure id=\"attachment_1788\" aria-describedby=\"caption-attachment-1788\" style=\"width: 960px\" class=\"wp-caption alignleft\"><img fetchpriority=\"high\" decoding=\"async\" class=\"size-full wp-image-1788\" src=\"http:\/\/2017.mapati.com.br\/wp-content\/uploads\/2016\/11\/Dimer1.jpg\" alt=\"Foto retirada do Facebook de Dimer Monteiro\" width=\"960\" height=\"541\" srcset=\"https:\/\/mapati.com.br\/blogmapati\/wp-content\/uploads\/2016\/11\/Dimer1.jpg 960w, https:\/\/mapati.com.br\/blogmapati\/wp-content\/uploads\/2016\/11\/Dimer1-300x169.jpg 300w, https:\/\/mapati.com.br\/blogmapati\/wp-content\/uploads\/2016\/11\/Dimer1-768x433.jpg 768w, https:\/\/mapati.com.br\/blogmapati\/wp-content\/uploads\/2016\/11\/Dimer1-200x113.jpg 200w, https:\/\/mapati.com.br\/blogmapati\/wp-content\/uploads\/2016\/11\/Dimer1-400x225.jpg 400w, https:\/\/mapati.com.br\/blogmapati\/wp-content\/uploads\/2016\/11\/Dimer1-600x338.jpg 600w, https:\/\/mapati.com.br\/blogmapati\/wp-content\/uploads\/2016\/11\/Dimer1-800x451.jpg 800w\" sizes=\"(max-width: 960px) 100vw, 960px\" \/><figcaption id=\"caption-attachment-1788\" class=\"wp-caption-text\"><span style=\"font-size: 8pt;\">Foto retirada do Facebook de Dimer Monteiro<\/span><\/figcaption><\/figure>\n<p>O revigoramento do tema em causa, depois de quatro meses, serve tamb\u00e9m como pretexto para minha homenagem ao Dimer Monteiro &#8211; melhor, somente Dimer -, que com aquele t\u00edpico olhar terno fazia quest\u00e3o de me abra\u00e7ar em todas as manh\u00e3s nas quais eu adentrava o Mapati, onde ele passou parte dos \u00faltimos meses de sua exist\u00eancia com pequena e solid\u00e1ria turma de pilates, talvez a derradeira cartada de sua longu\u00edssima e sofrida luta pela vida e contra a morte.<\/p>\n<p>&nbsp;<\/p>\n<p style=\"text-align: right;\">03 de novembro de 2016<\/p>\n<p style=\"text-align: right;\">(217)<\/p>\n<p style=\"text-align: right;\"><span style=\"color: #0000ff;\"><a style=\"color: #0000ff;\" href=\"mailto:mmsmarcos1953@hotmail.com\">mmsmarcos1953@hotmail.com<\/a><\/span><\/p>\n","protected":false},"excerpt":{"rendered":"<p>H\u00e1 consenso de que os anos 80 n\u00e3o s\u00f3 terminaram, foram a d\u00e9cada perdida. Para mim, significaram muito: trouxeram ao mundo meu filho, Tiago, o meu Velha, em 1981, e o levaram em 1983, uma dor enorme, infinita, permanente. Igualmente, ningu\u00e9m discute mais, virou um dogma, n\u00f3s, do ocidente, n\u00e3o sabermos lidar com esse sentimento de perda. Verdade que temos experimentado melhoras, existem muitos sites (dou como exemplo o \u201cvamosdiscutiroluto\u201d) que abordam esse assunto sem nenhuma limita\u00e7\u00e3o ou constrangimento. Fala-se ali de tudo o que se relaciona com a morte e os mais decididos e corajosos se sentem \u00e0 vontade para o evisceramento seguido de al\u00edvio ao concluir o relato, n\u00e3o raro minucioso e emocionado, acerca do passamento de entes da fam\u00edlia ou de pessoas pr\u00f3ximas ou amigas. Este cap\u00edtulo, eu o abandonara em julho p.p., retomando agora a tarefa porque o t\u00f3pico precisar\u00e1 de continuidade at\u00e9 nossos dias, quando ir\u00e1 perecer fatal e logicamente porque tempo pret\u00e9rito. \u201cNos oitenta muito mais que montagem de autores de fora, se destacam as cria\u00e7\u00f5es coletivas, realizadas por v\u00e1rios grupos. Com a experimenta\u00e7\u00e3o inicial dos setenta, v\u00e1rias pessoas come\u00e7am a configurar uma linguagem particular e vinculada com a identidade local e com um maior amadurecimento. O panorama teatral come\u00e7a a se estabilizar e essa d\u00e9cada aponta em seus trabalhos v\u00e1rias caracter\u00edsticas da \u2018brasilianidade\u2019. \u201cCarro\u00e7a e Katharsis iniciam a d\u00e9cada de 1980 ganhando o Pr\u00eamio Mambembe, por dois anos consecutivos, respectivamente com os espet\u00e1culos,\u00a0Capital da Esperan\u00e7a (1980) dirigido por Humberto Pedrancini e A raiz do pau encarnado (1981), dirigido por Chico Expedito. Esse pr\u00eamio era oferecido aos melhores espet\u00e1culos de cada regi\u00e3o brasileira, subsidiando tours nacionais.\u201d Quem se d\u00e1 ao trabalho de viajar em cima, n\u00e3o da Carro\u00e7a acima, mas deste blog, sabe que toda essa minha conta\u00e7\u00e3o encontra-se arrimada no livro Hist\u00f3ria do Teatro Brasiliense, de Fernando Pinheiro Villar e Eliezer Faleiros de Carvalho, sem o qual nossas c\u00eanicas ficariam ainda mais carentes de mem\u00f3ria (car\u00eancia de recursos financeiros \u00e9 outra hist\u00f3ria e quase o mesmo drama). Mais uma vez, vou pegando os condimentos no pote de picles para cita\u00e7\u00e3o das passagens em que a dupla de autores do belo registro rememora os artistas e as artistas cujo \u201cnascimento\u201d ocorrera na d\u00e9cada tida por malfadada. \u201cAl\u00e9m do Mambemb\u00e3o um outro projeto que merece destaque (&#8230;) no in\u00edcio da d\u00e9cada de 1980 foi o Projeto Plat\u00e9ia. Esse projeto levava apresenta\u00e7\u00f5pes e oficinas para gupos teatrais iniciantes fortalecendo a forma\u00e7\u00e3o desses grupos, que eram sempre ligados \u00e0 escolas e associa\u00e7\u00f5es comunit\u00e1rias. Um grupo de bastante destaque surgido desse projeto foi o Grupo Retalhos no qual personagens importantes como Chico Sim\u00f5es e Jos\u00e9 Regino iniciaram sua trajet\u00f3ria teatral. Outro grupo formado tamb\u00e9m por esse projeto foi o grupo Trapo (1982) que deu origem \u00e0 Cia. Bagagem de Bonecos dirigida por Airton Maciano e Marco Augusto. O Bagagem atua desde o ano de 1984 com sede no Gama, com v\u00e1rios espet\u00e1culos em seu repert\u00f3rio, al\u00e9m de confeccionar bonecos e adere\u00e7os.\u201d Tem mais gente que nessa \u00e9poca estreou no peda\u00e7o (essa \u00e9 nova), cujos nomes e trajet\u00f3ria inicial ser\u00e3o referenciados em breve. O revigoramento do tema em causa, depois de quatro meses, serve tamb\u00e9m como pretexto para minha homenagem ao Dimer Monteiro &#8211; melhor, somente Dimer -, que com aquele t\u00edpico olhar terno fazia quest\u00e3o de me abra\u00e7ar em todas as manh\u00e3s nas quais eu adentrava o Mapati, onde ele passou parte dos \u00faltimos meses de sua exist\u00eancia com pequena e solid\u00e1ria turma de pilates, talvez a derradeira cartada de sua longu\u00edssima e sofrida luta pela vida e contra a morte. &nbsp; 03 de novembro de 2016 (217) mmsmarcos1953@hotmail.com<\/p>\n","protected":false},"author":1,"featured_media":0,"comment_status":"open","ping_status":"open","sticky":false,"template":"","format":"standard","meta":{"footnotes":""},"categories":[1],"tags":[],"class_list":["post-1787","post","type-post","status-publish","format-standard","hentry","category-sem-categoria"],"_links":{"self":[{"href":"https:\/\/mapati.com.br\/blogmapati\/wp-json\/wp\/v2\/posts\/1787","targetHints":{"allow":["GET"]}}],"collection":[{"href":"https:\/\/mapati.com.br\/blogmapati\/wp-json\/wp\/v2\/posts"}],"about":[{"href":"https:\/\/mapati.com.br\/blogmapati\/wp-json\/wp\/v2\/types\/post"}],"author":[{"embeddable":true,"href":"https:\/\/mapati.com.br\/blogmapati\/wp-json\/wp\/v2\/users\/1"}],"replies":[{"embeddable":true,"href":"https:\/\/mapati.com.br\/blogmapati\/wp-json\/wp\/v2\/comments?post=1787"}],"version-history":[{"count":0,"href":"https:\/\/mapati.com.br\/blogmapati\/wp-json\/wp\/v2\/posts\/1787\/revisions"}],"wp:attachment":[{"href":"https:\/\/mapati.com.br\/blogmapati\/wp-json\/wp\/v2\/media?parent=1787"}],"wp:term":[{"taxonomy":"category","embeddable":true,"href":"https:\/\/mapati.com.br\/blogmapati\/wp-json\/wp\/v2\/categories?post=1787"},{"taxonomy":"post_tag","embeddable":true,"href":"https:\/\/mapati.com.br\/blogmapati\/wp-json\/wp\/v2\/tags?post=1787"}],"curies":[{"name":"wp","href":"https:\/\/api.w.org\/{rel}","templated":true}]}}