{"id":1799,"date":"2016-11-11T00:51:42","date_gmt":"2016-11-11T00:51:42","guid":{"rendered":"http:\/\/mapati.com.br\/blog\/?p=1799"},"modified":"2016-11-11T00:51:42","modified_gmt":"2016-11-11T00:51:42","slug":"ao-querido-leo","status":"publish","type":"post","link":"https:\/\/mapati.com.br\/blogmapati\/ao-querido-leo\/","title":{"rendered":"Ao querido L\u00e9o"},"content":{"rendered":"<p style=\"text-align: right;\"><em><span style=\"font-family: 'trebuchet ms', geneva, sans-serif;\">Bras\u00edlia, 24 de mar\u00e7o de 2014<\/span><\/em><\/p>\n<p style=\"text-align: left;\"><em>Venho aqui hoje para tentar me abrir um pouquinho, pois queria \u201cexternalizar\u201d minha gratid\u00e3o por ter convivido com um menino iluminado que foi o meu amigo e companheiro de grupo: Leonardo G\u00f3is.<\/em><\/p>\n<p class=\"m_-6842198381650143803MsoNoSpacing\"><em>Conheci o L\u00e9o em 2007, l\u00e1, no Teatro Mapati, eu ent\u00e3o nova naquele espa\u00e7o m\u00e1gico e ele um aluno meio desajeitado que tinha o grande sonho de ser ator.<\/em><\/p>\n<p class=\"m_-6842198381650143803MsoNoSpacing\"><em>Vez em quando ele sumia das aulas, o que causava nos professores chatea\u00e7\u00e3o. Mas depois saber\u00edamos que em algumas oportunidades isso acontecia por causa de uma doen\u00e7a, a anemia falciforme, e tamb\u00e9m a luta \u00e1rdua por uma vida melhor, a \u00fanica alternativa era trabalhar para sobreviver.<\/em><\/p>\n<p class=\"m_-6842198381650143803MsoNoSpacing\"><em>Os anos foram se passando e o L\u00e9o fazia alguns trabalhos espor\u00e1dicos conosco, monitor em col\u00f4nia de f\u00e9rias, \u2018\u2019brejeirices\u2019\u2019 (participa\u00e7\u00f5es) em alguns espet\u00e1culos do grupo Mapati, at\u00e9 que em 2010, ap\u00f3s passarmos num certame p\u00fablico do Banco da Amaz\u00f4nia, surgiu a remontagem do espet\u00e1culo Os Saltimbancos M\u00fasicos de Grimm. Tereza Padilha convida algumas pessoas e entre elas o L\u00e9o para participar da pe\u00e7a. Eu sempre tentei respeitar os pap\u00e9is num grupo, mas para mim a Tereza, enquanto diretora, chamar o L\u00e9o para um projeto t\u00e3o importante para o Mapati, ele sendo inexperiente, era um risco. Afinal de contas, est\u00e1vamos prestes a cumprir uma temporada relativamente longa na regi\u00e3o norte do Brasil. Mas por que eu fiquei com receio de o L\u00e9o conduzir o espet\u00e1culo?<\/em><\/p>\n<p class=\"m_-6842198381650143803MsoNoSpacing\"><em>Primeiramente, porque pensava que o personagem do Jumento era o grande destaque de Os\u00a0Saltimbancos, era o maestro; quando o maestro titubeia, a\u00ed j\u00e1 viu, n\u00e9?<\/em><\/p>\n<figure id=\"attachment_1801\" aria-describedby=\"caption-attachment-1801\" style=\"width: 444px\" class=\"wp-caption alignleft\"><img fetchpriority=\"high\" decoding=\"async\" class=\" wp-image-1801\" src=\"http:\/\/2017.mapati.com.br\/wp-content\/uploads\/2016\/11\/leogois7x.jpg\" alt=\"foto: Cia. Mapati\" width=\"444\" height=\"339\" srcset=\"https:\/\/mapati.com.br\/blogmapati\/wp-content\/uploads\/2016\/11\/leogois7x.jpg 535w, https:\/\/mapati.com.br\/blogmapati\/wp-content\/uploads\/2016\/11\/leogois7x-300x229.jpg 300w, https:\/\/mapati.com.br\/blogmapati\/wp-content\/uploads\/2016\/11\/leogois7x-200x153.jpg 200w, https:\/\/mapati.com.br\/blogmapati\/wp-content\/uploads\/2016\/11\/leogois7x-400x305.jpg 400w\" sizes=\"(max-width: 444px) 100vw, 444px\" \/><figcaption id=\"caption-attachment-1801\" class=\"wp-caption-text\"><\/em> <em><span style=\"font-size: 8pt;\">foto: Cia. Mapati<\/span><\/em><\/figcaption><\/figure>\n<p class=\"m_-6842198381650143803MsoNoSpacing\"><em>Nunca me esque\u00e7o: est\u00e1vamos numa reuni\u00e3o conversando sobre isso, eu fiz esse coment\u00e1rio para o grupo, inclusive a ele. Foi quando a Tereza disse: \u201cEle vai conseguir, n\u00e3o se preocupe.\u201d Depois dessa fala, eu come\u00e7ava a entender tamb\u00e9m o que \u00e9 o olho cl\u00ednico de um diretor de teatro, h\u00e1 uma atmosfera que cerca esses profissionais, principalmente uma intui\u00e7\u00e3o agu\u00e7ad\u00edssima.<\/em><\/p>\n<p class=\"m_-6842198381650143803MsoNoSpacing\"><em>Eu lembro do olhar do L\u00e9o naquele dia. No fundo ele tinha medo de n\u00e3o conseguir, mas ao mesmo tempo um desejo de mostrar o grande ator que estava dentro de si. Lembro desse olhar at\u00e9 hoje e vira e mexe lembr\u00e1vamos daquele epis\u00f3dio rindo, pois nascia ali uma grande parceria e amizade.<\/em><\/p>\n<p class=\"m_-6842198381650143803MsoNoSpacing\"><em>A temporada no estado do Par\u00e1 foi exitosa, apesar do custo financeiro amaz\u00f4nico, mas o L\u00e9o aspirante entrava ali definitivamente em nossas vidas.<\/em><\/p>\n<p class=\"m_-6842198381650143803MsoNoSpacing\"><em>Para o L\u00e9o n\u00e3o tinha tempo ruim, ele era de teatro (quem \u00e9 de teatro sabe o que estou falando). Correndo para ajudar a carregar cen\u00e1rio, ajudando na maquiagem dos colegas, ele mesmo desorganizado com o seu material prec\u00e1rio e incompleto, at\u00e9 levar uma bronca de Tereza por causa disso. O corretivo levou-o a comprar sua maleta hi-tech na feira do Paraguai, todo orgulhoso dos pancakes, l\u00e1pis e demais itens indispens\u00e1veis a um ator.<\/em><\/p>\n<figure id=\"attachment_1804\" aria-describedby=\"caption-attachment-1804\" style=\"width: 532px\" class=\"wp-caption aligncenter\"><img decoding=\"async\" class=\" wp-image-1804\" src=\"http:\/\/2017.mapati.com.br\/wp-content\/uploads\/2016\/11\/leogois8x.jpg\" alt=\"foto: Cia. Mapati\" width=\"532\" height=\"304\" srcset=\"https:\/\/mapati.com.br\/blogmapati\/wp-content\/uploads\/2016\/11\/leogois8x.jpg 917w, https:\/\/mapati.com.br\/blogmapati\/wp-content\/uploads\/2016\/11\/leogois8x-300x171.jpg 300w, https:\/\/mapati.com.br\/blogmapati\/wp-content\/uploads\/2016\/11\/leogois8x-768x438.jpg 768w, https:\/\/mapati.com.br\/blogmapati\/wp-content\/uploads\/2016\/11\/leogois8x-200x114.jpg 200w, https:\/\/mapati.com.br\/blogmapati\/wp-content\/uploads\/2016\/11\/leogois8x-400x228.jpg 400w, https:\/\/mapati.com.br\/blogmapati\/wp-content\/uploads\/2016\/11\/leogois8x-600x342.jpg 600w, https:\/\/mapati.com.br\/blogmapati\/wp-content\/uploads\/2016\/11\/leogois8x-800x456.jpg 800w\" sizes=\"(max-width: 532px) 100vw, 532px\" \/><figcaption id=\"caption-attachment-1804\" class=\"wp-caption-text\"><span style=\"font-size: 8pt;\">foto: Cia. Mapati<\/span><\/figcaption><\/figure>\n<p class=\"m_-6842198381650143803MsoNoSpacing\"><em>Ah, n\u00e3o comentei. Por ocasi\u00e3o da viagem para o Par\u00e1 o L\u00e9o estava noivo, da J\u00e9ssica, menina de cora\u00e7\u00e3o bom e que n\u00e3o entendia porque o L\u00e9o era t\u00e3o ligado ao teatro e \u00e0 quadrilha junina. O que ela entenderia depois de v\u00ea-lo em cena como ator, talvez ela soubesse que aquilo era o melhor que ele fazia nestas plagas, apesar das dificuldades agora de se manter uma vida a dois e que no ano seguinte seria uma vida a tr\u00eas. O menino Caio Moroni chegaria nesse mundo fazendo sua estreia tamb\u00e9m em nosso espet\u00e1culo O Auto do Divino Nascimento, em dezembro de 2012, apoteoticamente encerrando a pe\u00e7a como o menino Jesus. Lembro-me num dia em meio a uma plateia de cerca de 2 mil espectadores, pessoas chorando com a apari\u00e7\u00e3o, pela primeira vez em cena, do pai (L\u00e9o) como anjo Gabriel e do filho (Caio) como menino Jesus. Talvez, hoje saibamos o que o universo delicadamente cuidou de fazer.<\/em><\/p>\n<figure id=\"attachment_1803\" aria-describedby=\"caption-attachment-1803\" style=\"width: 570px\" class=\"wp-caption aligncenter\"><img decoding=\"async\" class=\" wp-image-1803\" src=\"http:\/\/2017.mapati.com.br\/wp-content\/uploads\/2016\/11\/leogois4c.jpg\" alt=\"foto: Facebook Leonardo G\u00f3is\" width=\"570\" height=\"428\" srcset=\"https:\/\/mapati.com.br\/blogmapati\/wp-content\/uploads\/2016\/11\/leogois4c.jpg 960w, https:\/\/mapati.com.br\/blogmapati\/wp-content\/uploads\/2016\/11\/leogois4c-300x225.jpg 300w, https:\/\/mapati.com.br\/blogmapati\/wp-content\/uploads\/2016\/11\/leogois4c-768x576.jpg 768w, https:\/\/mapati.com.br\/blogmapati\/wp-content\/uploads\/2016\/11\/leogois4c-200x150.jpg 200w, https:\/\/mapati.com.br\/blogmapati\/wp-content\/uploads\/2016\/11\/leogois4c-400x300.jpg 400w, https:\/\/mapati.com.br\/blogmapati\/wp-content\/uploads\/2016\/11\/leogois4c-600x450.jpg 600w, https:\/\/mapati.com.br\/blogmapati\/wp-content\/uploads\/2016\/11\/leogois4c-800x600.jpg 800w\" sizes=\"(max-width: 570px) 100vw, 570px\" \/><figcaption id=\"caption-attachment-1803\" class=\"wp-caption-text\"><\/em> <em><span style=\"font-size: 8pt;\">foto: Facebook Leonardo G\u00f3is<\/span><\/em><\/figcaption><\/figure>\n<p class=\"m_-6842198381650143803MsoNoSpacing\"><em>Voltando um ano, em outubro de 2011, estre\u00e1vamos um novo espet\u00e1culo, estrutura simples, texto, pouco cen\u00e1rio e ator. Entrava em cena L\u00e9o como dois personagens, um velho e um menino.<\/em><\/p>\n<p class=\"m_-6842198381650143803MsoNoSpacing\"><em>Narra a hist\u00f3ria a bela rela\u00e7\u00e3o entre pai e filho. Que atravessa o tempo. Certo dia o pai fica cego e isso faz com que o menino v\u00e1 buscar um rem\u00e9dio eficaz que devolva a vis\u00e3o. Antes, por\u00e9m, o menino passa por diversos caminhos numa aventura pelo Brasil do interior at\u00e9 que, conforme fora avisado por um gigante e um drag\u00e3o, encontra depois de uma longa saga o sabi\u00e1, cuja l\u00e1grima curaria seu amado pai. A performance do L\u00e9o nesse espet\u00e1culo foi incr\u00edvel. Ele internalizou os arqu\u00e9tipos dos personagens. A pe\u00e7a retornaria em cartaz em abril, agora de 2014, mas n\u00e3o deu.<\/em><\/p>\n<p class=\"m_-6842198381650143803MsoNoSpacing\"><em>Na virada ainda de 2012, nosso primeiro ano novo juntos, como uma fam\u00edlia que tem seus problemas, mas igualmente se entende, se gosta, se ama.<\/em><\/p>\n<p class=\"m_-6842198381650143803MsoNoSpacing\"><em>Em 2013 L\u00e9o vem nos ajudar na Associa\u00e7\u00e3o Art\u00edstica Mapati, institui\u00e7\u00e3o que trabalha nossos projetos de responsabilidade social e da qual havia poucos meses se tornara diretor. Ent\u00e3o, come\u00e7ou a ministrar oficinas de artes visuais na regi\u00e3o administrativa de Santa Maria e em Bras\u00edlia a jovens entre 16 e 29 anos, atividade que certamente o remetia aos tempos de aluno de inicia\u00e7\u00e3o teatral no Teatro Mapati.<\/em><\/p>\n<p class=\"m_-6842198381650143803MsoNoSpacing\"><em>Bem, foram tr\u00eas meses nesse novo oficio, at\u00e9 que por for\u00e7a\u00a0 do destino (falta de espa\u00e7o em Santa Maria) fizemos uma pausa no projeto. Mesmo em pouco tempo, foi uma \u00e9poca em que convivemos muito.<\/em><\/p>\n<p class=\"m_-6842198381650143803MsoNoSpacing\"><em>Quase concomitantemente, fechamos um projeto institucional que buscava em linguagem l\u00fadica-teatral ensinar crian\u00e7as da rede p\u00fablica de ensino do Distrito Federal a import\u00e2ncia da Educa\u00e7\u00e3o Fiscal como forma de controle social.<\/em><\/p>\n<p class=\"m_-6842198381650143803MsoNoSpacing\"><em>O L\u00e9o interpretava o Jeremias, um rapaz apaixonado que um dia resolve que iria conquistar a Maria, sua grande paix\u00e3o desde a inf\u00e2ncia. Decide ent\u00e3o comprar um acordeon, sem nota fiscal, e num embrulho muito bonito entrega para sua amada Maria o presente. Ocorre que, ao manuse\u00e1-lo, o instrumento explode na cara de Maria e ela pede a nota fiscal para ir trocar o produto. N\u00e3o tinha nota e ent\u00e3o Jeremias entra em apuros e aprende uma grande li\u00e7\u00e3o, n\u00e3o contribuir com a sonega\u00e7\u00e3o de imposto e a\u00ed, sim, ganha o cora\u00e7\u00e3o de Maria.<\/em><\/p>\n<p class=\"m_-6842198381650143803MsoNoSpacing\"><em>Os personagens de Maria e do Jeremias eram o ponto alto do espet\u00e1culo, pois eram muito alegres e, portanto, muito populares, sobretudo entre as crian\u00e7as. O trabalho foi apresentado para um p\u00fablico de mais de tr\u00eas e mil e novecentas pessoas no Distrito Federal.<\/em><\/p>\n<p class=\"m_-6842198381650143803MsoNoSpacing\"><em>Recentemente, v\u00edamos fazendo de tudo, espet\u00e1culo em regi\u00f5es administrativas, festas de crian\u00e7as, somente shopping n\u00e3o, pois acreditamos que merecemos uma plateia que prestigie o espet\u00e1culo e n\u00e3o as compras. E o L\u00e9o sempre disposto, sempre alegre, mas infelizmente teve de voltar a trabalhar com vendas, na medida em que n\u00e3o estava fixo no teatro. Isso \u00e9 t\u00edpico na cultura, sobretudo no teatro, num m\u00eas voc\u00ea tem tr\u00eas mil reais, noutro voc\u00ea n\u00e3o tem nada e h\u00e1 subsecret\u00e1rio de fomento \u00e0 cultura no DF convencido de que o estado \u00e9 um grande mecenas dos artistas e que precisam trabalhar sob a l\u00f3gica da economia criativa e alavancar suas carreiras da forma que d\u00e1. Certamente ele n\u00e3o conhecia o L\u00e9o, certamente n\u00e3o conhece a grande maioria dos grandes artistas populares do Distrito Federal que a duras penas buscam um sol a cada dia e se dividem entre empregos que surgem e uma agenda rala de possibilidade de apresenta\u00e7\u00e3o no Distrito Federal. Hoje eu estou mais convencida de que podemos ter um fundo de apoio \u00e0 cultura e diversos fundos que de fato fortale\u00e7am artistas locais, estamos falando de emprego, de renda, ou seja, de comida, de teto, de sa\u00fade, de sobreviv\u00eancia.<\/em><\/p>\n<figure id=\"attachment_1802\" aria-describedby=\"caption-attachment-1802\" style=\"width: 472px\" class=\"wp-caption alignleft\"><img loading=\"lazy\" decoding=\"async\" class=\" wp-image-1802\" src=\"http:\/\/2017.mapati.com.br\/wp-content\/uploads\/2016\/11\/leogois6x.jpg\" alt=\"foto: Facebook Leonardo G\u00f3is\" width=\"472\" height=\"657\" srcset=\"https:\/\/mapati.com.br\/blogmapati\/wp-content\/uploads\/2016\/11\/leogois6x.jpg 640w, https:\/\/mapati.com.br\/blogmapati\/wp-content\/uploads\/2016\/11\/leogois6x-216x300.jpg 216w, https:\/\/mapati.com.br\/blogmapati\/wp-content\/uploads\/2016\/11\/leogois6x-200x278.jpg 200w, https:\/\/mapati.com.br\/blogmapati\/wp-content\/uploads\/2016\/11\/leogois6x-400x556.jpg 400w, https:\/\/mapati.com.br\/blogmapati\/wp-content\/uploads\/2016\/11\/leogois6x-600x834.jpg 600w\" sizes=\"(max-width: 472px) 100vw, 472px\" \/><figcaption id=\"caption-attachment-1802\" class=\"wp-caption-text\"><\/em> <em><span style=\"font-size: 8pt;\">foto: Facebook Leonardo G\u00f3is<\/span><\/em><\/figcaption><\/figure>\n<p class=\"m_-6842198381650143803MsoNoSpacing\"><em>Esses dias estava comentando em um grupo do WhatsApp do Mapati sobre a impot\u00eancia que eu tinha em n\u00e3o conseguirmos possibilitar que todos nossos colegas de grupo pudessem viver de seu sonho, de seu oficio. Disse isso ao L\u00e9o semana passada, lamentando o fato de ele n\u00e3o poder cumprir temporada de apresenta\u00e7\u00f5es com o Mapati, porquanto no seu trabalho como vendedor trabalhava de segunda a s\u00e1bado, das 8h \u00e0s 19h.<\/em><\/p>\n<p class=\"m_-6842198381650143803MsoNoSpacing\"><em>Bem, L\u00e9o, com todo respeito, carinho e admira\u00e7\u00e3o que tinha por mim, digo a voc\u00ea e publicizo que irei lutar por um mundo melhor pelos(as) trabalhadores(as) da cultura, principalmente do teatro. N\u00e3o farei isso visando cargo legislativo e sim como oper\u00e1ria da cultura, voc\u00ea pode ter certeza de que desistir n\u00e3o vou, podemos at\u00e9 n\u00e3o conseguir uma realidade su\u00ed\u00e7a (vida melhor e digna para a sociedade com igual oportunidades entre classes) em homenagem ao subsecret\u00e1rio ou \u00e0 sistem\u00e1tica francesa, quando um ator termina uma temporada entra em seguro desemprego at\u00e9 a temporada seguinte, mas vamos lutar por dignidade para a nossa classe.<\/em><\/p>\n<p class=\"m_-6842198381650143803MsoNoSpacing\"><em>Deixo a minha tristeza se transformar em saudade, n\u00e3o quis ver tua mat\u00e9ria no caix\u00e3o, certo que n\u00e3o queria tirar da minha mente a \u00faltima vez que te vi, que foi h\u00e1 uns 10 dias, em que conversamos, brincamos, birramos um com o outro, sorrimos e tu delicadamente se despediste de mim com um beijo na testa.<\/em><\/p>\n<p class=\"m_-6842198381650143803MsoNoSpacing\"><em>Fica em paz, amigo!<\/em><\/p>\n<p class=\"m_-6842198381650143803MsoNoSpacing\"><strong><em><span style=\"font-family: 'trebuchet ms', geneva, sans-serif;\">Dayse Hansa<\/span><\/em><\/strong><br \/>\n<em><span style=\"font-family: 'trebuchet ms', geneva, sans-serif;\"><br \/>\n<\/span><\/em><\/p>\n<p><iframe title=\"Os Saltimbancos - O JUMENTO - Cia Teatral Mapati\" width=\"960\" height=\"540\" src=\"https:\/\/www.youtube.com\/embed\/-Shmc1iJtnQ?feature=oembed\" frameborder=\"0\" allow=\"accelerometer; autoplay; clipboard-write; encrypted-media; gyroscope; picture-in-picture; web-share\" allowfullscreen><\/iframe><\/p>\n<p class=\"m_-6842198381650143803MsoNoSpacing\" style=\"text-align: right;\">10.11.2016<u><\/u><u><\/u><\/p>\n<p class=\"m_-6842198381650143803MsoNoSpacing\" style=\"text-align: right;\">(218)<u><\/u><u><\/u><\/p>\n<p class=\"m_-6842198381650143803MsoNoSpacing\" style=\"text-align: right;\"><a href=\"mailto:mmsmarcos1953@hotmail.com\" target=\"_blank\"><span style=\"color: #0000ff;\">mmsmarcos1953@hotmail.com<\/span><\/a><u><\/u><u><\/u><\/p>\n","protected":false},"excerpt":{"rendered":"<p>Bras\u00edlia, 24 de mar\u00e7o de 2014 Venho aqui hoje para tentar me abrir um pouquinho, pois queria \u201cexternalizar\u201d minha gratid\u00e3o por ter convivido com um menino iluminado que foi o meu amigo e companheiro de grupo: Leonardo G\u00f3is. Conheci o L\u00e9o em 2007, l\u00e1, no Teatro Mapati, eu ent\u00e3o nova naquele espa\u00e7o m\u00e1gico e ele um aluno meio desajeitado que tinha o grande sonho de ser ator. Vez em quando ele sumia das aulas, o que causava nos professores chatea\u00e7\u00e3o. Mas depois saber\u00edamos que em algumas oportunidades isso acontecia por causa de uma doen\u00e7a, a anemia falciforme, e tamb\u00e9m a luta \u00e1rdua por uma vida melhor, a \u00fanica alternativa era trabalhar para sobreviver. Os anos foram se passando e o L\u00e9o fazia alguns trabalhos espor\u00e1dicos conosco, monitor em col\u00f4nia de f\u00e9rias, \u2018\u2019brejeirices\u2019\u2019 (participa\u00e7\u00f5es) em alguns espet\u00e1culos do grupo Mapati, at\u00e9 que em 2010, ap\u00f3s passarmos num certame p\u00fablico do Banco da Amaz\u00f4nia, surgiu a remontagem do espet\u00e1culo Os Saltimbancos M\u00fasicos de Grimm. Tereza Padilha convida algumas pessoas e entre elas o L\u00e9o para participar da pe\u00e7a. Eu sempre tentei respeitar os pap\u00e9is num grupo, mas para mim a Tereza, enquanto diretora, chamar o L\u00e9o para um projeto t\u00e3o importante para o Mapati, ele sendo inexperiente, era um risco. Afinal de contas, est\u00e1vamos prestes a cumprir uma temporada relativamente longa na regi\u00e3o norte do Brasil. Mas por que eu fiquei com receio de o L\u00e9o conduzir o espet\u00e1culo? Primeiramente, porque pensava que o personagem do Jumento era o grande destaque de Os\u00a0Saltimbancos, era o maestro; quando o maestro titubeia, a\u00ed j\u00e1 viu, n\u00e9? Nunca me esque\u00e7o: est\u00e1vamos numa reuni\u00e3o conversando sobre isso, eu fiz esse coment\u00e1rio para o grupo, inclusive a ele. Foi quando a Tereza disse: \u201cEle vai conseguir, n\u00e3o se preocupe.\u201d Depois dessa fala, eu come\u00e7ava a entender tamb\u00e9m o que \u00e9 o olho cl\u00ednico de um diretor de teatro, h\u00e1 uma atmosfera que cerca esses profissionais, principalmente uma intui\u00e7\u00e3o agu\u00e7ad\u00edssima. Eu lembro do olhar do L\u00e9o naquele dia. No fundo ele tinha medo de n\u00e3o conseguir, mas ao mesmo tempo um desejo de mostrar o grande ator que estava dentro de si. Lembro desse olhar at\u00e9 hoje e vira e mexe lembr\u00e1vamos daquele epis\u00f3dio rindo, pois nascia ali uma grande parceria e amizade. A temporada no estado do Par\u00e1 foi exitosa, apesar do custo financeiro amaz\u00f4nico, mas o L\u00e9o aspirante entrava ali definitivamente em nossas vidas. Para o L\u00e9o n\u00e3o tinha tempo ruim, ele era de teatro (quem \u00e9 de teatro sabe o que estou falando). Correndo para ajudar a carregar cen\u00e1rio, ajudando na maquiagem dos colegas, ele mesmo desorganizado com o seu material prec\u00e1rio e incompleto, at\u00e9 levar uma bronca de Tereza por causa disso. O corretivo levou-o a comprar sua maleta hi-tech na feira do Paraguai, todo orgulhoso dos pancakes, l\u00e1pis e demais itens indispens\u00e1veis a um ator. Ah, n\u00e3o comentei. Por ocasi\u00e3o da viagem para o Par\u00e1 o L\u00e9o estava noivo, da J\u00e9ssica, menina de cora\u00e7\u00e3o bom e que n\u00e3o entendia porque o L\u00e9o era t\u00e3o ligado ao teatro e \u00e0 quadrilha junina. O que ela entenderia depois de v\u00ea-lo em cena como ator, talvez ela soubesse que aquilo era o melhor que ele fazia nestas plagas, apesar das dificuldades agora de se manter uma vida a dois e que no ano seguinte seria uma vida a tr\u00eas. O menino Caio Moroni chegaria nesse mundo fazendo sua estreia tamb\u00e9m em nosso espet\u00e1culo O Auto do Divino Nascimento, em dezembro de 2012, apoteoticamente encerrando a pe\u00e7a como o menino Jesus. Lembro-me num dia em meio a uma plateia de cerca de 2 mil espectadores, pessoas chorando com a apari\u00e7\u00e3o, pela primeira vez em cena, do pai (L\u00e9o) como anjo Gabriel e do filho (Caio) como menino Jesus. Talvez, hoje saibamos o que o universo delicadamente cuidou de fazer. Voltando um ano, em outubro de 2011, estre\u00e1vamos um novo espet\u00e1culo, estrutura simples, texto, pouco cen\u00e1rio e ator. Entrava em cena L\u00e9o como dois personagens, um velho e um menino. Narra a hist\u00f3ria a bela rela\u00e7\u00e3o entre pai e filho. Que atravessa o tempo. Certo dia o pai fica cego e isso faz com que o menino v\u00e1 buscar um rem\u00e9dio eficaz que devolva a vis\u00e3o. Antes, por\u00e9m, o menino passa por diversos caminhos numa aventura pelo Brasil do interior at\u00e9 que, conforme fora avisado por um gigante e um drag\u00e3o, encontra depois de uma longa saga o sabi\u00e1, cuja l\u00e1grima curaria seu amado pai. A performance do L\u00e9o nesse espet\u00e1culo foi incr\u00edvel. Ele internalizou os arqu\u00e9tipos dos personagens. A pe\u00e7a retornaria em cartaz em abril, agora de 2014, mas n\u00e3o deu. Na virada ainda de 2012, nosso primeiro ano novo juntos, como uma fam\u00edlia que tem seus problemas, mas igualmente se entende, se gosta, se ama. Em 2013 L\u00e9o vem nos ajudar na Associa\u00e7\u00e3o Art\u00edstica Mapati, institui\u00e7\u00e3o que trabalha nossos projetos de responsabilidade social e da qual havia poucos meses se tornara diretor. Ent\u00e3o, come\u00e7ou a ministrar oficinas de artes visuais na regi\u00e3o administrativa de Santa Maria e em Bras\u00edlia a jovens entre 16 e 29 anos, atividade que certamente o remetia aos tempos de aluno de inicia\u00e7\u00e3o teatral no Teatro Mapati. Bem, foram tr\u00eas meses nesse novo oficio, at\u00e9 que por for\u00e7a\u00a0 do destino (falta de espa\u00e7o em Santa Maria) fizemos uma pausa no projeto. Mesmo em pouco tempo, foi uma \u00e9poca em que convivemos muito. Quase concomitantemente, fechamos um projeto institucional que buscava em linguagem l\u00fadica-teatral ensinar crian\u00e7as da rede p\u00fablica de ensino do Distrito Federal a import\u00e2ncia da Educa\u00e7\u00e3o Fiscal como forma de controle social. O L\u00e9o interpretava o Jeremias, um rapaz apaixonado que um dia resolve que iria conquistar a Maria, sua grande paix\u00e3o desde a inf\u00e2ncia. Decide ent\u00e3o comprar um acordeon, sem nota fiscal, e num embrulho muito bonito entrega para sua amada Maria o presente. Ocorre que, ao manuse\u00e1-lo, o instrumento explode na cara de Maria e ela pede a nota fiscal para ir trocar o produto. N\u00e3o tinha nota e ent\u00e3o Jeremias entra em apuros e aprende uma grande li\u00e7\u00e3o, n\u00e3o contribuir com a sonega\u00e7\u00e3o de imposto e a\u00ed, sim, ganha o cora\u00e7\u00e3o de Maria. Os personagens de Maria e do Jeremias eram o ponto alto do espet\u00e1culo, pois eram muito alegres e, portanto, muito populares, sobretudo entre as crian\u00e7as. O trabalho foi apresentado para um p\u00fablico de mais de tr\u00eas e mil e novecentas pessoas no Distrito Federal. Recentemente, v\u00edamos fazendo de tudo, espet\u00e1culo em regi\u00f5es administrativas, festas de crian\u00e7as, somente shopping n\u00e3o, pois acreditamos que merecemos uma plateia que prestigie o espet\u00e1culo e n\u00e3o as compras. E o L\u00e9o sempre disposto, sempre alegre, mas infelizmente teve de voltar a trabalhar com vendas, na medida em que n\u00e3o estava fixo no teatro. Isso \u00e9 t\u00edpico na cultura, sobretudo no teatro, num m\u00eas voc\u00ea tem tr\u00eas mil reais, noutro voc\u00ea n\u00e3o tem nada e h\u00e1 subsecret\u00e1rio de fomento \u00e0 cultura no DF convencido de que o estado \u00e9 um grande mecenas dos artistas e que precisam trabalhar sob a l\u00f3gica da economia criativa e alavancar suas carreiras da forma que d\u00e1. Certamente ele n\u00e3o conhecia o L\u00e9o, certamente n\u00e3o conhece a grande maioria dos grandes artistas populares do Distrito Federal que a duras penas buscam um sol a cada dia e se dividem entre empregos que surgem e uma agenda rala de possibilidade de apresenta\u00e7\u00e3o no Distrito Federal. Hoje eu estou mais convencida de que podemos ter um fundo de apoio \u00e0 cultura e diversos fundos que de fato fortale\u00e7am artistas locais, estamos falando de emprego, de renda, ou seja, de comida, de teto, de sa\u00fade, de sobreviv\u00eancia. Esses dias estava comentando em um grupo do WhatsApp do Mapati sobre a impot\u00eancia que eu tinha em n\u00e3o conseguirmos possibilitar que todos nossos colegas de grupo pudessem viver de seu sonho, de seu oficio. Disse isso ao L\u00e9o semana passada, lamentando o fato de ele n\u00e3o poder cumprir temporada de apresenta\u00e7\u00f5es com o Mapati, porquanto no seu trabalho como vendedor trabalhava de segunda a s\u00e1bado, das 8h \u00e0s 19h. Bem, L\u00e9o, com todo respeito, carinho e admira\u00e7\u00e3o que tinha por mim, digo a voc\u00ea e publicizo que irei lutar por um mundo melhor pelos(as) trabalhadores(as) da cultura, principalmente do teatro. N\u00e3o farei isso visando cargo legislativo e sim como oper\u00e1ria da cultura, voc\u00ea pode ter certeza de que desistir n\u00e3o vou, podemos at\u00e9 n\u00e3o conseguir uma realidade su\u00ed\u00e7a (vida melhor e digna para a sociedade com igual oportunidades entre classes) em homenagem ao subsecret\u00e1rio ou \u00e0 sistem\u00e1tica francesa, quando um ator termina uma temporada entra em seguro desemprego at\u00e9 a temporada seguinte, mas vamos lutar por dignidade para a nossa classe. Deixo a minha tristeza se transformar em saudade, n\u00e3o quis ver tua mat\u00e9ria no caix\u00e3o, certo que n\u00e3o queria tirar da minha mente a \u00faltima vez que te vi, que foi h\u00e1 uns 10 dias, em que conversamos, brincamos, birramos um com o outro, sorrimos e tu delicadamente se despediste de mim com um beijo na testa. Fica em paz, amigo! Dayse Hansa 10.11.2016 (218) mmsmarcos1953@hotmail.com<\/p>\n","protected":false},"author":1,"featured_media":0,"comment_status":"open","ping_status":"open","sticky":false,"template":"","format":"standard","meta":{"footnotes":""},"categories":[1],"tags":[],"class_list":["post-1799","post","type-post","status-publish","format-standard","hentry","category-sem-categoria"],"_links":{"self":[{"href":"https:\/\/mapati.com.br\/blogmapati\/wp-json\/wp\/v2\/posts\/1799","targetHints":{"allow":["GET"]}}],"collection":[{"href":"https:\/\/mapati.com.br\/blogmapati\/wp-json\/wp\/v2\/posts"}],"about":[{"href":"https:\/\/mapati.com.br\/blogmapati\/wp-json\/wp\/v2\/types\/post"}],"author":[{"embeddable":true,"href":"https:\/\/mapati.com.br\/blogmapati\/wp-json\/wp\/v2\/users\/1"}],"replies":[{"embeddable":true,"href":"https:\/\/mapati.com.br\/blogmapati\/wp-json\/wp\/v2\/comments?post=1799"}],"version-history":[{"count":0,"href":"https:\/\/mapati.com.br\/blogmapati\/wp-json\/wp\/v2\/posts\/1799\/revisions"}],"wp:attachment":[{"href":"https:\/\/mapati.com.br\/blogmapati\/wp-json\/wp\/v2\/media?parent=1799"}],"wp:term":[{"taxonomy":"category","embeddable":true,"href":"https:\/\/mapati.com.br\/blogmapati\/wp-json\/wp\/v2\/categories?post=1799"},{"taxonomy":"post_tag","embeddable":true,"href":"https:\/\/mapati.com.br\/blogmapati\/wp-json\/wp\/v2\/tags?post=1799"}],"curies":[{"name":"wp","href":"https:\/\/api.w.org\/{rel}","templated":true}]}}