{"id":49,"date":"2015-12-18T14:25:10","date_gmt":"2015-12-18T14:25:10","guid":{"rendered":"http:\/\/mapati.com.br\/blog\/?p=49"},"modified":"2015-12-18T14:25:10","modified_gmt":"2015-12-18T14:25:10","slug":"lucia-verissimo","status":"publish","type":"post","link":"https:\/\/mapati.com.br\/blogmapati\/lucia-verissimo\/","title":{"rendered":"Lucia Ver\u00edssimo"},"content":{"rendered":"<p>Enviei-lhe uma mensagem eletr\u00f4nica no remoto dia 25 de mar\u00e7o<br \/>\nde 2010, a qual, abaixo transcrita em parte, n\u00e3o foi respondida, talvez porque o endere\u00e7o (<span style=\"color: #0000ff;\"><a style=\"color: #0000ff;\" href=\"mailto:luciaverissimo@luciaverissimo.com.br\">luciaverissimo@luciaverissimo.com.br<\/a><\/span>) j\u00e1 estivesse cancelado \u00e0quela \u00e9poca; o de hoje, vejo no seu site, \u00e9\u00a0<span style=\"color: #0000ff;\"><a style=\"color: #0000ff;\" href=\"mailto:canela@luciaverissimo.com.br\">canela@luciaverissimo.com.br<\/a><\/span> .<\/p>\n<p>Nessa minha correspond\u00eancia, de par com as recorda\u00e7\u00f5es, eu aventava uma poss\u00edvel parceria entre voc\u00ea e o pessoal do Mapati, consistente<br \/>\nem encena\u00e7\u00f5es de pe\u00e7as no caminh\u00e3o-palco da companhia, antes<br \/>\nou depois das quais n\u00f3s abordar\u00edamos a quest\u00e3o dos animais,<br \/>\ncom fala\u00e7\u00f5es, proje\u00e7\u00e3o de filmetes, distribui\u00e7\u00e3o de <em>folders<\/em>, est\u00edmulos<br \/>\n\u00e0 ado\u00e7\u00e3o de bichos abandonados e inevit\u00e1veis esteriliza\u00e7\u00f5es.<\/p>\n<p>Nem sei se voc\u00ea vai ler esta postagem mas, se porventura o fizer e existir algum interesse seu, fica reiterado meu convite.<\/p>\n<p>&nbsp;<\/p>\n<p style=\"text-align: left;\">Obrigado.<\/p>\n<p style=\"text-align: left;\">Abra\u00e7os,<\/p>\n<p style=\"text-align: left;\">Marcos<\/p>\n<p><strong>\u00a0<\/strong><\/p>\n<p><span style=\"font-family: 'trebuchet ms', geneva, sans-serif;\"><strong>De:<\/strong> Marcos Martins de Souza<\/span><br \/>\n<span style=\"font-family: 'trebuchet ms', geneva, sans-serif;\"> <strong>Enviada em:<\/strong> quinta-feira, 25 de mar\u00e7o de 2010 20:37<\/span><br \/>\n<span style=\"font-family: 'trebuchet ms', geneva, sans-serif;\"> <strong>Para:<\/strong> &#8216;<span style=\"color: #0000ff;\"><a style=\"color: #0000ff;\" href=\"mailto:luciaverissimo@luciaverissimo.com.br\">luciaverissimo@luciaverissimo.com.br<\/a><\/span>&#8216;<\/span><br \/>\n<span style=\"font-family: 'trebuchet ms', geneva, sans-serif;\"> <strong>Assunto:<\/strong> Entrevista a Marilia Gabriela<\/span><\/p>\n<p>&nbsp;<\/p>\n<p style=\"padding-left: 90px;\"><span style=\"font-family: 'trebuchet ms', geneva, sans-serif;\"><em>&#8220;Lucinha,<\/em><\/span><\/p>\n<p style=\"padding-left: 90px;\"><span style=\"font-family: 'trebuchet ms', geneva, sans-serif;\"><em>\u201dPermita-me o tratamento carinhoso mas \u00e9 como a cham\u00e1vamos nos \u00e1ureos tempos da Cupertino Dur\u00e3o (tiremos a ditadura<br \/>\ne a vizinha filha do Castelo Branco, lembra?). Sou primo<br \/>\nda Denise\/Simone\/Dione; minha m\u00e3e, Dulcin\u00e9a, \u00e9 a segunda<br \/>\nda tropa, que tem a Solange (gostava muito do Dirceu<br \/>\ne suas inven\u00e7\u00f5es; gosto tamb\u00e9m da Yvone, sua m\u00e3e) como terceira integrante daquele matriarcado, cuja chefe (?)<br \/>\nera a Vov\u00f3 Coralia. Apesar de ser um pouco (t\u00e1 bom, muito)<br \/>\nmais velho\u00a0do que voc\u00ea (fiz 57 nesse 6 de mar\u00e7o)<br \/>\ne de que meninos\u00a0n\u00e3o se &#8216;misturavam&#8217; com meninas, chegamos<br \/>\na brincar juntos (como \u00e9ramos todos inocentes ao extremo<br \/>\nem vista\u00a0da crian\u00e7ada de hoje).<\/em><\/span><\/p>\n<p style=\"padding-left: 90px;\"><span style=\"font-family: 'trebuchet ms', geneva, sans-serif;\"><em>&#8220;Se temos esses remotos (para mim, significativos) v\u00ednculos<br \/>\ne pontos em comum, devo acrescentar mais alguns que talvez<br \/>\nnos unam. (&#8230;) fundei no in\u00edcio dos anos 90, aqui em Bras\u00edlia,<br \/>\num teatro, o Mapati (<span style=\"color: #0000ff;\"><a style=\"color: #0000ff;\" href=\"http:\/\/www.mapati.com.br\/\">www.mapati.com.br<\/a><\/span>), juntamente<br \/>\ncom minha mulher, Tereza Padilha (&#8230;), atriz (olha mais<br \/>\num &#8216;item&#8217;\u00a0de afinidade), formada pela inesquec\u00edvel<br \/>\nDulcina de Moraes.<\/em><\/span><\/p>\n<p style=\"padding-left: 90px;\"><span style=\"font-family: 'trebuchet ms', geneva, sans-serif;\"><em>&#8220;Trata-se de um centro cultural conhecid\u00edssimo em Bras\u00edlia,<br \/>\ncom uma forte marca no p\u00fablico infantil. Possui sede pr\u00f3pria, tr\u00eas andares e um s\u00f3t\u00e3o, e tem capacidade para 80\/100 pessoas. Al\u00e9m disso, temos um caminh\u00e3o-palco, que j\u00e1 rasgou boa parte do Brasil, mais de 150 cidades, inclusive, em 2004\/5, o Rio<br \/>\nde Janeiro, onde o ve\u00edculo foi montado, sempre com numeroso<br \/>\ne entusiasmado p\u00fablico, no Aterro do Flamengo, no Largo<br \/>\nda Carioca, no Leme, na Rocinha e tamb\u00e9m em Caxias<br \/>\npara apresenta\u00e7\u00f5es de pe\u00e7as (M\u00e1gico de Oz; Auto do Divino;<br \/>\nO Rapaz da Rabeca e a Mo\u00e7a da Camisinha). Por toda essa hist\u00f3ria, fomos entrevistados no Programa do J\u00f4<br \/>\n(setembro de 2004)&#8230;.<\/em><\/span><\/p>\n<p style=\"padding-left: 90px;\"><span style=\"font-family: 'trebuchet ms', geneva, sans-serif;\"><em>&#8220;Para al\u00e9m das reminisc\u00eancias (&#8230;), minha compuls\u00f3ria interlocutora deve estar se perguntando: &#8216;P\u00f4, o que ser\u00e1<br \/>\nque esse maluco quer?&#8217;<\/em><\/span><\/p>\n<p style=\"padding-left: 90px;\"><span style=\"font-family: 'trebuchet ms', geneva, sans-serif;\"><em>&#8220;\u00c9 aqui que entra sua entrevista ao MG. Se bem entendi,<br \/>\nn\u00e3o ficou muito claro para o telespectador, voc\u00ea asseverara<br \/>\nna simp\u00e1tica conversa que seu sonho era cuidar de animais,<br \/>\nmais especificamente cachorros. Por\u00e9m, seu devaneio n\u00e3o foi efetivamente capturado, tampouco repercutido pela competente Gabi. Recordo-me que voc\u00ea falava em caminh\u00f5es, patrocinadores, equipes, voltada a iniciativa para os bichos, qualquer coisa relacionada com esteriliza\u00e7\u00e3o de modo a evitar futuros c\u00e3es\/gatos abandonados e desprotegidos pelas ruas e indesej\u00e1veis consect\u00e1rios etc. etc. A prop\u00f3sito, minha (filha) Mariana<br \/>\n\u00e9 m\u00e9dica-veterin\u00e1ria (coincid\u00eancia?), morou muitos anos nos Estados Unidos e h\u00e1 um ano e meio est\u00e1 em Sampa. Caminh\u00e3o-palco, pe\u00e7as teatrais itinerantes, veterin\u00e1ria, imprescind\u00edvel apoio institucional (nessa, eu entro), necess\u00e1ria busca<br \/>\nde patrocinadores (de igual sorte, me disporia a tanto, j\u00e1 aposentado&#8230;).<\/em><\/span><\/p>\n<p style=\"padding-left: 90px;\"><span style=\"font-family: 'trebuchet ms', geneva, sans-serif;\"><em>&#8220;Pensei ent\u00e3o na possibilidade de conversarmos sobre essa<br \/>\nsua id\u00e9ia em breve, nalgum lugar desse imenso, belo e sofrido pa\u00eds (por aqui, no Rio, na Paulic\u00e9ia, a sua escolha), no intervalo da temporada (ainda n\u00e3o vi sua pe\u00e7a mas pretendo faz\u00ea-lo). Conhe\u00e7a o modesto site do teatro e, quando poss\u00edvel,<br \/>\nd\u00ea um retorno, ainda que pela via de mera e simp\u00e1tica resposta eletr\u00f4nica a um outrora ing\u00eanuo conviva assim despachado&#8230;&#8221;<\/em><\/span><\/p>\n<p style=\"padding-left: 90px;\"><span style=\"font-family: 'trebuchet ms', geneva, sans-serif;\"><em>\u00a0<\/em><\/span><\/p>\n<p style=\"padding-left: 60px; text-align: right;\">10 de outubro de 2013<\/p>\n<p style=\"padding-left: 60px; text-align: right;\">(012)<\/p>\n<p style=\"padding-left: 60px; text-align: right;\"><span style=\"color: #0000ff;\"><a style=\"color: #0000ff;\" href=\"mailto:mmsmarcos1953@hotmail.com\">mmsmarcos1953@hotmail.com<\/a><\/span><\/p>\n","protected":false},"excerpt":{"rendered":"<p>Enviei-lhe uma mensagem eletr\u00f4nica no remoto dia 25 de mar\u00e7o de 2010, a qual, abaixo transcrita em parte, n\u00e3o foi respondida, talvez porque o endere\u00e7o (luciaverissimo@luciaverissimo.com.br) j\u00e1 estivesse cancelado \u00e0quela \u00e9poca; o de hoje, vejo no seu site, \u00e9\u00a0canela@luciaverissimo.com.br . Nessa minha correspond\u00eancia, de par com as recorda\u00e7\u00f5es, eu aventava uma poss\u00edvel parceria entre voc\u00ea e o pessoal do Mapati, consistente em encena\u00e7\u00f5es de pe\u00e7as no caminh\u00e3o-palco da companhia, antes ou depois das quais n\u00f3s abordar\u00edamos a quest\u00e3o dos animais, com fala\u00e7\u00f5es, proje\u00e7\u00e3o de filmetes, distribui\u00e7\u00e3o de folders, est\u00edmulos \u00e0 ado\u00e7\u00e3o de bichos abandonados e inevit\u00e1veis esteriliza\u00e7\u00f5es. Nem sei se voc\u00ea vai ler esta postagem mas, se porventura o fizer e existir algum interesse seu, fica reiterado meu convite. &nbsp; Obrigado. Abra\u00e7os, Marcos \u00a0 De: Marcos Martins de Souza Enviada em: quinta-feira, 25 de mar\u00e7o de 2010 20:37 Para: &#8216;luciaverissimo@luciaverissimo.com.br&#8216; Assunto: Entrevista a Marilia Gabriela &nbsp; &#8220;Lucinha, \u201dPermita-me o tratamento carinhoso mas \u00e9 como a cham\u00e1vamos nos \u00e1ureos tempos da Cupertino Dur\u00e3o (tiremos a ditadura e a vizinha filha do Castelo Branco, lembra?). Sou primo da Denise\/Simone\/Dione; minha m\u00e3e, Dulcin\u00e9a, \u00e9 a segunda da tropa, que tem a Solange (gostava muito do Dirceu e suas inven\u00e7\u00f5es; gosto tamb\u00e9m da Yvone, sua m\u00e3e) como terceira integrante daquele matriarcado, cuja chefe (?) era a Vov\u00f3 Coralia. Apesar de ser um pouco (t\u00e1 bom, muito) mais velho\u00a0do que voc\u00ea (fiz 57 nesse 6 de mar\u00e7o) e de que meninos\u00a0n\u00e3o se &#8216;misturavam&#8217; com meninas, chegamos a brincar juntos (como \u00e9ramos todos inocentes ao extremo em vista\u00a0da crian\u00e7ada de hoje). &#8220;Se temos esses remotos (para mim, significativos) v\u00ednculos e pontos em comum, devo acrescentar mais alguns que talvez nos unam. (&#8230;) fundei no in\u00edcio dos anos 90, aqui em Bras\u00edlia, um teatro, o Mapati (www.mapati.com.br), juntamente com minha mulher, Tereza Padilha (&#8230;), atriz (olha mais um &#8216;item&#8217;\u00a0de afinidade), formada pela inesquec\u00edvel Dulcina de Moraes. &#8220;Trata-se de um centro cultural conhecid\u00edssimo em Bras\u00edlia, com uma forte marca no p\u00fablico infantil. Possui sede pr\u00f3pria, tr\u00eas andares e um s\u00f3t\u00e3o, e tem capacidade para 80\/100 pessoas. Al\u00e9m disso, temos um caminh\u00e3o-palco, que j\u00e1 rasgou boa parte do Brasil, mais de 150 cidades, inclusive, em 2004\/5, o Rio de Janeiro, onde o ve\u00edculo foi montado, sempre com numeroso e entusiasmado p\u00fablico, no Aterro do Flamengo, no Largo da Carioca, no Leme, na Rocinha e tamb\u00e9m em Caxias para apresenta\u00e7\u00f5es de pe\u00e7as (M\u00e1gico de Oz; Auto do Divino; O Rapaz da Rabeca e a Mo\u00e7a da Camisinha). Por toda essa hist\u00f3ria, fomos entrevistados no Programa do J\u00f4 (setembro de 2004)&#8230;. &#8220;Para al\u00e9m das reminisc\u00eancias (&#8230;), minha compuls\u00f3ria interlocutora deve estar se perguntando: &#8216;P\u00f4, o que ser\u00e1 que esse maluco quer?&#8217; &#8220;\u00c9 aqui que entra sua entrevista ao MG. Se bem entendi, n\u00e3o ficou muito claro para o telespectador, voc\u00ea asseverara na simp\u00e1tica conversa que seu sonho era cuidar de animais, mais especificamente cachorros. Por\u00e9m, seu devaneio n\u00e3o foi efetivamente capturado, tampouco repercutido pela competente Gabi. Recordo-me que voc\u00ea falava em caminh\u00f5es, patrocinadores, equipes, voltada a iniciativa para os bichos, qualquer coisa relacionada com esteriliza\u00e7\u00e3o de modo a evitar futuros c\u00e3es\/gatos abandonados e desprotegidos pelas ruas e indesej\u00e1veis consect\u00e1rios etc. etc. A prop\u00f3sito, minha (filha) Mariana \u00e9 m\u00e9dica-veterin\u00e1ria (coincid\u00eancia?), morou muitos anos nos Estados Unidos e h\u00e1 um ano e meio est\u00e1 em Sampa. Caminh\u00e3o-palco, pe\u00e7as teatrais itinerantes, veterin\u00e1ria, imprescind\u00edvel apoio institucional (nessa, eu entro), necess\u00e1ria busca de patrocinadores (de igual sorte, me disporia a tanto, j\u00e1 aposentado&#8230;). &#8220;Pensei ent\u00e3o na possibilidade de conversarmos sobre essa sua id\u00e9ia em breve, nalgum lugar desse imenso, belo e sofrido pa\u00eds (por aqui, no Rio, na Paulic\u00e9ia, a sua escolha), no intervalo da temporada (ainda n\u00e3o vi sua pe\u00e7a mas pretendo faz\u00ea-lo). Conhe\u00e7a o modesto site do teatro e, quando poss\u00edvel, d\u00ea um retorno, ainda que pela via de mera e simp\u00e1tica resposta eletr\u00f4nica a um outrora ing\u00eanuo conviva assim despachado&#8230;&#8221; \u00a0 10 de outubro de 2013 (012) mmsmarcos1953@hotmail.com<\/p>\n","protected":false},"author":1,"featured_media":0,"comment_status":"open","ping_status":"open","sticky":false,"template":"","format":"standard","meta":{"footnotes":""},"categories":[1],"tags":[],"class_list":["post-49","post","type-post","status-publish","format-standard","hentry","category-sem-categoria"],"_links":{"self":[{"href":"https:\/\/mapati.com.br\/blogmapati\/wp-json\/wp\/v2\/posts\/49","targetHints":{"allow":["GET"]}}],"collection":[{"href":"https:\/\/mapati.com.br\/blogmapati\/wp-json\/wp\/v2\/posts"}],"about":[{"href":"https:\/\/mapati.com.br\/blogmapati\/wp-json\/wp\/v2\/types\/post"}],"author":[{"embeddable":true,"href":"https:\/\/mapati.com.br\/blogmapati\/wp-json\/wp\/v2\/users\/1"}],"replies":[{"embeddable":true,"href":"https:\/\/mapati.com.br\/blogmapati\/wp-json\/wp\/v2\/comments?post=49"}],"version-history":[{"count":0,"href":"https:\/\/mapati.com.br\/blogmapati\/wp-json\/wp\/v2\/posts\/49\/revisions"}],"wp:attachment":[{"href":"https:\/\/mapati.com.br\/blogmapati\/wp-json\/wp\/v2\/media?parent=49"}],"wp:term":[{"taxonomy":"category","embeddable":true,"href":"https:\/\/mapati.com.br\/blogmapati\/wp-json\/wp\/v2\/categories?post=49"},{"taxonomy":"post_tag","embeddable":true,"href":"https:\/\/mapati.com.br\/blogmapati\/wp-json\/wp\/v2\/tags?post=49"}],"curies":[{"name":"wp","href":"https:\/\/api.w.org\/{rel}","templated":true}]}}