{"id":514,"date":"2015-12-21T20:12:17","date_gmt":"2015-12-21T20:12:17","guid":{"rendered":"http:\/\/mapati.com.br\/blog\/?p=514"},"modified":"2015-12-21T20:12:17","modified_gmt":"2015-12-21T20:12:17","slug":"memoriasmemorialistas-vi-2","status":"publish","type":"post","link":"https:\/\/mapati.com.br\/blogmapati\/memoriasmemorialistas-vi-2\/","title":{"rendered":"Mem\u00f3rias\/Memorialistas (VI)"},"content":{"rendered":"<p>Na televis\u00e3o, nada se cria, tudo se copia (obrigado, Lavoisier; obrigado, Chacrinha). Na imprensa escrita e, mais particularmente(?), nos blogs, tudo se copia tamb\u00e9m. Melhor, n\u00e3o \u00e9 \u201ccopia e cola\u201d. Perdoando o eufemismo, trata-se em verdade de reaproveitamento de ideias.<\/p>\n<p>Um dos maiores jornalistas do pa\u00eds, Elio Gaspari manda de vez em quando l\u00e1 de sua coluna cartas psicografadas. Geralmente, s\u00e3o cascudos, coques, castanhas, mocas (\u00e9 mocas mesmo, revisor, n\u00e3o tem cedilha) que grandes personagens hist\u00f3ricos de esquerda, de centro e de direita desferem em pol\u00edticos de esquerda, de centro e de direita \u2013 e isso de forma cruzada, ou seja, um direit\u00e3o d\u00e1 li\u00e7\u00f5es de vida num esquerdinha e vice-versa; um centrista passa ensinamentos aos tipos e por a\u00ed vai.<\/p>\n<p>Longe de mim ombrear-me com o escritor que, esbanjando fidedignidade e percuci\u00eancia, dissecou em quatro tomos a ditadura envergonhada, escancarada, derrotada, encurralada \u2013 mas enaltecida pelo extinto \u201cOmbro a ombro\u201d. Vou, sim, fazer a transposi\u00e7\u00e3o (n\u00e3o \u00e9 a do S\u00e3o Francisco) de um recado que da tribuna do plen\u00e1rio, no long\u00ednquo ano de 1960, Afonso Arinos de Melo Franco enviou a Concei\u00e7\u00e3o de Freitas. Nosso cult\u00edssimo senador repassou as seguintes observa\u00e7\u00f5es \u00e0 jornalista do Correio Braziliense que admira muito Bras\u00edlia, um pouquinho menos do que eu e o JK, nessa ordem:<\/p>\n<figure id=\"attachment_181\" aria-describedby=\"caption-attachment-181\" style=\"width: 300px\" class=\"wp-caption alignright\"><a href=\"http:\/\/2017.mapati.com.br\/wp-content\/uploads\/2015\/12\/FIG25post36.jpg\" rel=\"attachment wp-att-181\"><img fetchpriority=\"high\" decoding=\"async\" class=\"size-full wp-image-181\" src=\"http:\/\/2017.mapati.com.br\/wp-content\/uploads\/2015\/12\/FIG25post36.jpg\" alt=\"http:\/\/diariodonordeste.verdesmares.com.br\/cadernos\/caderno-3\/coluna\/e-1.130\/mata-ria-1168590-1.574222\" width=\"300\" height=\"283\" \/><\/a><figcaption id=\"caption-attachment-181\" class=\"wp-caption-text\">http:\/\/diariodonordeste.verdesmares.com.br\/cadernos\/caderno-3\/coluna\/e-1.130\/mata-ria-1168590-1.57422<\/figcaption><\/figure>\n<p><em><span style=\"font-family: 'trebuchet ms', geneva, sans-serif;\">\u201cPrezada Concei\u00e7\u00e3o,<\/span><\/em><\/p>\n<p><em><span style=\"font-family: 'trebuchet ms', geneva, sans-serif;\">\u201cPessoalmente n\u00e3o tenho nenhuma hostilidade, n\u00e3o sinto nenhum impulso de resist\u00eancia ou de combate, nem \u00e0 mudan\u00e7a da capital em si mesma, nem \u00e0 realiza\u00e7\u00e3o desta mudan\u00e7a para a cidade de Bras\u00edlia\u2026 (\u2026) \u00easte rinc\u00e3o do Planalto Central, estas ondula\u00e7\u00f5es infinitas, estas lonjuras brasileiras falam muito de perto ao meu cora\u00e7\u00e3o. Desde menino \u00easses nomes que aqui venho encontrando, nos caminhos penosos de penetra\u00e7\u00e3o de outrora, hoje transformados na estupenda rodovia que conhecemos, ecoam na mem\u00f3ria saudosa, na lembran\u00e7a diuturna da minha casa patriarcal. Paracatu, Cristalina, Santa Luzia, Catal\u00e3o, Formosa, a antiga Meia Ponte, hoje (putz, mais de cinquenta anos atr\u00e1s) Pirin\u00f3polis, tudo isso\u2026 Dona Concei\u00e7\u00e3o, floriu, surgiu, cresceu, nasceu \u00e0 beira do velho caminho das Minas, que ligava as Gerais \u00e0 Vila boa de Goi\u00e1s\u2026 Para mim, portanto, n\u00e3o \u00e9 pr\u00f2priamente um ex\u00edlio, sen\u00e3o uma reintegra\u00e7\u00e3o, uma volta \u00e0s ra\u00edzes ancestrais, que ainda conheci h\u00e1 alguns anos, com aspectos muito semelhantes \u00e0queles que tinham na \u00e9poca antiga da coloniza\u00e7\u00e3o.\u201d<\/span><\/em><\/p>\n<p>&nbsp;<\/p>\n<p style=\"text-align: right;\">10 de janeiro de 2014<\/p>\n<p style=\"text-align: right;\">(036)<\/p>\n<p style=\"text-align: right;\"><span style=\"text-decoration: underline; color: #0000ff;\">mmsmarcos1953@hotmail.com<\/span><\/p>\n","protected":false},"excerpt":{"rendered":"<p>Na televis\u00e3o, nada se cria, tudo se copia (obrigado, Lavoisier; obrigado, Chacrinha). Na imprensa escrita e, mais particularmente(?), nos blogs, tudo se copia tamb\u00e9m. Melhor, n\u00e3o \u00e9 \u201ccopia e cola\u201d. Perdoando o eufemismo, trata-se em verdade de reaproveitamento de ideias. Um dos maiores jornalistas do pa\u00eds, Elio Gaspari manda de vez em quando l\u00e1 de sua coluna cartas psicografadas. Geralmente, s\u00e3o cascudos, coques, castanhas, mocas (\u00e9 mocas mesmo, revisor, n\u00e3o tem cedilha) que grandes personagens hist\u00f3ricos de esquerda, de centro e de direita desferem em pol\u00edticos de esquerda, de centro e de direita \u2013 e isso de forma cruzada, ou seja, um direit\u00e3o d\u00e1 li\u00e7\u00f5es de vida num esquerdinha e vice-versa; um centrista passa ensinamentos aos tipos e por a\u00ed vai. Longe de mim ombrear-me com o escritor que, esbanjando fidedignidade e percuci\u00eancia, dissecou em quatro tomos a ditadura envergonhada, escancarada, derrotada, encurralada \u2013 mas enaltecida pelo extinto \u201cOmbro a ombro\u201d. Vou, sim, fazer a transposi\u00e7\u00e3o (n\u00e3o \u00e9 a do S\u00e3o Francisco) de um recado que da tribuna do plen\u00e1rio, no long\u00ednquo ano de 1960, Afonso Arinos de Melo Franco enviou a Concei\u00e7\u00e3o de Freitas. Nosso cult\u00edssimo senador repassou as seguintes observa\u00e7\u00f5es \u00e0 jornalista do Correio Braziliense que admira muito Bras\u00edlia, um pouquinho menos do que eu e o JK, nessa ordem: \u201cPrezada Concei\u00e7\u00e3o, \u201cPessoalmente n\u00e3o tenho nenhuma hostilidade, n\u00e3o sinto nenhum impulso de resist\u00eancia ou de combate, nem \u00e0 mudan\u00e7a da capital em si mesma, nem \u00e0 realiza\u00e7\u00e3o desta mudan\u00e7a para a cidade de Bras\u00edlia\u2026 (\u2026) \u00easte rinc\u00e3o do Planalto Central, estas ondula\u00e7\u00f5es infinitas, estas lonjuras brasileiras falam muito de perto ao meu cora\u00e7\u00e3o. Desde menino \u00easses nomes que aqui venho encontrando, nos caminhos penosos de penetra\u00e7\u00e3o de outrora, hoje transformados na estupenda rodovia que conhecemos, ecoam na mem\u00f3ria saudosa, na lembran\u00e7a diuturna da minha casa patriarcal. Paracatu, Cristalina, Santa Luzia, Catal\u00e3o, Formosa, a antiga Meia Ponte, hoje (putz, mais de cinquenta anos atr\u00e1s) Pirin\u00f3polis, tudo isso\u2026 Dona Concei\u00e7\u00e3o, floriu, surgiu, cresceu, nasceu \u00e0 beira do velho caminho das Minas, que ligava as Gerais \u00e0 Vila boa de Goi\u00e1s\u2026 Para mim, portanto, n\u00e3o \u00e9 pr\u00f2priamente um ex\u00edlio, sen\u00e3o uma reintegra\u00e7\u00e3o, uma volta \u00e0s ra\u00edzes ancestrais, que ainda conheci h\u00e1 alguns anos, com aspectos muito semelhantes \u00e0queles que tinham na \u00e9poca antiga da coloniza\u00e7\u00e3o.\u201d &nbsp; 10 de janeiro de 2014 (036) mmsmarcos1953@hotmail.com<\/p>\n","protected":false},"author":1,"featured_media":0,"comment_status":"open","ping_status":"open","sticky":false,"template":"","format":"standard","meta":{"footnotes":""},"categories":[1],"tags":[],"class_list":["post-514","post","type-post","status-publish","format-standard","hentry","category-sem-categoria"],"_links":{"self":[{"href":"https:\/\/mapati.com.br\/blogmapati\/wp-json\/wp\/v2\/posts\/514","targetHints":{"allow":["GET"]}}],"collection":[{"href":"https:\/\/mapati.com.br\/blogmapati\/wp-json\/wp\/v2\/posts"}],"about":[{"href":"https:\/\/mapati.com.br\/blogmapati\/wp-json\/wp\/v2\/types\/post"}],"author":[{"embeddable":true,"href":"https:\/\/mapati.com.br\/blogmapati\/wp-json\/wp\/v2\/users\/1"}],"replies":[{"embeddable":true,"href":"https:\/\/mapati.com.br\/blogmapati\/wp-json\/wp\/v2\/comments?post=514"}],"version-history":[{"count":0,"href":"https:\/\/mapati.com.br\/blogmapati\/wp-json\/wp\/v2\/posts\/514\/revisions"}],"wp:attachment":[{"href":"https:\/\/mapati.com.br\/blogmapati\/wp-json\/wp\/v2\/media?parent=514"}],"wp:term":[{"taxonomy":"category","embeddable":true,"href":"https:\/\/mapati.com.br\/blogmapati\/wp-json\/wp\/v2\/categories?post=514"},{"taxonomy":"post_tag","embeddable":true,"href":"https:\/\/mapati.com.br\/blogmapati\/wp-json\/wp\/v2\/tags?post=514"}],"curies":[{"name":"wp","href":"https:\/\/api.w.org\/{rel}","templated":true}]}}