{"id":528,"date":"2015-12-21T20:15:40","date_gmt":"2015-12-21T20:15:40","guid":{"rendered":"http:\/\/mapati.com.br\/blog\/?p=528"},"modified":"2015-12-21T20:15:40","modified_gmt":"2015-12-21T20:15:40","slug":"memoriasmemorialistas-ix-2","status":"publish","type":"post","link":"https:\/\/mapati.com.br\/blogmapati\/memoriasmemorialistas-ix-2\/","title":{"rendered":"Mem\u00f3rias\/Memorialistas (IX)"},"content":{"rendered":"<p>A quest\u00e3o desborda de ter ou n\u00e3o transpar\u00eancia. \u00d3bvio que ao jurista cult\u00edssimo e probo repugnava qualquer toler\u00e2ncia com malfeitos (respeitosamente, obrigado, Senhora Presidenta). O conterr\u00e2neo do meu pai defenderia, por exemplo, o exerc\u00edcio do munus p\u00fablico, no recesso de sala indevass\u00e1vel, mas sem asfixia, sem desapego aos leg\u00edtimos interesses da comunidade. No plano mais geral, todos carecer\u00edamos de mirantes para \u201cviver a vida\u201d.<\/p>\n<p>Leiam (Concei\u00e7\u00e3o, voc\u00ea tamb\u00e9m, eu pediria):<\/p>\n<p style=\"padding-left: 90px;\"><em><span style=\"font-family: 'trebuchet ms', geneva, sans-serif;\">\u201c(\u2026) Se, por um lado, a vida \u00edntima fica defendida apenas pelas cortinas e persianas, por outro a falta de terra\u00e7os, sacadas e verdadeiras janelas, ajunta ao devassamento a sensa\u00e7\u00e3o de falta de liberdade. Existimos \u00e0s claras, como queriam os positivistas, mas s\u00f3 temos contacto direto com o mundo externo se sa\u00edmos para a rua, quer dizer, para a poeira. N\u00e3o h\u00e1 uma s\u00f3 sacada, uma s\u00f3 varanda em t\u00f4da a cidade, onde se coloque um pote de ger\u00e2nio ou uma gaiola dourada de can\u00e1rio cantador. Niemeyer falou-me em necessidade de disciplina, para a vida em comum. Mas eu acho que disciplina n\u00e3o se confunde com pris\u00e3o, ainda que seja clara. Falta em Bras\u00edlia individualismo, personalidade, liberdade. Sou de opini\u00e3o que se deve manter o conjunto urban\u00edstico e o estilo arquitet\u00f4nico t\u00e3o bem integrados de L\u00facio Costa e Niemeyer. Mas a homogeneidade dos conjuntos n\u00e3o imp\u00f5e identidade dos aspectos particulares. Harmonia n\u00e3o \u00e9 monotonia. Nada mais harm\u00f4nico que uma velha cidade alem\u00e3 ou uma nova cidade americana, de casas de madeira e jardins sem muros. Mas a personalidade, o g\u00f4sto, a necessidade de cada qual se exprime na liberdade das solu\u00e7\u00f5es. Minha concep\u00e7\u00e3o de ordem e disciplina \u00e9 verdadeiramente democr\u00e1tica. \u00c9 esta irredut\u00edvel sensibilidade democr\u00e1trica que se sente opressa em Bras\u00edlia.\u201d<\/span><\/em><\/p>\n<figure id=\"attachment_191\" aria-describedby=\"caption-attachment-191\" style=\"width: 446px\" class=\"wp-caption aligncenter\"><a href=\"http:\/\/2017.mapati.com.br\/wp-content\/uploads\/2015\/12\/FIG28post39.jpg\" rel=\"attachment wp-att-191\"><img fetchpriority=\"high\" decoding=\"async\" class=\" wp-image-191\" src=\"http:\/\/2017.mapati.com.br\/wp-content\/uploads\/2015\/12\/FIG28post39.jpg\" alt=\"http:\/\/noticias.uol.com.br\/cotidiano\/ultimas-noticias\/2013\/09\/22\/primavera-comeca-hoje-com-mudancas-no-regime-de-chuvas-e-temperaturas.htm#fotoNav=8\" width=\"446\" height=\"669\" \/><\/a><figcaption id=\"caption-attachment-191\" class=\"wp-caption-text\"><span style=\"font-size: 8pt;\">http:\/\/noticias.uol.com.br\/cotidiano\/ultimas-noticias\/2013\/09\/22\/primavera-comeca-hoje-com-mudancas-no-regime-de-chuvas-e-temperaturas.htm#fotoNav=8<\/span><\/figcaption><\/figure>\n<p>Caberia parar por aqui dando um descanso aos desavisados e desavisadas que por acaso foram dar com os costados neste blog. De que modo, todavia, resistir ao, digamos, encanto dessa an\u00e1lise em boa parte feita, parece, h\u00e1 poucos dias? Diagnosticado com \u201cS\u00edndrome de Estocolmo\u201d, preparo-me, tomo coragem, ou melhor, dou vaz\u00e3o a minha patologia consignando o que deveria ser o intr\u00f3ito do \u201cMem\u00f3rias\/Memorialistas (X)\u201d, mas que aparece como desfecho desta postagem que ainda reclama sequ\u00eancia:<\/p>\n<p style=\"padding-left: 120px;\"><em><span style=\"font-family: 'trebuchet ms', geneva, sans-serif;\">\u201c(\u2026) Mas os v\u00edcios da atualidade brasileira, postos em evid\u00eancia por Bras\u00edlia (negritei), situam-se principalmente nos terrenos social e moral (\u2026)\u201d<\/span><\/em><\/p>\n<p>&nbsp;<\/p>\n<p style=\"text-align: right;\">13 de janeiro de 2014<\/p>\n<p style=\"text-align: right;\">(039)<\/p>\n<p style=\"text-align: right;\"><span style=\"text-decoration: underline; color: #0000ff;\">mmsmarcos1953@hotmail.com<\/span><\/p>\n","protected":false},"excerpt":{"rendered":"<p>A quest\u00e3o desborda de ter ou n\u00e3o transpar\u00eancia. \u00d3bvio que ao jurista cult\u00edssimo e probo repugnava qualquer toler\u00e2ncia com malfeitos (respeitosamente, obrigado, Senhora Presidenta). O conterr\u00e2neo do meu pai defenderia, por exemplo, o exerc\u00edcio do munus p\u00fablico, no recesso de sala indevass\u00e1vel, mas sem asfixia, sem desapego aos leg\u00edtimos interesses da comunidade. No plano mais geral, todos carecer\u00edamos de mirantes para \u201cviver a vida\u201d. Leiam (Concei\u00e7\u00e3o, voc\u00ea tamb\u00e9m, eu pediria): \u201c(\u2026) Se, por um lado, a vida \u00edntima fica defendida apenas pelas cortinas e persianas, por outro a falta de terra\u00e7os, sacadas e verdadeiras janelas, ajunta ao devassamento a sensa\u00e7\u00e3o de falta de liberdade. Existimos \u00e0s claras, como queriam os positivistas, mas s\u00f3 temos contacto direto com o mundo externo se sa\u00edmos para a rua, quer dizer, para a poeira. N\u00e3o h\u00e1 uma s\u00f3 sacada, uma s\u00f3 varanda em t\u00f4da a cidade, onde se coloque um pote de ger\u00e2nio ou uma gaiola dourada de can\u00e1rio cantador. Niemeyer falou-me em necessidade de disciplina, para a vida em comum. Mas eu acho que disciplina n\u00e3o se confunde com pris\u00e3o, ainda que seja clara. Falta em Bras\u00edlia individualismo, personalidade, liberdade. Sou de opini\u00e3o que se deve manter o conjunto urban\u00edstico e o estilo arquitet\u00f4nico t\u00e3o bem integrados de L\u00facio Costa e Niemeyer. Mas a homogeneidade dos conjuntos n\u00e3o imp\u00f5e identidade dos aspectos particulares. Harmonia n\u00e3o \u00e9 monotonia. Nada mais harm\u00f4nico que uma velha cidade alem\u00e3 ou uma nova cidade americana, de casas de madeira e jardins sem muros. Mas a personalidade, o g\u00f4sto, a necessidade de cada qual se exprime na liberdade das solu\u00e7\u00f5es. Minha concep\u00e7\u00e3o de ordem e disciplina \u00e9 verdadeiramente democr\u00e1tica. \u00c9 esta irredut\u00edvel sensibilidade democr\u00e1trica que se sente opressa em Bras\u00edlia.\u201d Caberia parar por aqui dando um descanso aos desavisados e desavisadas que por acaso foram dar com os costados neste blog. De que modo, todavia, resistir ao, digamos, encanto dessa an\u00e1lise em boa parte feita, parece, h\u00e1 poucos dias? Diagnosticado com \u201cS\u00edndrome de Estocolmo\u201d, preparo-me, tomo coragem, ou melhor, dou vaz\u00e3o a minha patologia consignando o que deveria ser o intr\u00f3ito do \u201cMem\u00f3rias\/Memorialistas (X)\u201d, mas que aparece como desfecho desta postagem que ainda reclama sequ\u00eancia: \u201c(\u2026) Mas os v\u00edcios da atualidade brasileira, postos em evid\u00eancia por Bras\u00edlia (negritei), situam-se principalmente nos terrenos social e moral (\u2026)\u201d &nbsp; 13 de janeiro de 2014 (039) mmsmarcos1953@hotmail.com<\/p>\n","protected":false},"author":1,"featured_media":0,"comment_status":"open","ping_status":"open","sticky":false,"template":"","format":"standard","meta":{"footnotes":""},"categories":[1],"tags":[],"class_list":["post-528","post","type-post","status-publish","format-standard","hentry","category-sem-categoria"],"_links":{"self":[{"href":"https:\/\/mapati.com.br\/blogmapati\/wp-json\/wp\/v2\/posts\/528","targetHints":{"allow":["GET"]}}],"collection":[{"href":"https:\/\/mapati.com.br\/blogmapati\/wp-json\/wp\/v2\/posts"}],"about":[{"href":"https:\/\/mapati.com.br\/blogmapati\/wp-json\/wp\/v2\/types\/post"}],"author":[{"embeddable":true,"href":"https:\/\/mapati.com.br\/blogmapati\/wp-json\/wp\/v2\/users\/1"}],"replies":[{"embeddable":true,"href":"https:\/\/mapati.com.br\/blogmapati\/wp-json\/wp\/v2\/comments?post=528"}],"version-history":[{"count":0,"href":"https:\/\/mapati.com.br\/blogmapati\/wp-json\/wp\/v2\/posts\/528\/revisions"}],"wp:attachment":[{"href":"https:\/\/mapati.com.br\/blogmapati\/wp-json\/wp\/v2\/media?parent=528"}],"wp:term":[{"taxonomy":"category","embeddable":true,"href":"https:\/\/mapati.com.br\/blogmapati\/wp-json\/wp\/v2\/categories?post=528"},{"taxonomy":"post_tag","embeddable":true,"href":"https:\/\/mapati.com.br\/blogmapati\/wp-json\/wp\/v2\/tags?post=528"}],"curies":[{"name":"wp","href":"https:\/\/api.w.org\/{rel}","templated":true}]}}