{"id":532,"date":"2015-12-21T20:20:10","date_gmt":"2015-12-21T20:20:10","guid":{"rendered":"http:\/\/mapati.com.br\/blog\/?p=532"},"modified":"2015-12-21T20:20:10","modified_gmt":"2015-12-21T20:20:10","slug":"memoriasmemorialistas-xi-2","status":"publish","type":"post","link":"https:\/\/mapati.com.br\/blogmapati\/memoriasmemorialistas-xi-2\/","title":{"rendered":"Mem\u00f3rias\/Memorialistas (XI)"},"content":{"rendered":"<figure id=\"attachment_245\" aria-describedby=\"caption-attachment-245\" style=\"width: 441px\" class=\"wp-caption aligncenter\"><a href=\"http:\/\/2017.mapati.com.br\/wp-content\/uploads\/2015\/12\/FIG30post41.jpg\" rel=\"attachment wp-att-245\"><img fetchpriority=\"high\" decoding=\"async\" class=\" wp-image-245\" src=\"http:\/\/2017.mapati.com.br\/wp-content\/uploads\/2015\/12\/FIG30post41.jpg\" alt=\"Foto: Alberto ferreira http:\/\/albertoferreira.art.br\/\" width=\"441\" height=\"433\" \/><\/a><figcaption id=\"caption-attachment-245\" class=\"wp-caption-text\"><span style=\"font-size: 8pt;\">Foto: Alberto ferreira &#8211;\u00a0http:\/\/albertoferreira.art.br\/<\/span><\/figcaption><\/figure>\n<p style=\"padding-left: 90px;\"><em><span style=\"font-family: 'trebuchet ms', geneva, sans-serif;\">\u201c(\u2026) Aqui (em Bras\u00edlia) se sente, mais do que em qualquer parte, a crueza da injusti\u00e7a social no Brasil.<\/span><\/em><\/p>\n<p style=\"padding-left: 90px;\"><em><span style=\"font-family: 'trebuchet ms', geneva, sans-serif;\">\u201cEm cima, o grupo governativo: Presidente, ministros, deputados, senadores e os aderentes do sistema majorit\u00e1rio, empreiteiros, negocistas, exploradores indefinidos e de t\u00f4da casta, com suas mulheres apetitosas, perfumadas, queimadas<\/span><\/em><br \/>\n<em><span style=\"font-family: 'trebuchet ms', geneva, sans-serif;\">de sol, cheias de j\u00f3ias, cruzando de cal\u00e7as e sand\u00e1lias<\/span><\/em><br \/>\n<em><span style=\"font-family: 'trebuchet ms', geneva, sans-serif;\">as avenidas monumentais, ou as vielas afaveladas<\/span><\/em><br \/>\n<em><span style=\"font-family: 'trebuchet ms', geneva, sans-serif;\">da Cidade Livre.<\/span><\/em><\/p>\n<p style=\"padding-left: 90px;\"><em><span style=\"font-family: 'trebuchet ms', geneva, sans-serif;\">\u201cAbaixo d\u00easte, vem o grupo dos altos burocratas, do Executivo<\/span><\/em><br \/>\n<em><span style=\"font-family: 'trebuchet ms', geneva, sans-serif;\">e do Legislativo, do Banco do Brasil e das autarquias,<\/span><\/em><br \/>\n<em><span style=\"font-family: 'trebuchet ms', geneva, sans-serif;\">mais ou menos na mesma situa\u00e7\u00e3o.<\/span><\/em><\/p>\n<p style=\"padding-left: 90px;\"><em><span style=\"font-family: 'trebuchet ms', geneva, sans-serif;\">\u201cDepois, tirante os tendeiros e lojistas, em grande parte s\u00edrios, judeus, e japon\u00eases, n\u00e3o h\u00e1 classe m\u00e9dia. Cai-se logo na massa ignara e desamparada dos candangos. Nordestinos, na grande maioria, bastante jovens, na quase totalidade, \u00eales v\u00eam como gado, atulhando caminh\u00f5es pelas estradas poeirentas, atra\u00eddos pela miragem. Muitos n\u00e3o t\u00eam nem documentos de identidade. Arrancados \u00e0 lavoura manual e rude da terra natal, improvisam-se como trabalhadores de obras, e, j\u00e1 agora,<\/span><\/em><br \/>\n<em><span style=\"font-family: 'trebuchet ms', geneva, sans-serif;\">os bra\u00e7os excedem a procura, como acentuava, no serm\u00e3o<\/span><\/em><br \/>\n<em><span style=\"font-family: 'trebuchet ms', geneva, sans-serif;\">da missa do \u00faltimo domingo, o barbadinho italiano que<\/span><\/em><br \/>\n<em><span style=\"font-family: 'trebuchet ms', geneva, sans-serif;\">a oficiava. Dormem nos esqueletos de vigas e lajes, comem<\/span><\/em><br \/>\n<em><span style=\"font-family: 'trebuchet ms', geneva, sans-serif;\">n\u00e3o se sabe o qu\u00ea, e olham de fora aquele mundo<\/span><\/em><br \/>\n<em><span style=\"font-family: 'trebuchet ms', geneva, sans-serif;\">que ajudam a construir.\u201d<\/span><\/em><\/p>\n<figure id=\"attachment_244\" aria-describedby=\"caption-attachment-244\" style=\"width: 468px\" class=\"wp-caption aligncenter\"><a href=\"http:\/\/2017.mapati.com.br\/wp-content\/uploads\/2015\/12\/FIG32post41.jpg\" rel=\"attachment wp-att-244\"><img decoding=\"async\" class=\" wp-image-244\" src=\"http:\/\/2017.mapati.com.br\/wp-content\/uploads\/2015\/12\/FIG32post41.jpg\" alt=\"Foto: Alberto ferreira http:\/\/albertoferreira.art.br\/\" width=\"468\" height=\"422\" \/><\/a><figcaption id=\"caption-attachment-244\" class=\"wp-caption-text\"><span style=\"font-size: 8pt;\">Foto: Alberto ferreira &#8211;\u00a0http:\/\/albertoferreira.art.br\/<\/span><\/figcaption><\/figure>\n<p>&nbsp;<\/p>\n<p style=\"text-align: right;\">16 de janeiro de 2014<\/p>\n<p style=\"text-align: right;\">(041)<\/p>\n<p style=\"text-align: right;\"><span style=\"text-decoration: underline;\"><span style=\"color: #0000ff; text-decoration: underline;\">mmsmarcos1953@hotmail.com<\/span><\/span><\/p>\n","protected":false},"excerpt":{"rendered":"<p>\u201c(\u2026) Aqui (em Bras\u00edlia) se sente, mais do que em qualquer parte, a crueza da injusti\u00e7a social no Brasil. \u201cEm cima, o grupo governativo: Presidente, ministros, deputados, senadores e os aderentes do sistema majorit\u00e1rio, empreiteiros, negocistas, exploradores indefinidos e de t\u00f4da casta, com suas mulheres apetitosas, perfumadas, queimadas de sol, cheias de j\u00f3ias, cruzando de cal\u00e7as e sand\u00e1lias as avenidas monumentais, ou as vielas afaveladas da Cidade Livre. \u201cAbaixo d\u00easte, vem o grupo dos altos burocratas, do Executivo e do Legislativo, do Banco do Brasil e das autarquias, mais ou menos na mesma situa\u00e7\u00e3o. \u201cDepois, tirante os tendeiros e lojistas, em grande parte s\u00edrios, judeus, e japon\u00eases, n\u00e3o h\u00e1 classe m\u00e9dia. Cai-se logo na massa ignara e desamparada dos candangos. Nordestinos, na grande maioria, bastante jovens, na quase totalidade, \u00eales v\u00eam como gado, atulhando caminh\u00f5es pelas estradas poeirentas, atra\u00eddos pela miragem. Muitos n\u00e3o t\u00eam nem documentos de identidade. Arrancados \u00e0 lavoura manual e rude da terra natal, improvisam-se como trabalhadores de obras, e, j\u00e1 agora, os bra\u00e7os excedem a procura, como acentuava, no serm\u00e3o da missa do \u00faltimo domingo, o barbadinho italiano que a oficiava. Dormem nos esqueletos de vigas e lajes, comem n\u00e3o se sabe o qu\u00ea, e olham de fora aquele mundo que ajudam a construir.\u201d &nbsp; 16 de janeiro de 2014 (041) mmsmarcos1953@hotmail.com<\/p>\n","protected":false},"author":1,"featured_media":0,"comment_status":"open","ping_status":"open","sticky":false,"template":"","format":"standard","meta":{"footnotes":""},"categories":[1],"tags":[],"class_list":["post-532","post","type-post","status-publish","format-standard","hentry","category-sem-categoria"],"_links":{"self":[{"href":"https:\/\/mapati.com.br\/blogmapati\/wp-json\/wp\/v2\/posts\/532","targetHints":{"allow":["GET"]}}],"collection":[{"href":"https:\/\/mapati.com.br\/blogmapati\/wp-json\/wp\/v2\/posts"}],"about":[{"href":"https:\/\/mapati.com.br\/blogmapati\/wp-json\/wp\/v2\/types\/post"}],"author":[{"embeddable":true,"href":"https:\/\/mapati.com.br\/blogmapati\/wp-json\/wp\/v2\/users\/1"}],"replies":[{"embeddable":true,"href":"https:\/\/mapati.com.br\/blogmapati\/wp-json\/wp\/v2\/comments?post=532"}],"version-history":[{"count":0,"href":"https:\/\/mapati.com.br\/blogmapati\/wp-json\/wp\/v2\/posts\/532\/revisions"}],"wp:attachment":[{"href":"https:\/\/mapati.com.br\/blogmapati\/wp-json\/wp\/v2\/media?parent=532"}],"wp:term":[{"taxonomy":"category","embeddable":true,"href":"https:\/\/mapati.com.br\/blogmapati\/wp-json\/wp\/v2\/categories?post=532"},{"taxonomy":"post_tag","embeddable":true,"href":"https:\/\/mapati.com.br\/blogmapati\/wp-json\/wp\/v2\/tags?post=532"}],"curies":[{"name":"wp","href":"https:\/\/api.w.org\/{rel}","templated":true}]}}