{"id":797,"date":"2015-12-22T17:02:18","date_gmt":"2015-12-22T17:02:18","guid":{"rendered":"http:\/\/mapati.com.br\/blog\/?p=797"},"modified":"2015-12-22T17:02:18","modified_gmt":"2015-12-22T17:02:18","slug":"memoriasmemorialistas-xiii","status":"publish","type":"post","link":"https:\/\/mapati.com.br\/blogmapati\/memoriasmemorialistas-xiii\/","title":{"rendered":"Mem\u00f3rias\/Memorialistas (XIII)"},"content":{"rendered":"<p>N\u00e3o se recuse a nos ajudar, professor Paulo Duarte. Mostre como aconteciam as viagens de navio ao exterior nos anos 1930, quando, sem haver nascido ainda, o cantor Roberto Carlos n\u00e3o podia emocionar cinquentonas, sessentonas e setentonas amadas\/amantes de um cruzeiro. Abra o segundo volume de suas mem\u00f3rias (&#8220;A intelig\u00eancia da fome&#8221;). D\u00ea-nos uma panor\u00e2mica das jornadas mar\u00edtimas feitas \u00e0quela \u00e9poca pelos burgueses que atravessavam o Atl\u00e2ntico com destino \u00e0 Fran\u00e7a.<em>\u00a0<\/em><\/p>\n<p style=\"padding-left: 90px;\"><span style=\"font-family: 'trebuchet ms', geneva, sans-serif;\"><em>&#8220;(&#8230;) Era a segunda vez que eu entrava no grande sal\u00e3o do Hotel Regina. (&#8230;). Se eu fechasse os olhos, em lugar daquela gente t\u00edpica de 1933, burguesia americana e europ\u00e9ia rica, veria ainda\u00a0<\/em>collets-mont\u00e9s<em>\u00a0\u00a0de toda parte, sul-americanos abastados, principalmente do Brasil e da Argentina, at\u00e9 gente da alta nobreza, militares vistosos e empetecados de cores e condecora\u00e7\u00f5es. O que correspondia bem com aquele sal\u00e3o \u00a0<\/em>find-de-si\u00e8cle<em>, barroco pesado, cortinas de reps escuro, tapetes grossos enormes. Era um dos mais reputados hot\u00e9is de\u00a0<\/em>Belle\u00a0<em>\u00c9poque at\u00e9 1914. Naquele tempo as viagens \u00e0 Europa eram penosas. Antes de embarcar, em Buenos Aires, em Santos ou no Rio de Janeiro, os viajantes tomavam um purgante, os mais velhos, chefes de fam\u00edlia, at\u00e9 faziam testamento. Ao lado da fam\u00edlia que subia ao vapor, freq\u00fcentemente, entrava tamb\u00e9m uma vaca vistosa, para n\u00e3o faltar leite \u00e0s crian\u00e7as e aos grandes. No Havre as vacas eram recolhidas a um hotel conhecido, dotado de est\u00e1bulos, enquanto a fam\u00edlia seguia para Paris. Um ou dois meses depois, a fam\u00edlia de volta, as vacas eram de novo embarcadas.<\/em><\/span><\/p>\n<p style=\"padding-left: 90px;\"><span style=\"font-family: 'trebuchet ms', geneva, sans-serif;\"><em>&#8220;Em Paris, o Hotel Regina era o preferido dos Junqueiras em geral, de Minas ou de S.Paulo, por cujo territ\u00f3rio se haviam expandido, vindos do Tri\u00e2ngulo Mineiro. Estes, n\u00e3o admitiam outro. Um meu velho tio-bisav\u00f4 (todos os Junqueiras do passado s\u00e3o sempre tios-bisav\u00f3s dos Junqueiras contempor\u00e2neos), ia pelo menos cada dois ou tr\u00eas anos \u00e0 Europa e acampava no Hotel Regina, de Paris, como eles mesmo diziam de boca cheia.<\/em><\/span><\/p>\n<p style=\"padding-left: 90px;\"><span style=\"font-family: 'trebuchet ms', geneva, sans-serif;\"><em>&#8220;(&#8230;) Dessa gente provinha o nosso Jo\u00e3o Francisco ou simplesmente tio Jo\u00e3o como \u00e9 citado quando se conta algumas das perip\u00e9cias singulares da sua vida. Tinha um aspecto meio rude, mas era esclarecido por uma vivacidade natural, pela experi\u00eancia pr\u00f3pria e at\u00e9 pelas viagens que fizera.<\/em><\/span><\/p>\n<figure id=\"attachment_798\" aria-describedby=\"caption-attachment-798\" style=\"width: 577px\" class=\"wp-caption aligncenter\"><a href=\"http:\/\/2017.mapati.com.br\/wp-content\/uploads\/2015\/12\/Galria07.jpg\" rel=\"attachment wp-att-798\"><img fetchpriority=\"high\" decoding=\"async\" class=\" wp-image-798\" src=\"http:\/\/2017.mapati.com.br\/wp-content\/uploads\/2015\/12\/Galria07.jpg\" alt=\"http:\/\/garfadasonline.blogspot.com.br\/2011\/04\/1-importancia-do-transatlantico-gelria.html\" width=\"577\" height=\"407\" srcset=\"https:\/\/mapati.com.br\/blogmapati\/wp-content\/uploads\/2015\/12\/Galria07.jpg 1600w, https:\/\/mapati.com.br\/blogmapati\/wp-content\/uploads\/2015\/12\/Galria07-300x212.jpg 300w, https:\/\/mapati.com.br\/blogmapati\/wp-content\/uploads\/2015\/12\/Galria07-768x541.jpg 768w, https:\/\/mapati.com.br\/blogmapati\/wp-content\/uploads\/2015\/12\/Galria07-1024x722.jpg 1024w, https:\/\/mapati.com.br\/blogmapati\/wp-content\/uploads\/2015\/12\/Galria07-200x141.jpg 200w, https:\/\/mapati.com.br\/blogmapati\/wp-content\/uploads\/2015\/12\/Galria07-400x282.jpg 400w, https:\/\/mapati.com.br\/blogmapati\/wp-content\/uploads\/2015\/12\/Galria07-600x423.jpg 600w, https:\/\/mapati.com.br\/blogmapati\/wp-content\/uploads\/2015\/12\/Galria07-800x564.jpg 800w, https:\/\/mapati.com.br\/blogmapati\/wp-content\/uploads\/2015\/12\/Galria07-1200x846.jpg 1200w\" sizes=\"(max-width: 577px) 100vw, 577px\" \/><\/a><figcaption id=\"caption-attachment-798\" class=\"wp-caption-text\"><span style=\"font-size: 8pt;\">http:\/\/garfadasonline.blogspot.com.br\/2011\/04\/1-importancia-do-transatlantico-gelria.html<\/span><\/figcaption><\/figure>\n<p style=\"padding-left: 90px;\"><span style=\"font-family: 'trebuchet ms', geneva, sans-serif;\"><em>&#8220;Quando \u00e0 sua primeira viagem, o navio desatracou em Santos, ele correu ao camarote e de l\u00e1 voltou envolvido num guarda-p\u00f3 de palha de seda&#8230; Alguns dias depois, ao ver sumir no horizonte a \u00faltima f\u00edmbria da terra brasileira, come\u00e7ou a ficar inquieto, aquele &#8216;chapad\u00e3o d&#8217;\u00e1gua&#8217; era mesmo de meter medo, martelando daquele jeito o casco do navio. Um dia, sentado junto \u00e0 amurada, o queixo sobre o bra\u00e7o apoiado no espaldar de uma cadeira, a\u00ed permaneceu longos minutos, quieto, a olhar as ondas um pouco revoltas. De repente. levantou a cabe\u00e7a e voltando para o filho que o acompanhava, comentou:<\/em><\/span><\/p>\n<p style=\"padding-left: 90px;\"><span style=\"font-family: 'trebuchet ms', geneva, sans-serif;\"><em>\u00a0<\/em><em>Fi\u00edco! se esta jo\u00e7a afunda, nem uma arvinha pr\u00e1 gente se agarrar..&#8221;<\/em><\/span><\/p>\n<p>&nbsp;<\/p>\n<p style=\"text-align: right;\">30 de julho de 2014<\/p>\n<p style=\"text-align: right;\">(078)<\/p>\n<p style=\"text-align: right;\"><span style=\"color: #0000ff;\"><a style=\"color: #0000ff;\" href=\"mailto:mmsmarcos1953@hotmail.com\">mmsmarcos1953@hotmail.com<\/a><\/span><\/p>\n","protected":false},"excerpt":{"rendered":"<p>N\u00e3o se recuse a nos ajudar, professor Paulo Duarte. Mostre como aconteciam as viagens de navio ao exterior nos anos 1930, quando, sem haver nascido ainda, o cantor Roberto Carlos n\u00e3o podia emocionar cinquentonas, sessentonas e setentonas amadas\/amantes de um cruzeiro. Abra o segundo volume de suas mem\u00f3rias (&#8220;A intelig\u00eancia da fome&#8221;). D\u00ea-nos uma panor\u00e2mica das jornadas mar\u00edtimas feitas \u00e0quela \u00e9poca pelos burgueses que atravessavam o Atl\u00e2ntico com destino \u00e0 Fran\u00e7a.\u00a0 &#8220;(&#8230;) Era a segunda vez que eu entrava no grande sal\u00e3o do Hotel Regina. (&#8230;). Se eu fechasse os olhos, em lugar daquela gente t\u00edpica de 1933, burguesia americana e europ\u00e9ia rica, veria ainda\u00a0collets-mont\u00e9s\u00a0\u00a0de toda parte, sul-americanos abastados, principalmente do Brasil e da Argentina, at\u00e9 gente da alta nobreza, militares vistosos e empetecados de cores e condecora\u00e7\u00f5es. O que correspondia bem com aquele sal\u00e3o \u00a0find-de-si\u00e8cle, barroco pesado, cortinas de reps escuro, tapetes grossos enormes. Era um dos mais reputados hot\u00e9is de\u00a0Belle\u00a0\u00c9poque at\u00e9 1914. Naquele tempo as viagens \u00e0 Europa eram penosas. Antes de embarcar, em Buenos Aires, em Santos ou no Rio de Janeiro, os viajantes tomavam um purgante, os mais velhos, chefes de fam\u00edlia, at\u00e9 faziam testamento. Ao lado da fam\u00edlia que subia ao vapor, freq\u00fcentemente, entrava tamb\u00e9m uma vaca vistosa, para n\u00e3o faltar leite \u00e0s crian\u00e7as e aos grandes. No Havre as vacas eram recolhidas a um hotel conhecido, dotado de est\u00e1bulos, enquanto a fam\u00edlia seguia para Paris. Um ou dois meses depois, a fam\u00edlia de volta, as vacas eram de novo embarcadas. &#8220;Em Paris, o Hotel Regina era o preferido dos Junqueiras em geral, de Minas ou de S.Paulo, por cujo territ\u00f3rio se haviam expandido, vindos do Tri\u00e2ngulo Mineiro. Estes, n\u00e3o admitiam outro. Um meu velho tio-bisav\u00f4 (todos os Junqueiras do passado s\u00e3o sempre tios-bisav\u00f3s dos Junqueiras contempor\u00e2neos), ia pelo menos cada dois ou tr\u00eas anos \u00e0 Europa e acampava no Hotel Regina, de Paris, como eles mesmo diziam de boca cheia. &#8220;(&#8230;) Dessa gente provinha o nosso Jo\u00e3o Francisco ou simplesmente tio Jo\u00e3o como \u00e9 citado quando se conta algumas das perip\u00e9cias singulares da sua vida. Tinha um aspecto meio rude, mas era esclarecido por uma vivacidade natural, pela experi\u00eancia pr\u00f3pria e at\u00e9 pelas viagens que fizera. &#8220;Quando \u00e0 sua primeira viagem, o navio desatracou em Santos, ele correu ao camarote e de l\u00e1 voltou envolvido num guarda-p\u00f3 de palha de seda&#8230; Alguns dias depois, ao ver sumir no horizonte a \u00faltima f\u00edmbria da terra brasileira, come\u00e7ou a ficar inquieto, aquele &#8216;chapad\u00e3o d&#8217;\u00e1gua&#8217; era mesmo de meter medo, martelando daquele jeito o casco do navio. Um dia, sentado junto \u00e0 amurada, o queixo sobre o bra\u00e7o apoiado no espaldar de uma cadeira, a\u00ed permaneceu longos minutos, quieto, a olhar as ondas um pouco revoltas. De repente. levantou a cabe\u00e7a e voltando para o filho que o acompanhava, comentou: \u00a0Fi\u00edco! se esta jo\u00e7a afunda, nem uma arvinha pr\u00e1 gente se agarrar..&#8221; &nbsp; 30 de julho de 2014 (078) mmsmarcos1953@hotmail.com<\/p>\n","protected":false},"author":1,"featured_media":0,"comment_status":"open","ping_status":"open","sticky":false,"template":"","format":"standard","meta":{"footnotes":""},"categories":[1],"tags":[],"class_list":["post-797","post","type-post","status-publish","format-standard","hentry","category-sem-categoria"],"_links":{"self":[{"href":"https:\/\/mapati.com.br\/blogmapati\/wp-json\/wp\/v2\/posts\/797","targetHints":{"allow":["GET"]}}],"collection":[{"href":"https:\/\/mapati.com.br\/blogmapati\/wp-json\/wp\/v2\/posts"}],"about":[{"href":"https:\/\/mapati.com.br\/blogmapati\/wp-json\/wp\/v2\/types\/post"}],"author":[{"embeddable":true,"href":"https:\/\/mapati.com.br\/blogmapati\/wp-json\/wp\/v2\/users\/1"}],"replies":[{"embeddable":true,"href":"https:\/\/mapati.com.br\/blogmapati\/wp-json\/wp\/v2\/comments?post=797"}],"version-history":[{"count":0,"href":"https:\/\/mapati.com.br\/blogmapati\/wp-json\/wp\/v2\/posts\/797\/revisions"}],"wp:attachment":[{"href":"https:\/\/mapati.com.br\/blogmapati\/wp-json\/wp\/v2\/media?parent=797"}],"wp:term":[{"taxonomy":"category","embeddable":true,"href":"https:\/\/mapati.com.br\/blogmapati\/wp-json\/wp\/v2\/categories?post=797"},{"taxonomy":"post_tag","embeddable":true,"href":"https:\/\/mapati.com.br\/blogmapati\/wp-json\/wp\/v2\/tags?post=797"}],"curies":[{"name":"wp","href":"https:\/\/api.w.org\/{rel}","templated":true}]}}