{"id":890,"date":"2015-12-25T01:54:46","date_gmt":"2015-12-25T01:54:46","guid":{"rendered":"http:\/\/mapati.com.br\/blog\/?p=890"},"modified":"2015-12-25T01:54:46","modified_gmt":"2015-12-25T01:54:46","slug":"890-2","status":"publish","type":"post","link":"https:\/\/mapati.com.br\/blogmapati\/890-2\/","title":{"rendered":"Mamy"},"content":{"rendered":"<p style=\"padding-left: 90px;\"><span style=\"font-family: 'trebuchet ms', geneva, sans-serif;\"><em>&#8220;Ca\u00eda uma tarde clara e o c\u00e9u estava azul na capital do Brasil. Quando desci da escada do avi\u00e3o eram 17:45 horas do dia 15 de novembro de 1991. Voc\u00ea n\u00e3o estava l\u00e1 como havia imaginado. Depois de tanto tempo, mais de uma d\u00e9cada e meia voltava a esta cidade do futuro. Pisei no ch\u00e3o do aeroporto e logo lembrei do tempo em que tudo ainda era eterno e nem t\u00e3o moderno para mim.<\/em><\/span><\/p>\n<p style=\"padding-left: 90px;\"><span style=\"font-family: 'trebuchet ms', geneva, sans-serif;\"><em>&#8220;No caminho, acomodada no t\u00e1xi, olhei mais uma vez o horizonte do planalto e mais uma vez a mesma paix\u00e3o total. S\u00f3 n\u00e3o eram os mesmos olhos de outrora. \u00c0 medida que ia entrando, percorrendo as largas avenidas, reconhecendo o ch\u00e3o vermelho, a vegeta\u00e7\u00e3o verde, as \u00e1rvores frondosas por entre pr\u00e9dios suntuosos e superquadras, descobria novamente uma beleza tranquila, funcional, mas t\u00e3o humana quanto uma mulher bem moderna e elegante, assim bela era Bras\u00edlia agora.<\/em><\/span><\/p>\n<p style=\"padding-left: 90px;\">\n<p style=\"padding-left: 90px;\"><span style=\"font-family: 'trebuchet ms', geneva, sans-serif;\"><em>&#8220;Entre este prazer e esta dor no fundo de minha alma antiga, remoendo passado em poucos segundos, todas as reminisc\u00eancias saltaram do meu cora\u00e7\u00e3o e os meus olhos arderam, minhas id\u00e9ias se transformavam em imensos invent\u00e1rios de minha passagem l\u00e1 em Bras\u00edlia em 1973 e agora em 1991. E a minha presen\u00e7a naquele instante era t\u00e3o intensa quanto era a tua total aus\u00eancia e ai, ai de mim que outrora fui feliz por um triz nessa cidade muito mais do futuro do que do passado, embora o futuro j\u00e1 \u00e9 agora e n\u00e3o \u00e9 \u00e0 toa que esse passado ressoa em n\u00f3s at\u00e9 hoje. Ausente e separado sempre foste de mim, mas nunca indiferente.<\/em><\/span><\/p>\n<figure id=\"attachment_891\" aria-describedby=\"caption-attachment-891\" style=\"width: 2011px\" class=\"wp-caption aligncenter\"><a href=\"http:\/\/2017.mapati.com.br\/wp-content\/uploads\/2015\/12\/sueprquadr_Junior-Arag\u00e3o.jpg\" rel=\"attachment wp-att-891\"><img fetchpriority=\"high\" decoding=\"async\" class=\"size-full wp-image-891\" src=\"http:\/\/2017.mapati.com.br\/wp-content\/uploads\/2015\/12\/sueprquadr_Junior-Arag\u00e3o.jpg\" alt=\"http:\/\/classconnection.s3.amazonaws.com\/618\/flashcards\/1220618\/jpg\/-0331337050754652.jpg\" width=\"2011\" height=\"1165\" srcset=\"https:\/\/mapati.com.br\/blogmapati\/wp-content\/uploads\/2015\/12\/sueprquadr_Junior-Arag\u00e3o.jpg 2011w, https:\/\/mapati.com.br\/blogmapati\/wp-content\/uploads\/2015\/12\/sueprquadr_Junior-Arag\u00e3o-300x174.jpg 300w, https:\/\/mapati.com.br\/blogmapati\/wp-content\/uploads\/2015\/12\/sueprquadr_Junior-Arag\u00e3o-768x445.jpg 768w, https:\/\/mapati.com.br\/blogmapati\/wp-content\/uploads\/2015\/12\/sueprquadr_Junior-Arag\u00e3o-1024x593.jpg 1024w, https:\/\/mapati.com.br\/blogmapati\/wp-content\/uploads\/2015\/12\/sueprquadr_Junior-Arag\u00e3o-200x116.jpg 200w, https:\/\/mapati.com.br\/blogmapati\/wp-content\/uploads\/2015\/12\/sueprquadr_Junior-Arag\u00e3o-400x232.jpg 400w, https:\/\/mapati.com.br\/blogmapati\/wp-content\/uploads\/2015\/12\/sueprquadr_Junior-Arag\u00e3o-600x348.jpg 600w, https:\/\/mapati.com.br\/blogmapati\/wp-content\/uploads\/2015\/12\/sueprquadr_Junior-Arag\u00e3o-800x463.jpg 800w, https:\/\/mapati.com.br\/blogmapati\/wp-content\/uploads\/2015\/12\/sueprquadr_Junior-Arag\u00e3o-1200x695.jpg 1200w\" sizes=\"(max-width: 2011px) 100vw, 2011px\" \/><\/a><figcaption id=\"caption-attachment-891\" class=\"wp-caption-text\"><span style=\"font-size: 8pt;\">http:\/\/classconnection.s3.amazonaws.com\/618\/flashcards\/1220618\/jpg\/-0331337050754652.jpg<\/span><\/figcaption><\/figure>\n<p style=\"padding-left: 90px;\"><em>\u00a0\u00a0\u00a0\u00a0\u00a0\u00a0\u00a0<span style=\"font-family: 'trebuchet ms', geneva, sans-serif;\">\u00a0\u00a0\u00a0\u00a0&#8220;Estava sentindo deliciosamente o cheiro de terra molhada com todo o prazer que este ato de cheirar a terra podia me dar e mais uma vez a minha outra parte me faltava, se ausentava de mim, ainda que simbolicamente estava presente porque v. circulava em algum ponto desse espa\u00e7o geogr\u00e1fico que eu acabava de pisar. Sabia que tu devias estar sentado ou dormindo, conversando ou calado. Mas estava vivo. Dentro de mim, (Ma&#8230;), estavas enterrado <u>vivo<\/u>. Tive medo, vontade de chorar. Queria te ver e te pegar e n\u00e3o podia. Estava meio vi\u00fava. Solit\u00e1ria. Cheia de tua aus\u00eancia!&#8221;<\/span><\/em><\/p>\n<p style=\"padding-left: 90px;\"><span style=\"font-family: 'trebuchet ms', geneva, sans-serif;\"><em>\u00a0<\/em><\/span><\/p>\n<p style=\"text-align: right;\">09 de setembro de 2015<\/p>\n<p style=\"text-align: right;\">(091)<\/p>\n<p style=\"text-align: right;\"><span style=\"color: #0000ff;\"><a style=\"color: #0000ff;\" href=\"mailto:mmsmarcos1953@hotmail.com\">mmsmarcos1953@hotmail.com<\/a><\/span><\/p>\n","protected":false},"excerpt":{"rendered":"<p>&#8220;Ca\u00eda uma tarde clara e o c\u00e9u estava azul na capital do Brasil. Quando desci da escada do avi\u00e3o eram 17:45 horas do dia 15 de novembro de 1991. Voc\u00ea n\u00e3o estava l\u00e1 como havia imaginado. Depois de tanto tempo, mais de uma d\u00e9cada e meia voltava a esta cidade do futuro. Pisei no ch\u00e3o do aeroporto e logo lembrei do tempo em que tudo ainda era eterno e nem t\u00e3o moderno para mim. &#8220;No caminho, acomodada no t\u00e1xi, olhei mais uma vez o horizonte do planalto e mais uma vez a mesma paix\u00e3o total. S\u00f3 n\u00e3o eram os mesmos olhos de outrora. \u00c0 medida que ia entrando, percorrendo as largas avenidas, reconhecendo o ch\u00e3o vermelho, a vegeta\u00e7\u00e3o verde, as \u00e1rvores frondosas por entre pr\u00e9dios suntuosos e superquadras, descobria novamente uma beleza tranquila, funcional, mas t\u00e3o humana quanto uma mulher bem moderna e elegante, assim bela era Bras\u00edlia agora. &#8220;Entre este prazer e esta dor no fundo de minha alma antiga, remoendo passado em poucos segundos, todas as reminisc\u00eancias saltaram do meu cora\u00e7\u00e3o e os meus olhos arderam, minhas id\u00e9ias se transformavam em imensos invent\u00e1rios de minha passagem l\u00e1 em Bras\u00edlia em 1973 e agora em 1991. E a minha presen\u00e7a naquele instante era t\u00e3o intensa quanto era a tua total aus\u00eancia e ai, ai de mim que outrora fui feliz por um triz nessa cidade muito mais do futuro do que do passado, embora o futuro j\u00e1 \u00e9 agora e n\u00e3o \u00e9 \u00e0 toa que esse passado ressoa em n\u00f3s at\u00e9 hoje. Ausente e separado sempre foste de mim, mas nunca indiferente. \u00a0\u00a0\u00a0\u00a0\u00a0\u00a0\u00a0\u00a0\u00a0\u00a0\u00a0&#8220;Estava sentindo deliciosamente o cheiro de terra molhada com todo o prazer que este ato de cheirar a terra podia me dar e mais uma vez a minha outra parte me faltava, se ausentava de mim, ainda que simbolicamente estava presente porque v. circulava em algum ponto desse espa\u00e7o geogr\u00e1fico que eu acabava de pisar. Sabia que tu devias estar sentado ou dormindo, conversando ou calado. Mas estava vivo. Dentro de mim, (Ma&#8230;), estavas enterrado vivo. Tive medo, vontade de chorar. Queria te ver e te pegar e n\u00e3o podia. Estava meio vi\u00fava. Solit\u00e1ria. Cheia de tua aus\u00eancia!&#8221; \u00a0 09 de setembro de 2015 (091) mmsmarcos1953@hotmail.com<\/p>\n","protected":false},"author":1,"featured_media":0,"comment_status":"open","ping_status":"open","sticky":false,"template":"","format":"standard","meta":{"footnotes":""},"categories":[1],"tags":[],"class_list":["post-890","post","type-post","status-publish","format-standard","hentry","category-sem-categoria"],"_links":{"self":[{"href":"https:\/\/mapati.com.br\/blogmapati\/wp-json\/wp\/v2\/posts\/890","targetHints":{"allow":["GET"]}}],"collection":[{"href":"https:\/\/mapati.com.br\/blogmapati\/wp-json\/wp\/v2\/posts"}],"about":[{"href":"https:\/\/mapati.com.br\/blogmapati\/wp-json\/wp\/v2\/types\/post"}],"author":[{"embeddable":true,"href":"https:\/\/mapati.com.br\/blogmapati\/wp-json\/wp\/v2\/users\/1"}],"replies":[{"embeddable":true,"href":"https:\/\/mapati.com.br\/blogmapati\/wp-json\/wp\/v2\/comments?post=890"}],"version-history":[{"count":0,"href":"https:\/\/mapati.com.br\/blogmapati\/wp-json\/wp\/v2\/posts\/890\/revisions"}],"wp:attachment":[{"href":"https:\/\/mapati.com.br\/blogmapati\/wp-json\/wp\/v2\/media?parent=890"}],"wp:term":[{"taxonomy":"category","embeddable":true,"href":"https:\/\/mapati.com.br\/blogmapati\/wp-json\/wp\/v2\/categories?post=890"},{"taxonomy":"post_tag","embeddable":true,"href":"https:\/\/mapati.com.br\/blogmapati\/wp-json\/wp\/v2\/tags?post=890"}],"curies":[{"name":"wp","href":"https:\/\/api.w.org\/{rel}","templated":true}]}}