{"id":902,"date":"2015-12-25T04:26:08","date_gmt":"2015-12-25T04:26:08","guid":{"rendered":"http:\/\/mapati.com.br\/blog\/?p=902"},"modified":"2015-12-25T04:26:08","modified_gmt":"2015-12-25T04:26:08","slug":"quem-cuidara-de-nossos-pais","status":"publish","type":"post","link":"https:\/\/mapati.com.br\/blogmapati\/quem-cuidara-de-nossos-pais\/","title":{"rendered":"Quem cuidar\u00e1 de nossos pais?"},"content":{"rendered":"<p>Vimos agora, numa reportagem da \u00faltima Veja (n\u00e3o esque\u00e7o a sutil alfinetada que a revista levou no filma\u00e7o O Som ao redor), que as fam\u00edlias suecas n\u00e3o se ocupam de forma direta dos parentes mais idosos. A tarefa, o encargo, a incumb\u00eancia s\u00e3o atribu\u00eddos ao Estado, alimentado por gordos impostos e n\u00e3o menos magras taxas de custeio, recolhidos de toda a popula\u00e7\u00e3o. Minha irm\u00e3 Norma, a poeta carioca desgarrada, casada que foi com um sueco durante mais de dez anos, sabe disso, sabe que a turma escandinava, lourinha ou n\u00e3o, da terceira, quarta ou quinta idade \u00e9 &#8220;entregue&#8221; para zelosos servidores p\u00fablicos&#8221;tomarem de conta&#8221;.<\/p>\n<p>Isso suscitou lembran\u00e7as (aqui, neste blog, quase tudo \u00e9 permeado de lembran\u00e7as). Meu irm\u00e3o ca\u00e7ula, Joel, me deu ou me emprestou um livro (quem devolve livros tomados por empr\u00e9stimo?) cujo t\u00edtulo \u00e9 &#8220;Quem vai cuidar dos nossos pais?&#8221;, tendo como subt\u00edtulo &#8220;A invers\u00e3o de pap\u00e9is quando a idade avan\u00e7a&#8221;. A autora, Marleth Silva, \u00e9 uma jornalista que mora (moraria ainda?) em Curitiba, de onde costuma vir coisa muito boa da literatura (n\u00e3o vale citar Dalton Trevisan. \u00c9 covardia), da m\u00fasica, do cinema, do teatro (o j\u00e1 c\u00e9lebre festival anual realizado no m\u00eas de mar\u00e7o), das artes em geral.<\/p>\n<figure id=\"attachment_903\" aria-describedby=\"caption-attachment-903\" style=\"width: 480px\" class=\"wp-caption aligncenter\"><a href=\"http:\/\/2017.mapati.com.br\/wp-content\/uploads\/2015\/12\/quemvaicuidarnossospais.jpg\" rel=\"attachment wp-att-903\"><img fetchpriority=\"high\" decoding=\"async\" class=\"size-full wp-image-903\" src=\"http:\/\/2017.mapati.com.br\/wp-content\/uploads\/2015\/12\/quemvaicuidarnossospais.jpg\" alt=\"http:\/\/www.ceu.com.br\/quem-vai-cuidar-dos-nossos-pais.html\" width=\"480\" height=\"480\" \/><\/a><figcaption id=\"caption-attachment-903\" class=\"wp-caption-text\"><span style=\"font-size: 8pt;\">http:\/\/www.ceu.com.br\/quem-vai-cuidar-dos-nossos-pais.html<\/span><\/figcaption><\/figure>\n<p>Trata-se de depoimentos de filhos e filhas que, por conting\u00eancias da vida, assumiram papel de cuidadores do pai ou da m\u00e3e, \u00e0s vezes dos dois, conjuntamente. Escrito h\u00e1 cerca de dez anos, prov\u00e1vel \u00e9 que todos os idosos e idosas ali referidos j\u00e1 possam ter embarcado.<\/p>\n<p>Nas fam\u00edlias brasileiras em geral, ningu\u00e9m se prepara ou estuda para se investir nessa fun\u00e7\u00e3o. Comumente, os velhotes e as velhotas ficam no banco de reservas (n\u00e3o poucos, at\u00e9 a hora da viagem transcendental) aguardando o momento em que os filhos ou as filhas tornar-se-\u00e3o t\u00e9cnico de maneira a escalar os pais para o jogo jogado, para entrar em campo \u2013 melhor seria dizer &#8220;sair de campo&#8221; pois n\u00e3o mais existe f\u00f4lego algum para adentrar as quatro linhas.<\/p>\n<p>Vou-me concentrar em boa parte das ep\u00edgrafes e em alguns trechos dos comoventes registros espalhados pela obra da curitibana, pulando aquele no qual se declara que n\u00f3s passamos a ser a bola da vez quando o pai e a m\u00e3e j\u00e1 foram embora (como \u00e9 o caso do meu pai, em 2004, e da minha m\u00e3e, em 2013.\u00a0Saudades)<\/p>\n<p>No entanto, farei antes um mix\u00a0 transpondo declara\u00e7\u00e3o de Graziela Vianni, psic\u00f3loga cl\u00ednica, em mat\u00e9ria (&#8220;Quando a arte supera a idade&#8221;) publicada, em 05.09.2014, no Caderno Cidades do Correio Braziliense: &#8220;A fam\u00edlia tem um papel importante no processo de restrutura\u00e7\u00e3o do pensamento e na forma como o idoso enxergar\u00e1 a terceira idade. O filho deve suavizar a culpa dos pais e promover a reorganiza\u00e7\u00e3o do estilo de viv\u00eancia. Se os filhos derem aten\u00e7\u00e3o, n\u00e3o ficarem culpando os genitores pelos pr\u00f3prios fracassos e forem compreensivos, ajudar\u00e3o muito. Eu tenho uma frase que \u00e9 a seguinte: &#8216;Os pais s\u00e3o os culpados que n\u00e3o t\u00eam culpa&#8217;.&#8221;<\/p>\n<p><a href=\"http:\/\/2017.mapati.com.br\/wp-content\/uploads\/2015\/12\/quemvaicuidarnossospais2.jpg\" rel=\"attachment wp-att-905\"><img decoding=\"async\" class=\"wp-image-905 aligncenter\" src=\"http:\/\/2017.mapati.com.br\/wp-content\/uploads\/2015\/12\/quemvaicuidarnossospais2.jpg\" alt=\"quemvaicuidarnossospais2\" width=\"536\" height=\"356\" srcset=\"https:\/\/mapati.com.br\/blogmapati\/wp-content\/uploads\/2015\/12\/quemvaicuidarnossospais2.jpg 720w, https:\/\/mapati.com.br\/blogmapati\/wp-content\/uploads\/2015\/12\/quemvaicuidarnossospais2-300x199.jpg 300w, https:\/\/mapati.com.br\/blogmapati\/wp-content\/uploads\/2015\/12\/quemvaicuidarnossospais2-200x133.jpg 200w, https:\/\/mapati.com.br\/blogmapati\/wp-content\/uploads\/2015\/12\/quemvaicuidarnossospais2-400x266.jpg 400w, https:\/\/mapati.com.br\/blogmapati\/wp-content\/uploads\/2015\/12\/quemvaicuidarnossospais2-600x398.jpg 600w\" sizes=\"(max-width: 536px) 100vw, 536px\" \/><\/a><\/p>\n<p>&nbsp;<\/p>\n<p style=\"text-align: right;\">16 de setembro de 2014<\/p>\n<p style=\"text-align: right;\">(094)<\/p>\n<p style=\"text-align: right;\"><span style=\"color: #0000ff;\"><a style=\"color: #0000ff;\" href=\"mailto:mmsmarcos1953@hotmail.com\">mmsmarcos1953@hotmail.com<\/a>\u00a0<\/span><\/p>\n","protected":false},"excerpt":{"rendered":"<p>Vimos agora, numa reportagem da \u00faltima Veja (n\u00e3o esque\u00e7o a sutil alfinetada que a revista levou no filma\u00e7o O Som ao redor), que as fam\u00edlias suecas n\u00e3o se ocupam de forma direta dos parentes mais idosos. A tarefa, o encargo, a incumb\u00eancia s\u00e3o atribu\u00eddos ao Estado, alimentado por gordos impostos e n\u00e3o menos magras taxas de custeio, recolhidos de toda a popula\u00e7\u00e3o. Minha irm\u00e3 Norma, a poeta carioca desgarrada, casada que foi com um sueco durante mais de dez anos, sabe disso, sabe que a turma escandinava, lourinha ou n\u00e3o, da terceira, quarta ou quinta idade \u00e9 &#8220;entregue&#8221; para zelosos servidores p\u00fablicos&#8221;tomarem de conta&#8221;. Isso suscitou lembran\u00e7as (aqui, neste blog, quase tudo \u00e9 permeado de lembran\u00e7as). Meu irm\u00e3o ca\u00e7ula, Joel, me deu ou me emprestou um livro (quem devolve livros tomados por empr\u00e9stimo?) cujo t\u00edtulo \u00e9 &#8220;Quem vai cuidar dos nossos pais?&#8221;, tendo como subt\u00edtulo &#8220;A invers\u00e3o de pap\u00e9is quando a idade avan\u00e7a&#8221;. A autora, Marleth Silva, \u00e9 uma jornalista que mora (moraria ainda?) em Curitiba, de onde costuma vir coisa muito boa da literatura (n\u00e3o vale citar Dalton Trevisan. \u00c9 covardia), da m\u00fasica, do cinema, do teatro (o j\u00e1 c\u00e9lebre festival anual realizado no m\u00eas de mar\u00e7o), das artes em geral. Trata-se de depoimentos de filhos e filhas que, por conting\u00eancias da vida, assumiram papel de cuidadores do pai ou da m\u00e3e, \u00e0s vezes dos dois, conjuntamente. Escrito h\u00e1 cerca de dez anos, prov\u00e1vel \u00e9 que todos os idosos e idosas ali referidos j\u00e1 possam ter embarcado. Nas fam\u00edlias brasileiras em geral, ningu\u00e9m se prepara ou estuda para se investir nessa fun\u00e7\u00e3o. Comumente, os velhotes e as velhotas ficam no banco de reservas (n\u00e3o poucos, at\u00e9 a hora da viagem transcendental) aguardando o momento em que os filhos ou as filhas tornar-se-\u00e3o t\u00e9cnico de maneira a escalar os pais para o jogo jogado, para entrar em campo \u2013 melhor seria dizer &#8220;sair de campo&#8221; pois n\u00e3o mais existe f\u00f4lego algum para adentrar as quatro linhas. Vou-me concentrar em boa parte das ep\u00edgrafes e em alguns trechos dos comoventes registros espalhados pela obra da curitibana, pulando aquele no qual se declara que n\u00f3s passamos a ser a bola da vez quando o pai e a m\u00e3e j\u00e1 foram embora (como \u00e9 o caso do meu pai, em 2004, e da minha m\u00e3e, em 2013.\u00a0Saudades) No entanto, farei antes um mix\u00a0 transpondo declara\u00e7\u00e3o de Graziela Vianni, psic\u00f3loga cl\u00ednica, em mat\u00e9ria (&#8220;Quando a arte supera a idade&#8221;) publicada, em 05.09.2014, no Caderno Cidades do Correio Braziliense: &#8220;A fam\u00edlia tem um papel importante no processo de restrutura\u00e7\u00e3o do pensamento e na forma como o idoso enxergar\u00e1 a terceira idade. O filho deve suavizar a culpa dos pais e promover a reorganiza\u00e7\u00e3o do estilo de viv\u00eancia. Se os filhos derem aten\u00e7\u00e3o, n\u00e3o ficarem culpando os genitores pelos pr\u00f3prios fracassos e forem compreensivos, ajudar\u00e3o muito. Eu tenho uma frase que \u00e9 a seguinte: &#8216;Os pais s\u00e3o os culpados que n\u00e3o t\u00eam culpa&#8217;.&#8221; &nbsp; 16 de setembro de 2014 (094) mmsmarcos1953@hotmail.com\u00a0<\/p>\n","protected":false},"author":1,"featured_media":0,"comment_status":"open","ping_status":"open","sticky":false,"template":"","format":"standard","meta":{"footnotes":""},"categories":[1],"tags":[],"class_list":["post-902","post","type-post","status-publish","format-standard","hentry","category-sem-categoria"],"_links":{"self":[{"href":"https:\/\/mapati.com.br\/blogmapati\/wp-json\/wp\/v2\/posts\/902","targetHints":{"allow":["GET"]}}],"collection":[{"href":"https:\/\/mapati.com.br\/blogmapati\/wp-json\/wp\/v2\/posts"}],"about":[{"href":"https:\/\/mapati.com.br\/blogmapati\/wp-json\/wp\/v2\/types\/post"}],"author":[{"embeddable":true,"href":"https:\/\/mapati.com.br\/blogmapati\/wp-json\/wp\/v2\/users\/1"}],"replies":[{"embeddable":true,"href":"https:\/\/mapati.com.br\/blogmapati\/wp-json\/wp\/v2\/comments?post=902"}],"version-history":[{"count":0,"href":"https:\/\/mapati.com.br\/blogmapati\/wp-json\/wp\/v2\/posts\/902\/revisions"}],"wp:attachment":[{"href":"https:\/\/mapati.com.br\/blogmapati\/wp-json\/wp\/v2\/media?parent=902"}],"wp:term":[{"taxonomy":"category","embeddable":true,"href":"https:\/\/mapati.com.br\/blogmapati\/wp-json\/wp\/v2\/categories?post=902"},{"taxonomy":"post_tag","embeddable":true,"href":"https:\/\/mapati.com.br\/blogmapati\/wp-json\/wp\/v2\/tags?post=902"}],"curies":[{"name":"wp","href":"https:\/\/api.w.org\/{rel}","templated":true}]}}