{"id":936,"date":"2015-12-25T04:20:45","date_gmt":"2015-12-25T04:20:45","guid":{"rendered":"http:\/\/mapati.com.br\/blog\/?p=936"},"modified":"2015-12-25T04:20:45","modified_gmt":"2015-12-25T04:20:45","slug":"quem-cuidara-de-nossos-pais-ii","status":"publish","type":"post","link":"https:\/\/mapati.com.br\/blogmapati\/quem-cuidara-de-nossos-pais-ii\/","title":{"rendered":"Quem cuidar\u00e1 de nossos pais? (II)"},"content":{"rendered":"<p>Meus personagens principais deste t\u00f3pico s\u00e3o os cuidadores e cuidadoras n\u00e3o profissionais. Trata-se de filhos, preocupad\u00edssimos e dedicad\u00edssimos em sua maioria, que n\u00e3o largam sob nenhum pretexto os seus \u201cpacientes\u201d, os pais e ou as m\u00e3es atingidos por doen\u00e7as degenerativas e incapacitantes.<\/p>\n<p>Num paralelo, n\u00e3o pretendo largar tais postagens enquanto eu n\u00e3o puder exaurir antes o sumo do livro da Marleth Silva, que, por consequ\u00eancia, pode me chamar \u00e0s falas, me notificar ou at\u00e9 mesmo, hip\u00f3tese mais dr\u00e1stica, me processar. Pensando melhor, acredito que a Marleth ser\u00e1 magn\u00e2nima, n\u00e3o se importar\u00e1 com minhas transcri\u00e7\u00f5es.<\/p>\n<figure id=\"attachment_937\" aria-describedby=\"caption-attachment-937\" style=\"width: 857px\" class=\"wp-caption aligncenter\"><a href=\"http:\/\/2017.mapati.com.br\/wp-content\/uploads\/2015\/12\/quemvaicuidarnossospais3.jpg\" rel=\"attachment wp-att-937\"><img fetchpriority=\"high\" decoding=\"async\" class=\"size-full wp-image-937\" src=\"http:\/\/2017.mapati.com.br\/wp-content\/uploads\/2015\/12\/quemvaicuidarnossospais3.jpg\" alt=\"http:\/\/virtualmarketingpro.com\/blog\/rochafigueiredo\/wp-content\/uploads\/sites\/793\/2014\/10\/Alzheimers-Disease-thinkstock-181156970-617x416.jpg\" width=\"857\" height=\"578\" srcset=\"https:\/\/mapati.com.br\/blogmapati\/wp-content\/uploads\/2015\/12\/quemvaicuidarnossospais3.jpg 857w, https:\/\/mapati.com.br\/blogmapati\/wp-content\/uploads\/2015\/12\/quemvaicuidarnossospais3-300x202.jpg 300w, https:\/\/mapati.com.br\/blogmapati\/wp-content\/uploads\/2015\/12\/quemvaicuidarnossospais3-768x518.jpg 768w, https:\/\/mapati.com.br\/blogmapati\/wp-content\/uploads\/2015\/12\/quemvaicuidarnossospais3-200x135.jpg 200w, https:\/\/mapati.com.br\/blogmapati\/wp-content\/uploads\/2015\/12\/quemvaicuidarnossospais3-400x270.jpg 400w, https:\/\/mapati.com.br\/blogmapati\/wp-content\/uploads\/2015\/12\/quemvaicuidarnossospais3-600x405.jpg 600w, https:\/\/mapati.com.br\/blogmapati\/wp-content\/uploads\/2015\/12\/quemvaicuidarnossospais3-800x540.jpg 800w\" sizes=\"(max-width: 857px) 100vw, 857px\" \/><\/a><figcaption id=\"caption-attachment-937\" class=\"wp-caption-text\">http:\/\/virtualmarketingpro.com\/blog\/rochafigueiredo\/wp-content\/uploads\/sites\/793\/2014\/10\/Alzheimers-Disease-thinkstock-181156970-617&#215;416.jpg<\/figcaption><\/figure>\n<p>As quais, por quest\u00f5es de l\u00f3gica, come\u00e7am pelo pref\u00e1cio, sob o t\u00edtulo <em>Por que falar desse assunto<\/em>:<\/p>\n<p style=\"padding-left: 90px;\"><span style=\"font-family: 'trebuchet ms', geneva, sans-serif;\"><em>\u201cEu estava viajando, em f\u00e9rias, e pernoitei em uma pousada \u00e0 beira da estrada. A ins\u00f4nia me fez passar horas pensando, enquanto esperava o tempo passar ou o sono chegar. N\u00e3o lembro em que eu pensava, nem de como a id\u00e9ia me veio \u00e0 cabe\u00e7a. Mas me recordo de que foi ali que decidi escrever um livro sobre filhos que cuidam de seus pais idosos.<\/em><\/span><\/p>\n<p style=\"padding-left: 90px;\"><span style=\"font-family: 'trebuchet ms', geneva, sans-serif;\"><em>\u201cDuas ou tr\u00eas semanas depois, de volta ao Brasil, meus irm\u00e3os e eu fomos informados pelo m\u00e9dico de que minha m\u00e3e provavelmente tinha Alzheimer. Quem me trouxe a not\u00edcia foi uma das minhas irm\u00e3s, pelo telefone. Chorei de tristeza, mesmo sem saber ao certo o que Alzheimer significava &#8211;\u00a0 o que eu sabia com certeza \u00e9 que era algo grave e ruim. Isso foi h\u00e1 seis anos. Hoje, qualquer pessoa com acesso \u00e0 imprensa sabe que Alzheimer \u00e9 uma doen\u00e7a progressiva que atinge principalmente idosos.<\/em><\/span><\/p>\n<p style=\"padding-left: 90px;\"><span style=\"font-family: 'trebuchet ms', geneva, sans-serif;\"><em>\u201cNos anos seguintes, me deparei constantemente com pessoas que precisavam ler o livro que eu queria escrever. Eram filhos dedicados, enfrentando rotinas dur\u00edssimas para ajudar o pai ou a m\u00e3e que se tornou dependente por causa de uma doen\u00e7a ou simplesmente por causa do envelhecimento do corpo. Esses filhos contavam, embara\u00e7ados, que \u00e0s vezes tinham raiva daquela situa\u00e7\u00e3o; que achavam que precisam se dedicar mais aos pais; que n\u00e3o tinham mais tempo para cuidar de suas pr\u00f3prias vidas e achavam isso triste, mas natural. Afinal, tinham uma miss\u00e3o maior, \u00e0 qual se dedicavam como a uma causa sagrada: ajudar a viver quem lhes deu vida (&#8230;).\u201d <\/em><\/span><\/p>\n<p style=\"text-align: right;\">10 de novembro de 2014<\/p>\n<p style=\"text-align: right;\">(102)<\/p>\n<p style=\"text-align: right;\"><span style=\"color: #0000ff;\"><a style=\"color: #0000ff;\" href=\"mailto:mmsmarcos1953@hotmail.com\">mmsmarcos1953@hotmail.com<\/a><\/span><\/p>\n<p>&nbsp;<\/p>\n","protected":false},"excerpt":{"rendered":"<p>Meus personagens principais deste t\u00f3pico s\u00e3o os cuidadores e cuidadoras n\u00e3o profissionais. Trata-se de filhos, preocupad\u00edssimos e dedicad\u00edssimos em sua maioria, que n\u00e3o largam sob nenhum pretexto os seus \u201cpacientes\u201d, os pais e ou as m\u00e3es atingidos por doen\u00e7as degenerativas e incapacitantes. Num paralelo, n\u00e3o pretendo largar tais postagens enquanto eu n\u00e3o puder exaurir antes o sumo do livro da Marleth Silva, que, por consequ\u00eancia, pode me chamar \u00e0s falas, me notificar ou at\u00e9 mesmo, hip\u00f3tese mais dr\u00e1stica, me processar. Pensando melhor, acredito que a Marleth ser\u00e1 magn\u00e2nima, n\u00e3o se importar\u00e1 com minhas transcri\u00e7\u00f5es. As quais, por quest\u00f5es de l\u00f3gica, come\u00e7am pelo pref\u00e1cio, sob o t\u00edtulo Por que falar desse assunto: \u201cEu estava viajando, em f\u00e9rias, e pernoitei em uma pousada \u00e0 beira da estrada. A ins\u00f4nia me fez passar horas pensando, enquanto esperava o tempo passar ou o sono chegar. N\u00e3o lembro em que eu pensava, nem de como a id\u00e9ia me veio \u00e0 cabe\u00e7a. Mas me recordo de que foi ali que decidi escrever um livro sobre filhos que cuidam de seus pais idosos. \u201cDuas ou tr\u00eas semanas depois, de volta ao Brasil, meus irm\u00e3os e eu fomos informados pelo m\u00e9dico de que minha m\u00e3e provavelmente tinha Alzheimer. Quem me trouxe a not\u00edcia foi uma das minhas irm\u00e3s, pelo telefone. Chorei de tristeza, mesmo sem saber ao certo o que Alzheimer significava &#8211;\u00a0 o que eu sabia com certeza \u00e9 que era algo grave e ruim. Isso foi h\u00e1 seis anos. Hoje, qualquer pessoa com acesso \u00e0 imprensa sabe que Alzheimer \u00e9 uma doen\u00e7a progressiva que atinge principalmente idosos. \u201cNos anos seguintes, me deparei constantemente com pessoas que precisavam ler o livro que eu queria escrever. Eram filhos dedicados, enfrentando rotinas dur\u00edssimas para ajudar o pai ou a m\u00e3e que se tornou dependente por causa de uma doen\u00e7a ou simplesmente por causa do envelhecimento do corpo. Esses filhos contavam, embara\u00e7ados, que \u00e0s vezes tinham raiva daquela situa\u00e7\u00e3o; que achavam que precisam se dedicar mais aos pais; que n\u00e3o tinham mais tempo para cuidar de suas pr\u00f3prias vidas e achavam isso triste, mas natural. Afinal, tinham uma miss\u00e3o maior, \u00e0 qual se dedicavam como a uma causa sagrada: ajudar a viver quem lhes deu vida (&#8230;).\u201d 10 de novembro de 2014 (102) mmsmarcos1953@hotmail.com &nbsp;<\/p>\n","protected":false},"author":1,"featured_media":0,"comment_status":"open","ping_status":"open","sticky":false,"template":"","format":"standard","meta":{"footnotes":""},"categories":[1],"tags":[],"class_list":["post-936","post","type-post","status-publish","format-standard","hentry","category-sem-categoria"],"_links":{"self":[{"href":"https:\/\/mapati.com.br\/blogmapati\/wp-json\/wp\/v2\/posts\/936","targetHints":{"allow":["GET"]}}],"collection":[{"href":"https:\/\/mapati.com.br\/blogmapati\/wp-json\/wp\/v2\/posts"}],"about":[{"href":"https:\/\/mapati.com.br\/blogmapati\/wp-json\/wp\/v2\/types\/post"}],"author":[{"embeddable":true,"href":"https:\/\/mapati.com.br\/blogmapati\/wp-json\/wp\/v2\/users\/1"}],"replies":[{"embeddable":true,"href":"https:\/\/mapati.com.br\/blogmapati\/wp-json\/wp\/v2\/comments?post=936"}],"version-history":[{"count":0,"href":"https:\/\/mapati.com.br\/blogmapati\/wp-json\/wp\/v2\/posts\/936\/revisions"}],"wp:attachment":[{"href":"https:\/\/mapati.com.br\/blogmapati\/wp-json\/wp\/v2\/media?parent=936"}],"wp:term":[{"taxonomy":"category","embeddable":true,"href":"https:\/\/mapati.com.br\/blogmapati\/wp-json\/wp\/v2\/categories?post=936"},{"taxonomy":"post_tag","embeddable":true,"href":"https:\/\/mapati.com.br\/blogmapati\/wp-json\/wp\/v2\/tags?post=936"}],"curies":[{"name":"wp","href":"https:\/\/api.w.org\/{rel}","templated":true}]}}